{"id":430518,"date":"2025-10-01T06:58:16","date_gmt":"2025-10-01T06:58:16","guid":{"rendered":"https:\/\/www.europesays.com\/fr\/430518\/"},"modified":"2025-10-01T06:58:16","modified_gmt":"2025-10-01T06:58:16","slug":"les-ecologistes-de-louviers-applaudissent-le-premier-train-rouen-evreux-via-serquigny","status":"publish","type":"post","link":"https:\/\/www.europesays.com\/fr\/430518\/","title":{"rendered":"Les \u00c9cologistes de Louviers applaudissent le premier train Rouen-Evreux&#8230; via Serquigny"},"content":{"rendered":"<p>            Par<br \/>\n        <strong><br \/>\n            <a href=\"https:\/\/actu.fr\/auteur\/beatrice-cherry-pellat\" title=\"Consulter tous les articles de B\u00e9atrice Cherry-Pellat\" rel=\"nofollow noopener\" target=\"_blank\">B\u00e9atrice Cherry-Pellat<\/a><br \/>\n        <\/strong><\/p>\n<p>        Publi\u00e9 le<\/p>\n<p>            1 oct. 2025 \u00e0 7h06        <\/p>\n<p>C\u2019est une premi\u00e8re qui donne de l\u2019espoir aux d\u00e9fenseurs du train.<\/p>\n<p class=\" wall-content\">Partis \u00e0 v\u00e9lo du parvis de l\u2019\u00e9glise de <a href=\"https:\/\/actu.fr\/normandie\/louviers_27375\" rel=\"nofollow noopener\" target=\"_blank\">Louviers <\/a>(Eure) samedi matin \u00e0 10h20, quatre membres de l\u2019<b>association lov\u00e9rienne La Petite Cyclote<\/b> sont arriv\u00e9s \u00e0 la gare d\u2019\u00c9vreux \u00e0 midi afin d\u2019accueillir<a href=\"https:\/\/actu.fr\/normandie\/evreux_27229\/evreux-rouen-en-train-cest-possible-2_63232807.html\" rel=\"nofollow noopener\" target=\"_blank\"> le premier train en provenance de <b>Rouen<\/b>.<\/a><\/p>\n<p class=\" wall-content\">Une initiative lanc\u00e9e par plusieurs associations (Brionne \u00c9co Mobilit\u00e9s, Effet de Serre Toi-M\u00eame, CCTES 27, La Petite Cyclote, TransFerModal, \u00c9vreux Nature Environnement) qui r\u00e9clament la r\u00e9ouverture de la ligne entre Evreux et Rouen. L\u2019enjeu, rappellent-elles, est \u00e0 la fois \u00e9cologique et social : offrir une v\u00e9ritable <b>alternative \u00e0 la voiture<\/b> et <b>r\u00e9duire les \u00e9missions de gaz \u00e0 effet de serre<\/b>.<\/p>\n<p>    <img   decoding=\"async\" loading=\"lazy\" class=\"size-large\" src=\"https:\/\/www.europesays.com\/fr\/wp-content\/uploads\/2025\/10\/668d1beb3ad866a8d1beb3ad86e8d1v-960x640.jpg\" alt=\"Train Rouen Evreux\" width=\"960\" height=\"640\"\/><br \/>\n    Un affichage historique. \u00a9B\u00e9atrice Cherry-Pellat3000 voyageurs entre Louviers et Evreux<\/p>\n<p class=\" wall-content\">Certes, le trajet propos\u00e9 passait par <b>Serquigny <\/b>\u2013 gare situ\u00e9e \u00e0 la jonction des <b>deux lignes de train Rouen-Caen<\/b> et <b>Evreux-Paris<\/b> \u2013 et non Louviers : \u00ab C\u2019est une initiative que l\u2019on d\u00e9fend m\u00eame si le trajet est beaucoup plus long que celui qui passe par Louviers \u00bb, assure Alexis Fraisse, le pr\u00e9sident de La Petite cyclote qui aimerait voir la<b> liaison ferroviaire entre Louviers et Evreux<\/b> \u00e0 nouveau en fonctionnement.<\/p>\n<p>Vid\u00e9os : en ce moment sur Actu<\/p>\n<p class=\" wall-content\">Si le projet de liaison entre Louviers et Rouen verra le jour en 2030, celui concernant les deux villes euroises est jug\u00e9 \u00ab trop co\u00fbteux \u00bb pour la R\u00e9gion. Pourtant, selon les \u00e9tudes \u00ab la liaison entre Evreux et Louviers concernerait 3000 voyageurs par jour \u00bb, ajoute Alexis Fraisse.<\/p>\n<p class=\" wall-content\">L\u2019association insiste : l\u2019exemple de la <b>ligne Montr\u00e9jeau-Luchon<\/b> (en Occitanie), rouverte en juin dernier, prouve que la remise en service est techniquement et financi\u00e8rement possible. Une proposition a m\u00eame \u00e9t\u00e9 faite : r\u00e9affecter une partie des cr\u00e9dits pr\u00e9vus pour<b> les autoroutes A133-A134<\/b>, dit \u00ab contournement est de Rouen \u00bb, soit 205\u00a0M\u20ac, pour la r\u00e9habilitation de la<b> ligne ferroviaire qui passe par la vall\u00e9e de l\u2019Iton.<\/b><b\/><\/p>\n<p>Votre r\u00e9gion, votre actu !<\/p>\n<p>Recevez chaque jour les infos qui comptent pour vous.<\/p>\n<p>\t<a href=\"https:\/\/actu.fr\/newsletter\" class=\"ac-btn ac-btn--corner ac-btn--medium ac-btn--blue800\" rel=\"nofollow noopener\" target=\"_blank\">S&rsquo;incrire<\/a><\/p>\n<p>    <img   decoding=\"async\" loading=\"lazy\" class=\"size-large\" src=\"https:\/\/www.europesays.com\/fr\/wp-content\/uploads\/2025\/10\/00fa68fb9ad8614fa68fb9ad808fa6v-960x640.jpg\" alt=\"train Rouen Evreux\" width=\"960\" height=\"640\"\/><br \/>\n    La\u00ebtitia Sanchez et Xavier Braud, \u00e0 la descente du train. \u00a9B\u00e9atrice Cherry-PellatDeux itin\u00e9raires compl\u00e9mentaires<\/p>\n<p class=\" wall-content\">\u00c0 12h51, \u00e0 l\u2019arriv\u00e9e du train, les quatre militants \u00e9taient sur le quai de la gare pour accueillir les premiers passagers \u00e0 leur descente. Parmi eux, <b>La\u00ebtitia Sanchez, pr\u00e9sidente du groupe \u00e9cologiste \u00e0 la R\u00e9gion et maire de Saint-Pierre-du-Vauvray <\/b>: \u00ab Je salue cette initiative de relier Rouen \u00e0 \u00c9vreux. Ce trajet via Serquigny est une offre compl\u00e9mentaire \u00e0 celle de la liaison entre Rouen et \u00c9vreux par Louviers \u00bb.<\/p>\n<p class=\" wall-content\">\u00c0 ses c\u00f4t\u00e9s, Xavier Braud, le pr\u00e9sident de l\u2019association Brionne Eco Mobilit\u00e9s, pr\u00e9cise que \u00ab ces deux itin\u00e9raires ont des vocations diff\u00e9rentes \u00bb : si le Rouen-Evreux via Louviers permettrait de relier rapidement <b>les deux pr\u00e9fectures de la Haute-Normandie<\/b>, l\u2019autre ligne par Serquigny a l\u2019avantage de desservir des petites communes isol\u00e9es.<\/p>\n<p class=\" wall-content\">Personnalisez votre actualit\u00e9 en ajoutant vos villes et m\u00e9dias en favori avec <a href=\"https:\/\/moncompte.actu.fr\" title=\"D\u00e9couvez Mon Actu\" rel=\"nofollow noopener\" data-trk=\"{&quot;cta&quot;:{&quot;action&quot;:&quot;https:\\\/\\\/moncompte.actu.fr&quot;,&quot;category&quot;:&quot;mon compte&quot;,&quot;from&quot;:&quot;article footer&quot;,&quot;name&quot;:&quot;Mon actu&quot;,&quot;type&quot;:&quot;cta&quot;}}\" target=\"_blank\">Mon Actu<\/a>.<\/p>\n","protected":false},"excerpt":{"rendered":"Par B\u00e9atrice Cherry-Pellat Publi\u00e9 le 1 oct. 2025 \u00e0 7h06 C\u2019est une premi\u00e8re qui donne de l\u2019espoir aux&hellip;\n","protected":false},"author":2,"featured_media":430519,"comment_status":"","ping_status":"","sticky":false,"template":"","format":"standard","meta":{"footnotes":""},"categories":[9587],"tags":[1111,11,1777,674,1011,27,12,5161,25,9590,104,2803],"class_list":{"0":"post-430518","1":"post","2":"type-post","3":"status-publish","4":"format-standard","5":"has-post-thumbnail","7":"category-rouen","8":"tag-actu","9":"tag-actualites","10":"tag-eu","11":"tag-europe","12":"tag-fr","13":"tag-france","14":"tag-news","15":"tag-normandie","16":"tag-republique-francaise","17":"tag-rouen","18":"tag-societe","19":"tag-transport"},"share_on_mastodon":{"url":"https:\/\/pubeurope.com\/@fr\/115297616674562363","error":""},"_links":{"self":[{"href":"https:\/\/www.europesays.com\/fr\/wp-json\/wp\/v2\/posts\/430518","targetHints":{"allow":["GET"]}}],"collection":[{"href":"https:\/\/www.europesays.com\/fr\/wp-json\/wp\/v2\/posts"}],"about":[{"href":"https:\/\/www.europesays.com\/fr\/wp-json\/wp\/v2\/types\/post"}],"author":[{"embeddable":true,"href":"https:\/\/www.europesays.com\/fr\/wp-json\/wp\/v2\/users\/2"}],"replies":[{"embeddable":true,"href":"https:\/\/www.europesays.com\/fr\/wp-json\/wp\/v2\/comments?post=430518"}],"version-history":[{"count":0,"href":"https:\/\/www.europesays.com\/fr\/wp-json\/wp\/v2\/posts\/430518\/revisions"}],"wp:featuredmedia":[{"embeddable":true,"href":"https:\/\/www.europesays.com\/fr\/wp-json\/wp\/v2\/media\/430519"}],"wp:attachment":[{"href":"https:\/\/www.europesays.com\/fr\/wp-json\/wp\/v2\/media?parent=430518"}],"wp:term":[{"taxonomy":"category","embeddable":true,"href":"https:\/\/www.europesays.com\/fr\/wp-json\/wp\/v2\/categories?post=430518"},{"taxonomy":"post_tag","embeddable":true,"href":"https:\/\/www.europesays.com\/fr\/wp-json\/wp\/v2\/tags?post=430518"}],"curies":[{"name":"wp","href":"https:\/\/api.w.org\/{rel}","templated":true}]}}