{"id":430526,"date":"2025-10-01T07:02:10","date_gmt":"2025-10-01T07:02:10","guid":{"rendered":"https:\/\/www.europesays.com\/fr\/430526\/"},"modified":"2025-10-01T07:02:10","modified_gmt":"2025-10-01T07:02:10","slug":"un-adolescent-de-13-ans-blesse-au-couteau-en-plein-apres-midi-pres-du-metro","status":"publish","type":"post","link":"https:\/\/www.europesays.com\/fr\/430526\/","title":{"rendered":"Un adolescent de 13 ans bless\u00e9 au couteau en plein apr\u00e8s-midi pr\u00e8s du m\u00e9tro"},"content":{"rendered":"<p>Il \u00e9tait un peu plus de 15 heures mardi 30\u00a0novembre quand les pompiers d\u2019Ille-et-Vilaine ont \u00e9t\u00e9 appel\u00e9s pour porter secours \u00e0 <a href=\"https:\/\/www.20minutes.fr\/dossier\/adolescent\" class=\"c-link c-link--is-underlined\" target=\"_blank\" rel=\"noopener\">un adolescent<\/a>. Le jeune gar\u00e7on, \u00e2g\u00e9 de seulement 13 ans, a \u00e9t\u00e9 poignard\u00e9. Il pr\u00e9sentait plusieurs blessures <a href=\"https:\/\/www.20minutes.fr\/dossier\/coup_de_couteau\" class=\"c-link c-link--is-underlined\" target=\"_blank\" rel=\"noopener\">provoqu\u00e9es par un couteau<\/a>, notamment au niveau du dos. <\/p>\n<p>Son \u00e9tat n\u2019a cependant pas \u00e9t\u00e9 jug\u00e9 grave par les pompiers, qui l\u2019ont transport\u00e9 en urgence relative vers l\u2019h\u00f4pital. Ses jours ne sont pas en danger.<\/p>\n<p>Les faits se sont d\u00e9roul\u00e9s en plein jour, tout pr\u00e8s de la station de la ligne B du m\u00e9tro Joliot-Curie, dans le quartier des Gayeulles, \u00e0 <a href=\"https:\/\/www.20minutes.fr\/rennes\/\" class=\"c-link c-link--is-underlined\" target=\"_blank\" rel=\"noopener\">Rennes<\/a>. De nombreux \u00e9tablissements scolaires sont situ\u00e9s dans ce secteur, notamment le lyc\u00e9e Joliot-Curie, le lyc\u00e9e Ch\u00e2teaubriant ou encore le coll\u00e8ge des Gayeulles. Une enqu\u00eate a \u00e9t\u00e9 ouverte pour tenter de faire la lumi\u00e8re sur cette agression.<\/p>\n","protected":false},"excerpt":{"rendered":"Il \u00e9tait un peu plus de 15 heures mardi 30\u00a0novembre quand les pompiers d\u2019Ille-et-Vilaine ont \u00e9t\u00e9 appel\u00e9s pour&hellip;\n","protected":false},"author":2,"featured_media":430527,"comment_status":"","ping_status":"","sticky":false,"template":"","format":"standard","meta":{"footnotes":""},"categories":[2821],"tags":[1111,47,11,1084,1120,829,7623,1067,1777,674,118,7641,1011,27,848,4047,12,584,25],"class_list":{"0":"post-430526","1":"post","2":"type-post","3":"status-publish","4":"format-standard","5":"has-post-thumbnail","7":"category-rennes","8":"tag-actu","9":"tag-actualite","10":"tag-actualites","11":"tag-adolescent","12":"tag-agression","13":"tag-bretagne","14":"tag-coup-de-couteau","15":"tag-enquete","16":"tag-eu","17":"tag-europe","18":"tag-faits-divers","19":"tag-faits-divers-rennes","20":"tag-fr","21":"tag-france","22":"tag-ille-et-vilaine","23":"tag-metro","24":"tag-news","25":"tag-rennes","26":"tag-republique-francaise"},"share_on_mastodon":{"url":"https:\/\/pubeurope.com\/@fr\/115297631905595945","error":""},"_links":{"self":[{"href":"https:\/\/www.europesays.com\/fr\/wp-json\/wp\/v2\/posts\/430526","targetHints":{"allow":["GET"]}}],"collection":[{"href":"https:\/\/www.europesays.com\/fr\/wp-json\/wp\/v2\/posts"}],"about":[{"href":"https:\/\/www.europesays.com\/fr\/wp-json\/wp\/v2\/types\/post"}],"author":[{"embeddable":true,"href":"https:\/\/www.europesays.com\/fr\/wp-json\/wp\/v2\/users\/2"}],"replies":[{"embeddable":true,"href":"https:\/\/www.europesays.com\/fr\/wp-json\/wp\/v2\/comments?post=430526"}],"version-history":[{"count":0,"href":"https:\/\/www.europesays.com\/fr\/wp-json\/wp\/v2\/posts\/430526\/revisions"}],"wp:featuredmedia":[{"embeddable":true,"href":"https:\/\/www.europesays.com\/fr\/wp-json\/wp\/v2\/media\/430527"}],"wp:attachment":[{"href":"https:\/\/www.europesays.com\/fr\/wp-json\/wp\/v2\/media?parent=430526"}],"wp:term":[{"taxonomy":"category","embeddable":true,"href":"https:\/\/www.europesays.com\/fr\/wp-json\/wp\/v2\/categories?post=430526"},{"taxonomy":"post_tag","embeddable":true,"href":"https:\/\/www.europesays.com\/fr\/wp-json\/wp\/v2\/tags?post=430526"}],"curies":[{"name":"wp","href":"https:\/\/api.w.org\/{rel}","templated":true}]}}