{"id":430528,"date":"2025-10-01T07:03:12","date_gmt":"2025-10-01T07:03:12","guid":{"rendered":"https:\/\/www.europesays.com\/fr\/430528\/"},"modified":"2025-10-01T07:03:12","modified_gmt":"2025-10-01T07:03:12","slug":"strasbourg-elle-celebre-la-maternite-en-realisant-des-bustes-de-femmes-enceintes","status":"publish","type":"post","link":"https:\/\/www.europesays.com\/fr\/430528\/","title":{"rendered":"Strasbourg. Elle c\u00e9l\u00e8bre la maternit\u00e9 en r\u00e9alisant des bustes de femmes enceintes"},"content":{"rendered":"<p>La d\u00e9marche est \u00e0 la fois audacieuse et puissante. Avec son projet \u201cLe vrai pouvoir\u201d, Sandrine Knobloch s\u2019attelle \u00e0 immortaliser la grossesse selon un proc\u00e9d\u00e9 artistique novateur. L\u2019artiste escovienne, reconnue pour son travail du carton depuis plus de 20 ans, ne filme ni ne photographie le corps de la femme enceinte. Elle ne le peint pas non plus, mais le fa\u00e7onne \u00e0 la main, dans un moment empreint d\u2019intimit\u00e9.<\/p>\n<p>Lors d\u2019une s\u00e9ance r\u00e9alis\u00e9e dans une ambiance cocooning au sein de son studio-boutique strasbourgeois, elle \u00e9pouse les courbes, mod\u00e8le les formes d\u2019un ventre qui s\u2019arrondit pour accompagner la croissance du b\u00e9b\u00e9. D\u2019abord par un moulage&#8230;<\/p>\n","protected":false},"excerpt":{"rendered":"La d\u00e9marche est \u00e0 la fois audacieuse et puissante. Avec son projet \u201cLe vrai pouvoir\u201d, Sandrine Knobloch s\u2019attelle&hellip;\n","protected":false},"author":2,"featured_media":430529,"comment_status":"","ping_status":"","sticky":false,"template":"","format":"standard","meta":{"footnotes":""},"categories":[2820],"tags":[1111,11,1687,2880,1777,674,2271,107,1011,27,775,12,25,640,2879],"class_list":{"0":"post-430528","1":"post","2":"type-post","3":"status-publish","4":"format-standard","5":"has-post-thumbnail","7":"category-strasbourg","8":"tag-actu","9":"tag-actualites","10":"tag-culture-loisirs","11":"tag-edition-strasbourg","12":"tag-eu","13":"tag-europe","14":"tag-exposition-arts-plastiques","15":"tag-fil-info","16":"tag-fr","17":"tag-france","18":"tag-grand-est","19":"tag-news","20":"tag-republique-francaise","21":"tag-strasbourg","22":"tag-strasbourg-ville"},"share_on_mastodon":{"url":"https:\/\/pubeurope.com\/@fr\/115297635790302662","error":""},"_links":{"self":[{"href":"https:\/\/www.europesays.com\/fr\/wp-json\/wp\/v2\/posts\/430528","targetHints":{"allow":["GET"]}}],"collection":[{"href":"https:\/\/www.europesays.com\/fr\/wp-json\/wp\/v2\/posts"}],"about":[{"href":"https:\/\/www.europesays.com\/fr\/wp-json\/wp\/v2\/types\/post"}],"author":[{"embeddable":true,"href":"https:\/\/www.europesays.com\/fr\/wp-json\/wp\/v2\/users\/2"}],"replies":[{"embeddable":true,"href":"https:\/\/www.europesays.com\/fr\/wp-json\/wp\/v2\/comments?post=430528"}],"version-history":[{"count":0,"href":"https:\/\/www.europesays.com\/fr\/wp-json\/wp\/v2\/posts\/430528\/revisions"}],"wp:featuredmedia":[{"embeddable":true,"href":"https:\/\/www.europesays.com\/fr\/wp-json\/wp\/v2\/media\/430529"}],"wp:attachment":[{"href":"https:\/\/www.europesays.com\/fr\/wp-json\/wp\/v2\/media?parent=430528"}],"wp:term":[{"taxonomy":"category","embeddable":true,"href":"https:\/\/www.europesays.com\/fr\/wp-json\/wp\/v2\/categories?post=430528"},{"taxonomy":"post_tag","embeddable":true,"href":"https:\/\/www.europesays.com\/fr\/wp-json\/wp\/v2\/tags?post=430528"}],"curies":[{"name":"wp","href":"https:\/\/api.w.org\/{rel}","templated":true}]}}