{"id":430538,"date":"2025-10-01T07:08:11","date_gmt":"2025-10-01T07:08:11","guid":{"rendered":"https:\/\/www.europesays.com\/fr\/430538\/"},"modified":"2025-10-01T07:08:11","modified_gmt":"2025-10-01T07:08:11","slug":"mi-kitsch-mi-vintage-une-etonnante-collection-de-plateaux-a-fromage-aux-encheres-a-nantes","status":"publish","type":"post","link":"https:\/\/www.europesays.com\/fr\/430538\/","title":{"rendered":"Mi-kitsch, mi-vintage, une \u00e9tonnante collection de plateaux \u00e0 fromage aux ench\u00e8res \u00e0 Nantes"},"content":{"rendered":"<p>Un ancien conservateur disperse une centaine de curiosit\u00e9s en c\u00e9ramique dat\u00e9es des ann\u00e9es 1950 \u00e0 1970. Un ensemble \u00abloufoque\u00bb et d\u00e9suet, embl\u00e9matique des services de table originaux pris\u00e9s \u00e0 l\u2019\u00e9poque des Trente glorieuses.<\/p>\n<p class=\"fig-paragraph\">L\u2019horreur des uns, la d\u00e9lectation des autres. Une collection aussi \u00e9tonnante qu\u2019h\u00e9t\u00e9roclite de vieux plateaux \u00e0 fromage est dispers\u00e9e\u00a0<a href=\"https:\/\/www.lefigaro.fr\/nantes\" target=\"_blank\" data-fig-type=\"Section\" rel=\"sponsored noopener\" data-gtm-custom-categorie=\"navigation\" data-gtm-custom-action=\"crossclick\" data-gtm-custom-label=\"Contextuel\" data-gtm-event=\"customEventSPE\" data-fig-domain=\"LEFIGARO\">\u00e0 Nantes<\/a>\u00a0(Loire-Atlantique), mercredi 1er octobre. Assembl\u00e9s pendant 35 ans par un ancien conservateur\u00a0<a href=\"http:\/\/www.lefigaro.fr\/nantes\/le-musee-d-arts-de-nantes-recoit-46-oeuvres-de-genereux-donateurs-l-equivalent-de-335-900-euros-20240920\" target=\"_blank\" data-fig-type=\"NewsFlash\" rel=\"noopener\" data-gtm-custom-categorie=\"navigation\" data-gtm-custom-action=\"crossclick\" data-gtm-custom-label=\"Contextuel\" data-gtm-event=\"customEventSPE\" data-fig-domain=\"LEFIGARO\">du mus\u00e9e d\u2019arts de la cit\u00e9 des ducs<\/a>, les 150 lots mis en vente cette semaine chez Ivoire Nantes ont tous la particularit\u00e9 d\u2019avoir \u00e9t\u00e9 r\u00e9alis\u00e9s en c\u00e9ramique, dans les ann\u00e9es 1950 \u00e0 1970, et d\u2019aligner des formes pour le moins saugrenues.<\/p>\n<p class=\"fig-paragraph\">Les diff\u00e9rents objets pr\u00e9sentent ainsi des formes de poisson \u00e9ventr\u00e9, de corbeille de fruits, de parapluie renvers\u00e9, de champ de bl\u00e9, ou encore\u2026 d\u2019hu\u00eetres ouvertes. <strong>\u00ab<\/strong>Tout a commenc\u00e9 par un plateau en forme de palette de peintre. Il m\u2019avait fait de l\u2019\u0153il, car je m\u2019\u00e9tais sp\u00e9cialis\u00e9 dans l\u2019art abstrait de l\u2019apr\u00e8s-guerre. Puis j\u2019en ai achet\u00e9 un second, puis un suivant. De fil en aiguille, je me suis pris au jeu, sans pr\u00e9tention<strong>\u00bb<\/strong> , raconte Vincent Rousseau, l\u2019ancien propri\u00e9taire de cet ensemble de service de table hautement kitsch.<\/p>\n<p>                                    <a class=\"fig-a11y-skip a11y-hidden\" href=\"#fig-a11y-skip-main-inarticle\"><br \/>\n        Passer la publicit\u00e9<br \/>\n    <\/a><\/p>\n<p class=\"fig-paragraph\">Le sp\u00e9cialiste s\u2019est ainsi longtemps amus\u00e9 \u00e0 chiner, \u00e0 chaque voyage et \u00e0 chaque brocante, les plus \u00e9tranges sp\u00e9cimens de vieux plateaux \u00e0 fromage. La collection de Vincent Rousseau est toutefois loin de rivaliser avec les volumes conserv\u00e9s par un fromager de Saint-Ouen, en banlieue parisienne. \u00abJ\u2019ai pu \u00e9changer avec ce monsieur qui a pu r\u00e9unir un ensemble fabuleux de pr\u00e8s de 700 plateaux. Nous nous sommes mis d\u2019accord pour nous pr\u00e9senter comme des \u201cplateaufromaphiles\u201d\u00a0!\u00bb, \u00e9voque avec malice l\u2019ex-conservateur nantais.<\/p>\n<p>Valeur marchande d\u00e9risoire<\/p>\n<p class=\"fig-paragraph\">Malgr\u00e9 leur caract\u00e8re loufoque prononc\u00e9 et leur \u00e2ge relatif, ces tr\u00e8s jeunes antiquit\u00e9s seront en majorit\u00e9 mises en vente entre 10 \u00e0 40 euros. Soit une fourchette relativement accessible pour des plateaux \u00e0 fromages bariol\u00e9s, rescap\u00e9s du\u00a0<a href=\"https:\/\/www.lefigaro.fr\/livres\/2017\/08\/20\/03005-20170820ARTFIG00111-malaparte-chroniqueur-des-trente-glorieuses.php\" target=\"_blank\" data-fig-type=\"Article\" rel=\"noopener\" data-gtm-custom-categorie=\"navigation\" data-gtm-custom-action=\"crossclick\" data-gtm-custom-label=\"Contextuel\" data-gtm-event=\"customEventSPE\" data-fig-domain=\"LEFIGARO\">temps des Trente glorieuses<\/a>. \u00abIl s\u2019agissait, en leur temps, de souvenirs, de cadeaux de mariage ou simplement de productions r\u00e9gionales,\u00a0<a href=\"https:\/\/www.lefigaro.fr\/culture\/biennale-de-vallauris-la-ceramique-d-art-connait-son-nouvel-age-d-or-20190722\" target=\"_blank\" data-fig-type=\"Article\" rel=\"noopener\" data-gtm-custom-categorie=\"navigation\" data-gtm-custom-action=\"crossclick\" data-gtm-custom-label=\"Contextuel\" data-gtm-event=\"customEventSPE\" data-fig-domain=\"LEFIGARO\">notamment autour de Vallauris<\/a> , explique Vincent Rousseau. Leur valeur marchande est d\u00e9risoire. Il y a peut-\u00eatre un travail de recherche \u00e0 faire sur ce genre d\u2019objets, qui pourraient \u00e9ventuellement \u00eatre pr\u00e9sent\u00e9s, un jour, au sein d\u2019un mus\u00e9e d\u2019art modeste ou populaire\u00bb.<\/p>\n<p class=\"fig-body-link\">\n            \u00c0 lire aussi<br \/>\n        <a class=\"fig-body-link__link fig-premium-mark\" href=\"http:\/\/www.lefigaro.fr\/nantes\/une-grande-joie-a-nantes-l-emotion-des-fideles-retrouvant-leur-cathedrale-lors-de-la-messe-solennelle-de-reouverture-20250928\" target=\"_blank\" data-fig-type=\"NewsFlash\" rel=\"noopener\" data-gtm-custom-categorie=\"navigation\" data-gtm-custom-action=\"crossclick\" data-gtm-custom-label=\"Contextuel\" data-gtm-event=\"customEventSPE\" data-fig-domain=\"LEFIGARO\">\u00abUne grande joie\u00bb\u00a0: \u00e0 Nantes, l\u2019\u00e9motion des fid\u00e8les retrouvant leur cath\u00e9drale lors de la messe solennelle de r\u00e9ouverture<br \/>\n    <\/a>\n<\/p>\n<p class=\"fig-paragraph\">La vente nantaise aligne, enfin, d\u2019autres curiosit\u00e9s en c\u00e9ramique, \u00e9galement amass\u00e9es par Vincent Rousseau, en compl\u00e9ment de son ensemble de plateaux \u00e0 fromage. Le conservateur \u00e9m\u00e9rite a d\u00fb se s\u00e9parer de tout son tr\u00e9sor en pr\u00e9vision d\u2019un d\u00e9m\u00e9nagement. \u00abJ\u2019avais 30 \u00e0 40 cartons chez moi, cela prenait beaucoup de place, quand bien m\u00eame j\u2019avais fini par m\u2019attacher \u00e0 ces productions. Ma femme, en revanche, est absolument ravie de voir cette collection dispara\u00eetre de la maison\u00a0!\u00bb, conclut Vincent Rousseau. La vente aux ench\u00e8res ouvre mercredi chez Ivoire Nantes, \u00e0 partir de 10h.<\/p>\n","protected":false},"excerpt":{"rendered":"Un ancien conservateur disperse une centaine de curiosit\u00e9s en c\u00e9ramique dat\u00e9es des ann\u00e9es 1950 \u00e0 1970. Un ensemble&hellip;\n","protected":false},"author":2,"featured_media":430539,"comment_status":"","ping_status":"","sticky":false,"template":"","format":"standard","meta":{"footnotes":""},"categories":[2818],"tags":[1111,11,1777,674,1011,27,766,12,2636,25,7458],"class_list":{"0":"post-430538","1":"post","2":"type-post","3":"status-publish","4":"format-standard","5":"has-post-thumbnail","7":"category-nantes","8":"tag-actu","9":"tag-actualites","10":"tag-eu","11":"tag-europe","12":"tag-fr","13":"tag-france","14":"tag-nantes","15":"tag-news","16":"tag-pays-de-la-loire","17":"tag-republique-francaise","18":"tag-vente-aux-encheres"},"share_on_mastodon":{"url":"https:\/\/pubeurope.com\/@fr\/115297655460568382","error":""},"_links":{"self":[{"href":"https:\/\/www.europesays.com\/fr\/wp-json\/wp\/v2\/posts\/430538","targetHints":{"allow":["GET"]}}],"collection":[{"href":"https:\/\/www.europesays.com\/fr\/wp-json\/wp\/v2\/posts"}],"about":[{"href":"https:\/\/www.europesays.com\/fr\/wp-json\/wp\/v2\/types\/post"}],"author":[{"embeddable":true,"href":"https:\/\/www.europesays.com\/fr\/wp-json\/wp\/v2\/users\/2"}],"replies":[{"embeddable":true,"href":"https:\/\/www.europesays.com\/fr\/wp-json\/wp\/v2\/comments?post=430538"}],"version-history":[{"count":0,"href":"https:\/\/www.europesays.com\/fr\/wp-json\/wp\/v2\/posts\/430538\/revisions"}],"wp:featuredmedia":[{"embeddable":true,"href":"https:\/\/www.europesays.com\/fr\/wp-json\/wp\/v2\/media\/430539"}],"wp:attachment":[{"href":"https:\/\/www.europesays.com\/fr\/wp-json\/wp\/v2\/media?parent=430538"}],"wp:term":[{"taxonomy":"category","embeddable":true,"href":"https:\/\/www.europesays.com\/fr\/wp-json\/wp\/v2\/categories?post=430538"},{"taxonomy":"post_tag","embeddable":true,"href":"https:\/\/www.europesays.com\/fr\/wp-json\/wp\/v2\/tags?post=430538"}],"curies":[{"name":"wp","href":"https:\/\/api.w.org\/{rel}","templated":true}]}}