{"id":430540,"date":"2025-10-01T07:09:13","date_gmt":"2025-10-01T07:09:13","guid":{"rendered":"https:\/\/www.europesays.com\/fr\/430540\/"},"modified":"2025-10-01T07:09:13","modified_gmt":"2025-10-01T07:09:13","slug":"lune-preparez-explorez-revez-cap-sciences-tembarque-pour-une-aventure-lunaire","status":"publish","type":"post","link":"https:\/\/www.europesays.com\/fr\/430540\/","title":{"rendered":"Lune, Pr\u00e9parez, explorez, r\u00eavez ! Cap Sciences t\u2019embarque pour une aventure lunaire !"},"content":{"rendered":"<p>N\u2019as-tu jamais r\u00eav\u00e9 de marcher sur la Lune, de vivre dans une base lunaire ou d\u2019imaginer une cit\u00e9 futuriste sur notre satellite ? Avec l\u2019exposition\u00a0\u00ab Lune, Pr\u00e9parez, explorez, r\u00eavez ! \u00bb,<a href=\"https:\/\/www.cap-sciences.net\" target=\"_blank\" rel=\"noreferrer noopener nofollow\"> Cap Sciences<\/a> te propose un voyage unique o\u00f9 devenir astronaute, explorer une base scientifique et r\u00eaver d\u2019un futur lunaire devient possible.<\/p>\n<p>Pr\u00e9pare-toi \u00e0 d\u00e9coller !<\/p>\n<p style=\"font-size:16px\">Tout commence dans le\u00a0<strong>centre d\u2019entra\u00eenement des astronautes<\/strong>. Ici, tu testes tes aptitudes dans diff\u00e9rents domaines essentiels : <strong>m\u00e9moire, communication, sang-froid, pr\u00e9cision, pilotage et connaissances th\u00e9oriques.<\/strong> Chaque activit\u00e9 r\u00e9ussie te permet de collecter des\u00a0<strong>badges de comp\u00e9tences<\/strong>\u00a0et de compl\u00e9ter ton profil d\u2019explorateur lunaire.<\/p>\n<p><img fetchpriority=\"high\" decoding=\"async\" width=\"1024\" height=\"536\" src=\"https:\/\/www.europesays.com\/fr\/wp-content\/uploads\/2025\/10\/lune1200x628-1024x536.jpg\" alt=\"\" class=\"wp-image-83196\"  \/>Teste tes comp\u00e9tences d\u2019astronaute dans le centre d\u2019entra\u00eenement : pr\u00e9cision, sang-froid et m\u00e9moire te permettront de collectionner des badges et te pr\u00e9parer pour la Lune.\u2013\u00a9Cap science<\/p>\n<p>Explore la vie sur la Lune<\/p>\n<p style=\"font-size:16px\"><strong>Une fois le d\u00e9collage effectu\u00e9, accroche-toi<\/strong> : tu es\u00a0<strong>sur la Lune !<\/strong>\u00a0<strong>Bienvenue dans une base habit\u00e9e<\/strong> par des scientifiques. Ici, la vie collective est essentielle : <strong>maintenir l\u2019apport en eau, oxyg\u00e8ne et nourriture, g\u00e9rer les \u00e9quipements et pr\u00e9server la coh\u00e9sion du groupe sont autant de d\u00e9fis \u00e0 relever.<\/strong><\/p>\n<p style=\"font-size:16px\">Tu <strong>participes activement \u00e0 la vie quotidienne sur la Lune,<\/strong> d\u00e9couvres comment<strong> adapter nos habitudes \u00e0 cet environnement extr\u00eame<\/strong> et <strong>exp\u00e9rimentes la coop\u00e9ration<\/strong> n\u00e9cessaire pour que la mission r\u00e9ussisse.<strong> Chaque visiteur devient acteur de l\u2019aventure et apprend en s\u2019amusant.<\/strong><\/p>\n<p>R\u00eave d\u2019un futur lunaire<\/p>\n<p style=\"font-size:16px\">Enfin, laisse libre cours \u00e0 ton imagination dans la partie\u00a0<strong>Cit\u00e9s de la Lune<\/strong>. Cinq cit\u00e9s-\u00c9tats imaginaires : <strong>Ogun, Bigan, Khounsou, Kali et Quetzal<\/strong> t\u2019invitent \u00e0 explorer diff\u00e9rents mod\u00e8les politiques, \u00e9conomiques et sociaux. <strong>Comment organiser la vie quotidienne loin de la Terre ? Quelle cit\u00e9 choisirais-tu pour b\u00e2tir une soci\u00e9t\u00e9 humaine sur la Lune ? <\/strong>Construis, discute, compare et<strong> invente ton futur lunaire.<\/strong> L\u2019exposition te fait<strong> r\u00e9fl\u00e9chir \u00e0 ce que pourrait \u00eatre l\u2019avenir de l\u2019humanit\u00e9 sur notre satellite naturel.<\/strong><\/p>\n<p><img loading=\"lazy\" decoding=\"async\" width=\"724\" height=\"1024\" src=\"https:\/\/www.europesays.com\/fr\/wp-content\/uploads\/2025\/10\/A4-HD-png-rvb-724x1024.png\" alt=\"\" class=\"wp-image-83194\" style=\"width:434px;height:auto\"  \/>Plonge au c\u0153ur de la base lunaire et d\u00e9couvre la vie des pionniers : coop\u00e9ration, d\u00e9fis et d\u00e9couvertes t\u2019attendent pour un voyage immersif et interactif.\u2013\u00a9Cap science<\/p>\n<p>Une exposition interactive et immersive<\/p>\n<p style=\"font-size:16px\">Accessible d\u00e8s\u00a0<strong>7 ans<\/strong>, l\u2019exposition <strong>propose un parcours ludique et participatif pour toute la famille.<\/strong> Tu peux manipuler, tester tes comp\u00e9tences et <strong>interagir avec les installations<\/strong> pour vivre pleinement chaque \u00e9tape de l\u2019aventure. La visite dure environ\u00a0<strong>1h30<\/strong>, mais <strong>l\u2019exp\u00e9rience restera grav\u00e9e dans ta m\u00e9moire.<\/strong><\/p>\n<p class=\"has-text-align-center\" style=\"font-size:16px\"><strong>On y va ?<\/strong><br \/>\ud83d\udccdCap Sciences, Hangar 20, Quai de Bacalan<br \/>\ud83d\udcc5Du samedi 4 octobre 2025 au lundi 31 ao\u00fbt 2026<br \/>\ud83d\udd66de 14h \u00e0 18h en semaine et de 14h \u00e0 19h le week-end<br \/>\ud83d\udcb6Tarif plein : 10\u20ac \/\/ Tarif r\u00e9duit : 7,50\u20ac<br \/>\ud83d\udc9bOuvert \u00e0 tous.tes<br \/>\u27a1\ufe0f<a href=\"https:\/\/bit.ly\/41Xj3kg\" target=\"_blank\" rel=\"noreferrer noopener nofollow\">Pour plus d\u2019informations<\/a> <br \/>\ud83d\udcf2<a href=\"https:\/\/www.cap-sciences.net\" target=\"_blank\" rel=\"noreferrer noopener nofollow\">Site web<\/a> \u2022 <a href=\"https:\/\/www.facebook.com\/cap.sciences\/\" target=\"_blank\" rel=\"noreferrer noopener nofollow\">Facebook<\/a> \u2022 <a href=\"https:\/\/www.instagram.com\/capsciences\/\" target=\"_blank\" rel=\"noreferrer noopener nofollow\">Instagram<\/a><\/p>\n<p style=\"font-size:16px\">Sauras-tu relever tous les d\u00e9fis et \u00eatre pr\u00eat pour le voyage vers la Lune ? Comme disait <strong><a href=\"https:\/\/www.nasa.gov\/humans-in-space\/astronauts\/former-astronauts\/former-astronaut-neil-a-armstrong\/\" target=\"_blank\" rel=\"noreferrer noopener nofollow\">Neil Armstrong<\/a><\/strong> :\u00a0\u00ab Un petit pas pour l\u2019homme, un grand pas pour l\u2019humanit\u00e9 \u00bb.<\/p>\n<p style=\"font-size:16px\">\u00c0 lire aussi : <a href=\"https:\/\/www.bougerabordeaux.com\/actu\/encadrement-des-loyers-a-bordeaux-un-quart-des-logements-reste-au-dessus-du-plafond\/\" target=\"_blank\" rel=\"noreferrer noopener nofollow\">Encadrement des loyers \u00e0 Bordeaux : un quart des logements reste au-dessus du plafond<\/a><\/p>\n<p>\t\t<script async src=\"\/\/www.instagram.com\/embed.js\"><\/script><\/p>\n","protected":false},"excerpt":{"rendered":"N\u2019as-tu jamais r\u00eav\u00e9 de marcher sur la Lune, de vivre dans une base lunaire ou d\u2019imaginer une cit\u00e9&hellip;\n","protected":false},"author":2,"featured_media":430541,"comment_status":"","ping_status":"","sticky":false,"template":"","format":"standard","meta":{"footnotes":""},"categories":[2817],"tags":[1111,11,1997,1777,674,1011,27,12,2219,25],"class_list":{"0":"post-430540","1":"post","2":"type-post","3":"status-publish","4":"format-standard","5":"has-post-thumbnail","7":"category-bordeaux","8":"tag-actu","9":"tag-actualites","10":"tag-bordeaux","11":"tag-eu","12":"tag-europe","13":"tag-fr","14":"tag-france","15":"tag-news","16":"tag-nouvelle-aquitaine","17":"tag-republique-francaise"},"share_on_mastodon":{"url":"https:\/\/pubeurope.com\/@fr\/115297659537983259","error":""},"_links":{"self":[{"href":"https:\/\/www.europesays.com\/fr\/wp-json\/wp\/v2\/posts\/430540","targetHints":{"allow":["GET"]}}],"collection":[{"href":"https:\/\/www.europesays.com\/fr\/wp-json\/wp\/v2\/posts"}],"about":[{"href":"https:\/\/www.europesays.com\/fr\/wp-json\/wp\/v2\/types\/post"}],"author":[{"embeddable":true,"href":"https:\/\/www.europesays.com\/fr\/wp-json\/wp\/v2\/users\/2"}],"replies":[{"embeddable":true,"href":"https:\/\/www.europesays.com\/fr\/wp-json\/wp\/v2\/comments?post=430540"}],"version-history":[{"count":0,"href":"https:\/\/www.europesays.com\/fr\/wp-json\/wp\/v2\/posts\/430540\/revisions"}],"wp:featuredmedia":[{"embeddable":true,"href":"https:\/\/www.europesays.com\/fr\/wp-json\/wp\/v2\/media\/430541"}],"wp:attachment":[{"href":"https:\/\/www.europesays.com\/fr\/wp-json\/wp\/v2\/media?parent=430540"}],"wp:term":[{"taxonomy":"category","embeddable":true,"href":"https:\/\/www.europesays.com\/fr\/wp-json\/wp\/v2\/categories?post=430540"},{"taxonomy":"post_tag","embeddable":true,"href":"https:\/\/www.europesays.com\/fr\/wp-json\/wp\/v2\/tags?post=430540"}],"curies":[{"name":"wp","href":"https:\/\/api.w.org\/{rel}","templated":true}]}}