{"id":430542,"date":"2025-10-01T07:10:12","date_gmt":"2025-10-01T07:10:12","guid":{"rendered":"https:\/\/www.europesays.com\/fr\/430542\/"},"modified":"2025-10-01T07:10:12","modified_gmt":"2025-10-01T07:10:12","slug":"cdf-jour-de-tirage-pour-les-girondins-de-bordeaux-grosse-affiche-a-venir-ou-petit-poucet-on-vous-dit-tout","status":"publish","type":"post","link":"https:\/\/www.europesays.com\/fr\/430542\/","title":{"rendered":"[CdF] Jour de tirage pour les Girondins de Bordeaux, grosse affiche \u00e0 venir ou petit poucet ? On vous dit tout !"},"content":{"rendered":"<p><img width=\"773\" height=\"380\" data-lazy-type=\"image\" src=\"https:\/\/www.europesays.com\/fr\/wp-content\/uploads\/2025\/10\/ICONSPORT_227934_0150-773x380.jpg\" class=\"lazy lazy-hidden attachment-alchemists_thumbnail-lg size-alchemists_thumbnail-lg wp-post-image\" alt=\"\" decoding=\"async\" fetchpriority=\"high\"\/><\/p>\n<p>.(Photo by Baptiste Fernandez\/Icon Sport)<br \/>\n\u2013 Photo by Icon Sport<\/p>\n<p>Les <strong>Girondins de Bordeaux<\/strong> ont fait leur entr\u00e9e<br \/>\nlors du quatri\u00e8me tour de la Coupe de France le week-end dernier.<br \/>\nIls ont \u00e9t\u00e9 d\u00e9fier le <strong>Bergerac P\u00e9rigord FC<\/strong>, club<br \/>\ntomb\u00e9 de National 2 en R\u00e9gional 3 cet \u00e9t\u00e9 apr\u00e8s des soucis<br \/>\nfinanciers. Vainqueurs 2 buts \u00e0 1, ils se sont donc qualifi\u00e9s pour<br \/>\nce cinqui\u00e8me tour.<\/p>\n<p>Ce tour, comme chaque ann\u00e9e, est toujours au niveau r\u00e9gional,<br \/>\ncelui de la Nouvelle-Aquitaine. Les clubs de National feront leur<br \/>\nentr\u00e9e lors de ce tour mais ils ne croiseront pas la route du FCGB<br \/>\npuisqu\u2019aucun d\u2019eux n\u2019est pr\u00e9sent dans la r\u00e9gion. Le tirage au sort<br \/>\naura lieu ce mercredi 1er Octobre \u00e0 partir de 19h00 au si\u00e8ge du<br \/>\nCr\u00e9dit Agricole situ\u00e9 \u00e0 Soyaux (Charente). Il y aura trois groupes<br \/>\nde 20 clubs, qui seront d\u00e9finis par la commission r\u00e9gionale des<br \/>\ncomp\u00e9titions, juste avant le tirage. Les matchs auront lieu le<br \/>\nweek-end du 11 Octobre.<\/p>\n<p>Les Girondins de Bordeaux pourraient, selon les groupes, tomber<br \/>\nsur plusieurs adversaires de taille puisqu\u2019il y a encore les 4<br \/>\nautres clubs de N2 de la r\u00e9gion, pour seulement 3 groupes. Mais les<br \/>\nbordelais pourraient \u00e9galement avoir un match face \u00e0 une \u00e9quipe de<br \/>\nN3 ou R1 qui sont encore nombreuses.<\/p>\n<p><strong>Les 60 \u00e9quipes de la r\u00e9gion encore en course<br \/>\n:<\/strong><\/p>\n<ul>\n<li>Oyre Dange ES (D2 86) ou FC Comores (D2 79) ou Thouars Foot 79<br \/>\n(R1 79)<\/li>\n<\/ul>\n<p>National 2<\/p>\n<ul>\n<li>FC Chauray (N2 79)<\/li>\n<li>Stade Poitevin FC (N2 86)<\/li>\n<li>Angoul\u00eame Charente FC (N2 16)<\/li>\n<li><strong>FC Girondins de Bordeaux (N2 33)<\/strong><\/li>\n<li>Aviron Bayonnais (N2 64)<\/li>\n<\/ul>\n<p>National 3<\/p>\n<ul>\n<li>SO Ch\u00e2tellerault (N3 86)<\/li>\n<li>US Chauvigny (N3 86)<\/li>\n<li>US L\u00e8ge Cap Ferret (N3 33)<\/li>\n<li>FC Bassin d\u2019Arcachon (N3 33)<\/li>\n<\/ul>\n<p>R\u00e9gional 1<\/p>\n<ul>\n<li>Nueillaubiers FC (R1 79)<\/li>\n<li>Neuville CA (R1 86)<\/li>\n<li>Perigny FC (R1 17)<\/li>\n<li>Feytiat CS (R1 87)<\/li>\n<li>Limoges Football (R1 87)<\/li>\n<li>St M\u00e9dard en Jalles (R1 33)<\/li>\n<li>Tr\u00e9lissac APFC (R1 24)<\/li>\n<li>Boulazac ES (R1 24)<\/li>\n<li>Rochefort FC (R1 17)<\/li>\n<li>Marmande 47 FC (R1 47)<\/li>\n<li>SA M\u00e9rignac (R1 33)<\/li>\n<li>Boe Bon Encontre (R1 47)<\/li>\n<li>Jeunesse Villenavaise (R1 33)<\/li>\n<li>St Paul Sport (R1 40)<\/li>\n<li>Arin Luzien (R1 64)<\/li>\n<li>Maz\u00e8res Uzos Rontignon (R1 64)<\/li>\n<\/ul>\n<p>R\u00e9gional 2<\/p>\n<ul>\n<li>Ligug\u00e9ene (R2 86)<\/li>\n<li>Etoile Maritime FC (R2 17)<\/li>\n<li>Avenir 79 FC (R2 79)<\/li>\n<li>JA Isle (R2 87)<\/li>\n<li>Tulle Foot Corr\u00e8ze (R2 19)<\/li>\n<li>Montmorillon UES (R2 86)<\/li>\n<li>Jugeals Noailles AS (R2 19)<\/li>\n<li>Gouzon Avenir (R2 23)<\/li>\n<li>La Roche-Rivi\u00e8res FCT (R2 16)<\/li>\n<li>Union St Bruno FCS (R2 33)<\/li>\n<li>US Bouscataise (R2 33)<\/li>\n<li>Biscarosse Olympique (R2 40)<\/li>\n<li>Seign. CapB. Soust. FC (R2 40)<\/li>\n<li>Crois\u00e9s de Bayonne (R2 64)<\/li>\n<li>Stade Montois (R2 40)<\/li>\n<\/ul>\n<p>R\u00e9gional 3<\/p>\n<ul>\n<li>Nieul sur Mer ASM (R3 17)<\/li>\n<li>Mignaloux Beauvoir (R3 86)<\/li>\n<li>SC Thouarsais (R3 79)<\/li>\n<li>Mascaret FC (R3 33)<\/li>\n<li>OFC Ruelle (R3 16)<\/li>\n<li>Jonzac St Germain FC (R3 17)<\/li>\n<li>Rive Droite 33 FC (R3 33)<\/li>\n<li>Linars ES (R3 16)<\/li>\n<li>Bargon Soulignac FC (R3 33)<\/li>\n<li>Cadaujac SC (R3 33)<\/li>\n<\/ul>\n<p>D\u00e9partemental 1<\/p>\n<ul>\n<li>Bordeaux St Jean ASU (D1 33)<\/li>\n<li>Neuvic St L\u00e9on AS (D1 24)<\/li>\n<li>Stade Pessacais UC (D1 33)<\/li>\n<\/ul>\n<p>D\u00e9partemental 2<\/p>\n<ul>\n<li>Larchors La Feuillade (D2 19)<\/li>\n<li>US Chasseneuil (D2 16)<\/li>\n<li>FC Chalosse (D2 40)<\/li>\n<\/ul>\n<p>D\u00e9partemental 3<\/p>\n<ul>\n<li>Condat\/Vienne USA (D3 87)<\/li>\n<li>Paizay le Sac AC (D3 86)<\/li>\n<li>St-Hilaire FC (D3 16)<\/li>\n<\/ul>\n<p><img loading=\"lazy\" decoding=\"async\" class=\"lazy lazy-hidden size-medium wp-image-540415\" data-lazy-type=\"image\" src=\"https:\/\/www.europesays.com\/fr\/wp-content\/uploads\/2025\/10\/ICONSPORT_247782_0066-300x200.jpg\" alt=\"\" width=\"300\" height=\"200\"  \/><\/p>\n<p>(Photo by Anthony Dibon\/Icon Sport) \u2013 Photo by Icon<br \/>\nSport<\/p>\n","protected":false},"excerpt":{"rendered":".(Photo by Baptiste Fernandez\/Icon Sport) \u2013 Photo by Icon Sport Les Girondins de Bordeaux ont fait leur entr\u00e9e&hellip;\n","protected":false},"author":2,"featured_media":430543,"comment_status":"","ping_status":"","sticky":false,"template":"","format":"standard","meta":{"footnotes":""},"categories":[2817],"tags":[1111,11,1997,1777,674,1011,27,12,2219,25],"class_list":{"0":"post-430542","1":"post","2":"type-post","3":"status-publish","4":"format-standard","5":"has-post-thumbnail","7":"category-bordeaux","8":"tag-actu","9":"tag-actualites","10":"tag-bordeaux","11":"tag-eu","12":"tag-europe","13":"tag-fr","14":"tag-france","15":"tag-news","16":"tag-nouvelle-aquitaine","17":"tag-republique-francaise"},"share_on_mastodon":{"url":"https:\/\/pubeurope.com\/@fr\/115297663549973411","error":""},"_links":{"self":[{"href":"https:\/\/www.europesays.com\/fr\/wp-json\/wp\/v2\/posts\/430542","targetHints":{"allow":["GET"]}}],"collection":[{"href":"https:\/\/www.europesays.com\/fr\/wp-json\/wp\/v2\/posts"}],"about":[{"href":"https:\/\/www.europesays.com\/fr\/wp-json\/wp\/v2\/types\/post"}],"author":[{"embeddable":true,"href":"https:\/\/www.europesays.com\/fr\/wp-json\/wp\/v2\/users\/2"}],"replies":[{"embeddable":true,"href":"https:\/\/www.europesays.com\/fr\/wp-json\/wp\/v2\/comments?post=430542"}],"version-history":[{"count":0,"href":"https:\/\/www.europesays.com\/fr\/wp-json\/wp\/v2\/posts\/430542\/revisions"}],"wp:featuredmedia":[{"embeddable":true,"href":"https:\/\/www.europesays.com\/fr\/wp-json\/wp\/v2\/media\/430543"}],"wp:attachment":[{"href":"https:\/\/www.europesays.com\/fr\/wp-json\/wp\/v2\/media?parent=430542"}],"wp:term":[{"taxonomy":"category","embeddable":true,"href":"https:\/\/www.europesays.com\/fr\/wp-json\/wp\/v2\/categories?post=430542"},{"taxonomy":"post_tag","embeddable":true,"href":"https:\/\/www.europesays.com\/fr\/wp-json\/wp\/v2\/tags?post=430542"}],"curies":[{"name":"wp","href":"https:\/\/api.w.org\/{rel}","templated":true}]}}