{"id":430544,"date":"2025-10-01T07:11:10","date_gmt":"2025-10-01T07:11:10","guid":{"rendered":"https:\/\/www.europesays.com\/fr\/430544\/"},"modified":"2025-10-01T07:11:10","modified_gmt":"2025-10-01T07:11:10","slug":"cette-route-departementale-fermee-pendant-une-semaine","status":"publish","type":"post","link":"https:\/\/www.europesays.com\/fr\/430544\/","title":{"rendered":"cette route d\u00e9partementale ferm\u00e9e pendant une semaine"},"content":{"rendered":"<p>            Par<br \/>\n        <strong><br \/>\n            <a href=\"https:\/\/actu.fr\/auteur\/guillaume-laurens\" title=\"Consulter tous les articles de Guillaume Laurens\" rel=\"nofollow noopener\" target=\"_blank\">Guillaume Laurens<\/a><br \/>\n        <\/strong><\/p>\n<p>        Publi\u00e9 le<\/p>\n<p>            1 oct. 2025 \u00e0 7h12        <\/p>\n<p>Du lundi 6 au vendredi 10 octobre, le Conseil d\u00e9partemental de la Haute-Garonne va r\u00e9aliser des <strong>travaux<\/strong> sur la RD24, commune de <strong><a href=\"https:\/\/actu.fr\/occitanie\/lacroix-falgarde_31259\" rel=\"nofollow noopener\" target=\"_blank\">Lacroix-Falgarde<\/a><\/strong>, au sud de Toulouse, induisant la <strong>fermeture<\/strong> momentan\u00e9e de cet axe \u00e0 la circulation. L\u2019essentiel.<\/p>\n<p>Circulation interdite une semaine sur la RD24<\/p>\n<p class=\" wall-content\">D\u2019apr\u00e8s le Conseil d\u00e9partemental de la Haute-Garonne, ce chantier qui va \u00eatre men\u00e9 sur la RD24, dite \u00ab\u00a0route de Lacroix-Falgarde\u00a0\u00bb, consiste en la r\u00e9novation de <strong>la couche de roulement.<\/strong><\/p>\n<p class=\" wall-content\">Pendant toute la dur\u00e9e des travaux qui s\u2019effectueront entre 21h et 6h, <strong>la circulation sera interdite<\/strong> sur la RD24, ou route de Lacroix-Falgarde, entre le giratoire qui croise la rue Aignan Serres et le chemin des Pitchouns, jusqu\u2019\u00e0 l\u2019intersection avec la RD24E dite avenue des Pyr\u00e9n\u00e9es (en sortie d\u2019agglom\u00e9ration).<\/p>\n<p>Des d\u00e9viations mises en place<\/p>\n<p class=\" wall-content\">Pour toute la semaine, un itin\u00e9raire de d\u00e9viation sera mis en place :<\/p>\n<ul class=\" wall-content\">\n<li>Au <strong>nord<\/strong>, par la RD4 route de Lacroix-Falgarde, \u00e0 Portet-sur-Garonne par la la RD35B chemin de Vigoulet-Auzil, puis le chemin d\u2019Auzil et l\u2019avenue des Cr\u00eates \u00e0 Vigoulet-Auzil et la RD24E avenue des Pyr\u00e9n\u00e9es jusqu\u2019\u00e0 Lacroix-Falgarde ;<\/li>\n<li>Au <strong>sud<\/strong>, par la RD24E avenue des Pyr\u00e9n\u00e9es jusqu\u2019\u00e0 l\u2019intersection \u00e0 Vigoulet-Auzil de la RD35B avenue des Cr\u00eates, puis des chemins d\u2019Auzil et de Vigoulet-Auzil, puis \u00e0 Portet-sur-Garonne par la RD4, route de Lacroix-Falgarde, jusqu\u2019\u00e0 Lacroix-Falgarde.<\/li>\n<\/ul>\n<p>120 000 euros de travaux financ\u00e9s par le D\u00e9partement<\/p>\n<p class=\" wall-content\">La collectivit\u00e9 pr\u00e9cise que si<strong> \u00ab\u00a0l\u2019acc\u00e8s riverains<\/strong> sera maintenu\u00a0\u00bb pendant le chantier, \u00ab\u00a0le stationnement et l\u2019arr\u00eat des v\u00e9hicules seront totalement interdits des deux c\u00f4t\u00e9s de la chauss\u00e9e\u00a0\u00bb. Le Conseil d\u00e9partemental finance enti\u00e8rement ces travaux pour un montant de <strong>120 000 euros<\/strong>.<\/p>\n<p>Votre r\u00e9gion, votre actu !<\/p>\n<p>Recevez chaque jour les infos qui comptent pour vous.<\/p>\n<p>\t<a href=\"https:\/\/actu.fr\/newsletter\" class=\"ac-btn ac-btn--corner ac-btn--medium ac-btn--blue800\" rel=\"nofollow noopener\" target=\"_blank\">S&rsquo;incrire<\/a><\/p>\n<p>    <a href=\"https:\/\/www.google.com\/maps\/embed?pb=!1m18!1m12!1m3!1d11576.03510010146!2d1.406067822040244!3d43.502152495877716!2m3!1f0!2f0!3f0!3m2!1i1024!2i768!4f13.1!3m3!1m2!1s0x12aeb8c2ebdbd457%3A0x406f69c2f4122a0!2s31120%20Lacroix-Falgarde!5e0!3m2!1sfr!2sfr!4v1759232800242!5m2!1sfr!2sfr\" title=\"Ouvrie le lien\" rel=\"nofollow noopener\" target=\"_blank\">Cliquez ici pour visualiser le contenu<\/a><\/p>\n<p><strong>Infos pratiques :<\/strong><br \/>Pour toute question ou renseignement, le public peut contacter le 05 62 18 83 50.\u00a0<\/p>\n<p class=\" wall-content\">Personnalisez votre actualit\u00e9 en ajoutant vos villes et m\u00e9dias en favori avec <a href=\"https:\/\/moncompte.actu.fr\" title=\"D\u00e9couvez Mon Actu\" rel=\"nofollow noopener\" data-trk=\"{&quot;cta&quot;:{&quot;action&quot;:&quot;https:\\\/\\\/moncompte.actu.fr&quot;,&quot;category&quot;:&quot;mon compte&quot;,&quot;from&quot;:&quot;article footer&quot;,&quot;name&quot;:&quot;Mon actu&quot;,&quot;type&quot;:&quot;cta&quot;}}\" target=\"_blank\">Mon Actu<\/a>.<\/p>\n","protected":false},"excerpt":{"rendered":"Par Guillaume Laurens Publi\u00e9 le 1 oct. 2025 \u00e0 7h12 Du lundi 6 au vendredi 10 octobre, le&hellip;\n","protected":false},"author":2,"featured_media":430545,"comment_status":"","ping_status":"","sticky":false,"template":"","format":"standard","meta":{"footnotes":""},"categories":[2816],"tags":[1111,11,1777,674,1011,27,12,2680,25,104,2312,2086],"class_list":{"0":"post-430544","1":"post","2":"type-post","3":"status-publish","4":"format-standard","5":"has-post-thumbnail","7":"category-toulouse","8":"tag-actu","9":"tag-actualites","10":"tag-eu","11":"tag-europe","12":"tag-fr","13":"tag-france","14":"tag-news","15":"tag-occitanie","16":"tag-republique-francaise","17":"tag-societe","18":"tag-toulouse","19":"tag-travaux"},"share_on_mastodon":{"url":"https:\/\/pubeurope.com\/@fr\/115297667307333814","error":""},"_links":{"self":[{"href":"https:\/\/www.europesays.com\/fr\/wp-json\/wp\/v2\/posts\/430544","targetHints":{"allow":["GET"]}}],"collection":[{"href":"https:\/\/www.europesays.com\/fr\/wp-json\/wp\/v2\/posts"}],"about":[{"href":"https:\/\/www.europesays.com\/fr\/wp-json\/wp\/v2\/types\/post"}],"author":[{"embeddable":true,"href":"https:\/\/www.europesays.com\/fr\/wp-json\/wp\/v2\/users\/2"}],"replies":[{"embeddable":true,"href":"https:\/\/www.europesays.com\/fr\/wp-json\/wp\/v2\/comments?post=430544"}],"version-history":[{"count":0,"href":"https:\/\/www.europesays.com\/fr\/wp-json\/wp\/v2\/posts\/430544\/revisions"}],"wp:featuredmedia":[{"embeddable":true,"href":"https:\/\/www.europesays.com\/fr\/wp-json\/wp\/v2\/media\/430545"}],"wp:attachment":[{"href":"https:\/\/www.europesays.com\/fr\/wp-json\/wp\/v2\/media?parent=430544"}],"wp:term":[{"taxonomy":"category","embeddable":true,"href":"https:\/\/www.europesays.com\/fr\/wp-json\/wp\/v2\/categories?post=430544"},{"taxonomy":"post_tag","embeddable":true,"href":"https:\/\/www.europesays.com\/fr\/wp-json\/wp\/v2\/tags?post=430544"}],"curies":[{"name":"wp","href":"https:\/\/api.w.org\/{rel}","templated":true}]}}