{"id":430546,"date":"2025-10-01T07:12:11","date_gmt":"2025-10-01T07:12:11","guid":{"rendered":"https:\/\/www.europesays.com\/fr\/430546\/"},"modified":"2025-10-01T07:12:11","modified_gmt":"2025-10-01T07:12:11","slug":"incident-technique-sur-la-ligne-toulouse-pau-reprise-estimee-a-14h","status":"publish","type":"post","link":"https:\/\/www.europesays.com\/fr\/430546\/","title":{"rendered":"incident technique sur la ligne Toulouse-Pau, reprise estim\u00e9e \u00e0 14h"},"content":{"rendered":"<p>\nUn incident technique impacte la ligne Toulouse &#8211; Pau ce mercredi 1er octobre.<\/p>\n<p>\n\u00a9 SNCF liO train..<\/p>\n<p>Un incident technique a eu lieu sur la voie, ce mercredi 1er octobre 2025, \u00e0 06h54, sur la ligne <a href=\"https:\/\/infoccitanie.fr\/tag\/toulouse\/\" target=\"_blank\" rel=\"noopener\">Toulouse<\/a>-Pau. Ce dernier a entra\u00een\u00e9 une perturbation du trafic entre <strong>Montr\u00e9jeau et Boussens.<\/strong> Des cars sont en cours de recherche. LiO train annonce une reprise estim\u00e9e <strong>\u00e0 14h00 ce jour. <\/strong>Restez inform\u00e9s en <a href=\"https:\/\/x.com\/lio_train_sncf?ref_src=twsrc%5Egoogle%7Ctwcamp%5Eserp%7Ctwgr%5Eauthor\" target=\"_blank\" rel=\"nofollow\">cliquant ici. <\/a><\/p>\n","protected":false},"excerpt":{"rendered":"Un incident technique impacte la ligne Toulouse &#8211; Pau ce mercredi 1er octobre. \u00a9 SNCF liO train.. Un&hellip;\n","protected":false},"author":2,"featured_media":430547,"comment_status":"","ping_status":"","sticky":false,"template":"","format":"standard","meta":{"footnotes":""},"categories":[2816],"tags":[1111,11,1777,674,1011,27,12,2680,25,2312,926],"class_list":{"0":"post-430546","1":"post","2":"type-post","3":"status-publish","4":"format-standard","5":"has-post-thumbnail","7":"category-toulouse","8":"tag-actu","9":"tag-actualites","10":"tag-eu","11":"tag-europe","12":"tag-fr","13":"tag-france","14":"tag-news","15":"tag-occitanie","16":"tag-republique-francaise","17":"tag-toulouse","18":"tag-train"},"share_on_mastodon":{"url":"https:\/\/pubeurope.com\/@fr\/115297671112160152","error":""},"_links":{"self":[{"href":"https:\/\/www.europesays.com\/fr\/wp-json\/wp\/v2\/posts\/430546","targetHints":{"allow":["GET"]}}],"collection":[{"href":"https:\/\/www.europesays.com\/fr\/wp-json\/wp\/v2\/posts"}],"about":[{"href":"https:\/\/www.europesays.com\/fr\/wp-json\/wp\/v2\/types\/post"}],"author":[{"embeddable":true,"href":"https:\/\/www.europesays.com\/fr\/wp-json\/wp\/v2\/users\/2"}],"replies":[{"embeddable":true,"href":"https:\/\/www.europesays.com\/fr\/wp-json\/wp\/v2\/comments?post=430546"}],"version-history":[{"count":0,"href":"https:\/\/www.europesays.com\/fr\/wp-json\/wp\/v2\/posts\/430546\/revisions"}],"wp:featuredmedia":[{"embeddable":true,"href":"https:\/\/www.europesays.com\/fr\/wp-json\/wp\/v2\/media\/430547"}],"wp:attachment":[{"href":"https:\/\/www.europesays.com\/fr\/wp-json\/wp\/v2\/media?parent=430546"}],"wp:term":[{"taxonomy":"category","embeddable":true,"href":"https:\/\/www.europesays.com\/fr\/wp-json\/wp\/v2\/categories?post=430546"},{"taxonomy":"post_tag","embeddable":true,"href":"https:\/\/www.europesays.com\/fr\/wp-json\/wp\/v2\/tags?post=430546"}],"curies":[{"name":"wp","href":"https:\/\/api.w.org\/{rel}","templated":true}]}}