{"id":430550,"date":"2025-10-01T07:15:10","date_gmt":"2025-10-01T07:15:10","guid":{"rendered":"https:\/\/www.europesays.com\/fr\/430550\/"},"modified":"2025-10-01T07:15:10","modified_gmt":"2025-10-01T07:15:10","slug":"a-la-foire-internationale-marseille-deux-soirees-gourmandes-et-gratuites","status":"publish","type":"post","link":"https:\/\/www.europesays.com\/fr\/430550\/","title":{"rendered":"\u00c0 la Foire internationale Marseille, deux soir\u00e9es gourmandes et gratuites"},"content":{"rendered":"<p>Ce sont les organisateurs eux-m\u00eames qui le disent\u00a0: durant la <a href=\"https:\/\/www.foiredemarseille.com\/\" target=\"_blank\" rel=\"noopener\">Foire internationale de Marseille<\/a>, le parc Chanot devient \u00ab\u00a0la plus grande terrasse de la ville\u00a0\u00bb, avec pr\u00e8s de 7\u00a0000\u00a0m\u00b2 consacr\u00e9s \u00e0 la restauration.<\/p>\n<p>Une vingtaine d\u2019\u00e9tablissements y proposent des cartes alsaciennes, aveyronnaises, guyanaises, ib\u00e9riques\u2026 Les visiteurs y picorent une pause m\u00e9rit\u00e9e entre deux halls.<\/p>\n<p>Plus g\u00e9n\u00e9ralement, et au-del\u00e0 m\u00eame de la partie restauration, la gastronomie est un produit d\u2019appel de la manifestation marseillaise.<\/p>\n<p>La food en force<\/p>\n<p>On vient \u00e0 Chanot pour go\u00fbter les glaces libanaises d\u2019<a href=\"https:\/\/www.laprovence.com\/article\/femina-provence\/5174141022283814\/createur-de-hamov-julien-doudoukdjian-est-a-la-foire-de-marseille-pour-presenter-ses-glaces-libanaises\" target=\"_blank\" rel=\"noopener\">Hamov<\/a> (hall 1), retrouver ann\u00e9e apr\u00e8s ann\u00e9e la redoutable nduja (chair \u00e0 saucisse piment\u00e9e) de l\u2019<a href=\"https:\/\/www.laprovence.com\/article\/femina-provence\/38908800966741\/trois-raisons-gourmandes-daller-a-la-foire-de-marseille\" target=\"_blank\" rel=\"noopener\">Antichi Sapori de Calabria<\/a> (hall 1) ou les vins corses du domaine Orsini (hall 7).<\/p>\n<p>Grand march\u00e9\u00a0italien (hall 1), produits de Corse (hall 7) et du reste de la France (hall 1), Asian Food Festival dans le hall 2, petit bout d\u2019Estaque avec le stand de chichis fr\u00e9gis et de panisses, corner consacr\u00e9 \u00e0 la truffe\u2026 Les organisateurs de l\u2019\u00e9v\u00e9nement ont bien conscience de la force de cette th\u00e9matique.<\/p>\n<p>Ils y consacrent d\u2019ailleurs trois Soir\u00e9es gourmandes un peu particuli\u00e8res puisqu\u2019accessibles gratuitement, sans passer par la billetterie de la foire elle-m\u00eame (les visiteurs payent simplement leurs consommations une fois sur place).<\/p>\n<p>Le premier rendez-vous de ce type a eu lieu d\u00e8s le premier week-end. Les deux derniers se tiendront les jeudi\u00a02 et samedi 4\u00a0octobre de 19 h \u00e0 23\u00a0h et mettront \u00e0 contribution la vaste offre de restauration de la foire internationale.<\/p>\n<p>\u00ab\u00a0Les Soir\u00e9es gourmandes existent depuis cinq ou six ans et on y consacre la zone des restaurants mais aussi le hall 6 (artisanat du monde) et le hall 7 (terroir corse et gastronomie)\u00a0\u00bb, pr\u00e9cise H\u00e9l\u00e8ne Caico, responsable communication et animations de l\u2019\u00e9v\u00e9nement.<\/p>\n<p>Chouettes assiettes et DJ set<\/p>\n<p>Durant la soir\u00e9e du 2\u00a0octobre, le <a href=\"https:\/\/www.laprovence.com\/article\/region\/1891350119276214\/le-dj-yann-muller-a-enflamme-le-cours-charle-de-gaulle-daubagne-a-loccasion-dun-concert-gratuit\" target=\"_blank\" rel=\"noopener\">DJ ni\u00e7ois Yann Muller<\/a> animera la grande sc\u00e8ne. Pour celle du samedi\u00a04, la radio Ch\u00e9rie FM sera aux platines pour un set \u00ab\u00a0musiques des ann\u00e9es\u00a02000\u00a0\u00bb.<\/p>\n<p>\u00ab\u00a0Ces soir\u00e9es th\u00e9matiques permettent de fid\u00e9liser nos visiteurs et leur donnent l\u2019occasion de venir \u00e0 la Foire mais aussi d\u2019y revenir, poursuit H\u00e9l\u00e8ne Caico. Mais c\u2019est \u00e9videmment aussi une autre mani\u00e8re d\u2019amener de la client\u00e8le \u00e0 nos exposants.\u00a0\u00bb \u00c0 table tout le monde\u00a0!<\/p>\n<p>Foire internationale de Marseille, jusqu&rsquo;au lundi 6\u00a0octobre au parc Chanot, rond-point du Prado, 8e. Entr\u00e9e 5 \u00e0 8 \u20ac, gratuit pour les moins de 12\u00a0ans et les personnes \u00e0 mobilit\u00e9 r\u00e9duite et leurs accompagnants.<\/p>\n","protected":false},"excerpt":{"rendered":"Ce sont les organisateurs eux-m\u00eames qui le disent\u00a0: durant la Foire internationale de Marseille, le parc Chanot devient&hellip;\n","protected":false},"author":2,"featured_media":430551,"comment_status":"","ping_status":"","sticky":false,"template":"","format":"standard","meta":{"footnotes":""},"categories":[2814],"tags":[17,1111,11,4070,1777,674,4434,1011,27,38081,19915,26529,884,12,882,16,25,16335],"class_list":{"0":"post-430550","1":"post","2":"type-post","3":"status-publish","4":"format-standard","5":"has-post-thumbnail","7":"category-marseille","8":"tag-17","9":"tag-actu","10":"tag-actualites","11":"tag-deux","12":"tag-eu","13":"tag-europe","14":"tag-foire","15":"tag-fr","16":"tag-france","17":"tag-gourmandes","18":"tag-gratuites","19":"tag-internationale","20":"tag-marseille","21":"tag-news","22":"tag-provence-alpes-cote-dazur","23":"tag-region","24":"tag-republique-francaise","25":"tag-soirees"},"share_on_mastodon":{"url":"https:\/\/pubeurope.com\/@fr\/115297682937828041","error":""},"_links":{"self":[{"href":"https:\/\/www.europesays.com\/fr\/wp-json\/wp\/v2\/posts\/430550","targetHints":{"allow":["GET"]}}],"collection":[{"href":"https:\/\/www.europesays.com\/fr\/wp-json\/wp\/v2\/posts"}],"about":[{"href":"https:\/\/www.europesays.com\/fr\/wp-json\/wp\/v2\/types\/post"}],"author":[{"embeddable":true,"href":"https:\/\/www.europesays.com\/fr\/wp-json\/wp\/v2\/users\/2"}],"replies":[{"embeddable":true,"href":"https:\/\/www.europesays.com\/fr\/wp-json\/wp\/v2\/comments?post=430550"}],"version-history":[{"count":0,"href":"https:\/\/www.europesays.com\/fr\/wp-json\/wp\/v2\/posts\/430550\/revisions"}],"wp:featuredmedia":[{"embeddable":true,"href":"https:\/\/www.europesays.com\/fr\/wp-json\/wp\/v2\/media\/430551"}],"wp:attachment":[{"href":"https:\/\/www.europesays.com\/fr\/wp-json\/wp\/v2\/media?parent=430550"}],"wp:term":[{"taxonomy":"category","embeddable":true,"href":"https:\/\/www.europesays.com\/fr\/wp-json\/wp\/v2\/categories?post=430550"},{"taxonomy":"post_tag","embeddable":true,"href":"https:\/\/www.europesays.com\/fr\/wp-json\/wp\/v2\/tags?post=430550"}],"curies":[{"name":"wp","href":"https:\/\/api.w.org\/{rel}","templated":true}]}}