{"id":430559,"date":"2025-10-01T07:20:13","date_gmt":"2025-10-01T07:20:13","guid":{"rendered":"https:\/\/www.europesays.com\/fr\/430559\/"},"modified":"2025-10-01T07:20:13","modified_gmt":"2025-10-01T07:20:13","slug":"jeanine-langellier-nommee-deleguee-regionale-orange-paris-et-idf-ouest","status":"publish","type":"post","link":"https:\/\/www.europesays.com\/fr\/430559\/","title":{"rendered":"Jeanine Langellier nomm\u00e9e d\u00e9l\u00e9gu\u00e9e r\u00e9gionale Orange Paris et IDF Ouest"},"content":{"rendered":"<p><img loading=\"lazy\" decoding=\"async\" alt=\"\u00a9 DR - Jeanne Langellier succ\u00e8de \u00e0 Jean-Luc Girod, parti \u00e0 la retraite.\" data-zoom-src=\"https:\/\/www.europesays.com\/fr\/wp-content\/uploads\/2025\/10\/initial-jeanne-langellier-paysage.jpg\" data-zoomable=\"\" height=\"702\" src=\"https:\/\/www.europesays.com\/fr\/wp-content\/uploads\/2025\/10\/initial-jeanne-langellier-paysage.jpg\" width=\"1248\"\/>  <\/p>\n<p class=\"article-desc\">\u00a9 DR &#8211; Jeanne Langellier succ\u00e8de \u00e0 Jean-Luc Girod, parti \u00e0 la retraite. <\/p>\n<p>C&rsquo;est act\u00e9. Ce 1er octobre, <strong>Jeanne Langellier<\/strong> a pris ses fonctions au sein de la direction <a href=\"https:\/\/mesinfos.fr\/93400-saint-ouen\/plaine-commune-des-jeunes-immerges-dans-le-monde-de-l-entreprise-avec-orange-215459.html\" rel=\"noopener nofollow\" target=\"_blank\">Orange <\/a>\u00cele-de-France en tant que d\u00e9l\u00e9gu\u00e9e r\u00e9gionale pour <strong>Paris<\/strong>, les <strong>Hauts-de-Seine<\/strong>, les <strong>Yvelines <\/strong>et le <strong>Val-d\u2019Oise<\/strong>. Elle succ\u00e8de \u00e0 <strong>Jean-Luc Girod<\/strong>, r\u00e9cemment parti \u00e0 la retraite \u00ab\u00a0apr\u00e8s une carri\u00e8re marqu\u00e9e par son engagement au service du d\u00e9veloppement r\u00e9gional d\u2019Orange\u00a0\u00bb. <\/p>\n<p>Sp\u00e9cialiste des partenariats strat\u00e9giques, elle dirigeait jusqu\u2019\u00e0 pr\u00e9sent la TV d\u2019Orange en France et a auparavant occup\u00e9 des postes de direction dans les r\u00e9seaux c\u00e2bl\u00e9s, le tourisme et la presse. <\/p>\n<p> Les missions de Jeanne Langellier \u00e0 la direction Orange IDF <\/p>\n<p>Ing\u00e9nieure dipl\u00f4m\u00e9e d\u2019AgroParisTech, elle a d\u00e9but\u00e9 sa carri\u00e8re comme consultante au sein du cabinet Bossard, devenu Capgemini Invent. Dans ses nouvelles missions, <strong>Jeanne Langellier<\/strong> contribuera \u00e0 consolider la position \u00ab\u00a0de leader\u00a0\u00bb d\u2019<strong>Orange<\/strong> sur le territoire, \u00e0 travers le d\u00e9veloppement du tr\u00e8s haut d\u00e9bit et l\u2019accompagnement de la transformation num\u00e9rique. Jeanne Langellier dit se r\u00e9jouir d&rsquo;animer une \u00e9quipe de directeurs relations avec les collectivit\u00e9s locales tr\u00e8s engag\u00e9es localement. <\/p>\n<p>\u00ab\u00a0Ensemble nous voulons d\u00e9velopper avec les collectivit\u00e9s et les acteurs sociaux \u00e9conomiques de Paris et de l\u2019Ouest de l\u2019<strong>\u00cele-de-France<\/strong>, des relations partenariales fortes et des projets innovants, au service d\u2019un num\u00e9rique responsable pour tous\u00a0\u00bb,\u00a0souligne-t-elle.\u00a0<\/p>\n","protected":false},"excerpt":{"rendered":"\u00a9 DR &#8211; Jeanne Langellier succ\u00e8de \u00e0 Jean-Luc Girod, parti \u00e0 la retraite. C&rsquo;est act\u00e9. Ce 1er octobre,&hellip;\n","protected":false},"author":2,"featured_media":430560,"comment_status":"","ping_status":"","sticky":false,"template":"","format":"standard","meta":{"footnotes":""},"categories":[1592],"tags":[1111,11,1777,674,1011,27,662,12,738,626,25],"class_list":{"0":"post-430559","1":"post","2":"type-post","3":"status-publish","4":"format-standard","5":"has-post-thumbnail","7":"category-ile-de-france","8":"tag-actu","9":"tag-actualites","10":"tag-eu","11":"tag-europe","12":"tag-fr","13":"tag-france","14":"tag-ile-de-france","15":"tag-news","16":"tag-orange","17":"tag-paris","18":"tag-republique-francaise"},"share_on_mastodon":{"url":"https:\/\/pubeurope.com\/@fr\/115297702629890193","error":""},"_links":{"self":[{"href":"https:\/\/www.europesays.com\/fr\/wp-json\/wp\/v2\/posts\/430559","targetHints":{"allow":["GET"]}}],"collection":[{"href":"https:\/\/www.europesays.com\/fr\/wp-json\/wp\/v2\/posts"}],"about":[{"href":"https:\/\/www.europesays.com\/fr\/wp-json\/wp\/v2\/types\/post"}],"author":[{"embeddable":true,"href":"https:\/\/www.europesays.com\/fr\/wp-json\/wp\/v2\/users\/2"}],"replies":[{"embeddable":true,"href":"https:\/\/www.europesays.com\/fr\/wp-json\/wp\/v2\/comments?post=430559"}],"version-history":[{"count":0,"href":"https:\/\/www.europesays.com\/fr\/wp-json\/wp\/v2\/posts\/430559\/revisions"}],"wp:featuredmedia":[{"embeddable":true,"href":"https:\/\/www.europesays.com\/fr\/wp-json\/wp\/v2\/media\/430560"}],"wp:attachment":[{"href":"https:\/\/www.europesays.com\/fr\/wp-json\/wp\/v2\/media?parent=430559"}],"wp:term":[{"taxonomy":"category","embeddable":true,"href":"https:\/\/www.europesays.com\/fr\/wp-json\/wp\/v2\/categories?post=430559"},{"taxonomy":"post_tag","embeddable":true,"href":"https:\/\/www.europesays.com\/fr\/wp-json\/wp\/v2\/tags?post=430559"}],"curies":[{"name":"wp","href":"https:\/\/api.w.org\/{rel}","templated":true}]}}