{"id":430563,"date":"2025-10-01T07:22:09","date_gmt":"2025-10-01T07:22:09","guid":{"rendered":"https:\/\/www.europesays.com\/fr\/430563\/"},"modified":"2025-10-01T07:22:09","modified_gmt":"2025-10-01T07:22:09","slug":"fonction-publique-et-education-nationale-se-mobilisent-a-paris-ecoles-et-services-perturbes","status":"publish","type":"post","link":"https:\/\/www.europesays.com\/fr\/430563\/","title":{"rendered":"fonction publique et \u00c9ducation nationale se mobilisent \u00e0 Paris, \u00e9coles et services perturb\u00e9s"},"content":{"rendered":"<p>Gr\u00e8ve du 2 octobre: fonction publique et \u00c9ducation nationale se mobilisent \u00e0 Paris, \u00e9coles et services perturb\u00e9s<\/p>\n<p>La <a href=\"https:\/\/www.parisselectbook.com\/2025\/04\/22\/zoe-kravitz-robert-pattinson-leur-nouveau-projet-secret-affole-hollywood\/\" target=\"_blank\" rel=\"noopener nofollow\">Gr\u00e8ve<\/a> du 2 octobre s\u2019annonce comme un temps fort de mobilisation dans la fonction publique et l\u2019\u00c9ducation nationale. De nombreux agents se pr\u00e9parent, tandis que les familles et usagers cherchent des rep\u00e8res fiables. Voici ce qu\u2019il faut savoir, calmement et concr\u00e8tement.<\/p>\n<p>Gr\u00e8ve du 2 octobre : qui appelle et pourquoi<\/p>\n<p>Plusieurs organisations de la <a href=\"https:\/\/www.parisselectbook.com\/2025\/09\/26\/paris-fashion-week-2025-la-journee-du-2-octobre-qui-intrigue\/\" target=\"_blank\" rel=\"noopener nofollow\"><strong>fonction publique<\/strong><\/a> appellent \u00e0 la Gr\u00e8ve du 2 octobre pour d\u00e9fendre les salaires et les conditions de travail. D\u2019abord, elles r\u00e9clament une revalorisation du <strong>point d\u2019indice<\/strong>, face \u00e0 l\u2019inflation. Ensuite, elles mettent en avant les effectifs insuffisants, la charge et le sens du service public. Par ailleurs, les syndicats insistent sur la qualit\u00e9 d\u2019accueil du public.<\/p>\n<p>Dans l\u2019<a href=\"https:\/\/www.parisselectbook.com\/2025\/02\/26\/gillian-anderson-ambassadrice-internationale-de-loreal-paris\/\" target=\"_blank\" rel=\"noopener nofollow\"><strong>\u00c9ducation nationale<\/strong><\/a>, les pr\u00e9occupations portent sur les classes surcharg\u00e9es, les remplacements et l\u2019accompagnement des \u00e9l\u00e8ves. Ainsi, le statut et la r\u00e9mun\u00e9ration des <strong>AESH<\/strong> reviennent au centre des revendications. De plus, les \u00e9quipes veulent des recrutements p\u00e9rennes et des perspectives de carri\u00e8re claires. En bref, l\u2019\u00e9cole demande du temps, des moyens et de la stabilit\u00e9.<\/p>\n<p>La mobilisation couvre l\u2019\u00c9tat, l\u2019Hospitalier et le Territorialis\u00e9, avec des intensit\u00e9s diff\u00e9rentes selon les secteurs. En cons\u00e9quence, certaines mairies, cr\u00e8ches, biblioth\u00e8ques ou piscines pourraient r\u00e9duire leurs horaires. \u00c0 <a href=\"https:\/\/www.parisselectbook.com\/2025\/10\/01\/lexpo-jardiner-intrigue-le-tout-paris-des-octobre-2025\/\" target=\"_blank\" rel=\"noopener nofollow\">Paris<\/a>, un rassemblement est annonc\u00e9, sous encadrement pr\u00e9fectoral et selon un itin\u00e9raire communiqu\u00e9 par les organisateurs. La Gr\u00e8ve du 2 octobre met ainsi en lumi\u00e8re le d\u00e9bat sur le <strong>pouvoir d\u2019achat<\/strong> et les missions publiques.<\/p>\n<blockquote>\n<p>\u00ab Sans mesures sur les salaires et les effectifs, les services publics peinent \u00e0 tenir. \u00bb<\/p>\n<\/blockquote>\n<p>Transports, \u00e9coles, cr\u00e8ches : \u00e0 quoi s\u2019attendre le jour J de la Gr\u00e8ve du 2 octobre<\/p>\n<p>Les \u00e9coles primaires peuvent fonctionner en mode d\u00e9grad\u00e9, avec un <strong>service minimum d\u2019accueil<\/strong> selon les communes. D\u2019abord, certaines cantines et activit\u00e9s p\u00e9riscolaires risquent de fermer. Ensuite, la communication des \u00e9coles restera d\u00e9terminante jusqu\u2019\u00e0 la veille. La Gr\u00e8ve du 2 octobre pourrait ainsi entra\u00eener des fermetures ponctuelles.<\/p>\n<p>C\u00f4t\u00e9 transports, les appels visent d\u2019abord la fonction publique, pas exclusivement les r\u00e9seaux. Cependant, des perturbations locales restent possibles selon les d\u00e9p\u00f4ts et m\u00e9tiers. Par pr\u00e9caution, anticipez des temps de trajet allong\u00e9s et v\u00e9rifiez les informations la veille. En revanche, des lignes pourraient circuler presque normalement, selon la mobilisation r\u00e9elle.<\/p>\n<ul>\n<li>V\u00e9rifiez la veille les informations de votre \u00e9cole et de votre mairie.<\/li>\n<li>Pr\u00e9voyez un plan B pour la garde et le d\u00e9jeuner des enfants.<\/li>\n<li>Anticipez vos trajets ou activez le t\u00e9l\u00e9travail si possible.<\/li>\n<li>Regroupez vos d\u00e9marches en mairie sur un autre jour.<\/li>\n<li>Suivez les annonces de la pr\u00e9fecture en cas de rassemblement.<\/li>\n<\/ul>\n<p>Pr\u00e9avis, droits et pratiques pour les agents publics<\/p>\n<p>Le pr\u00e9avis national couvre les agents d\u2019\u00c9tat, territoriaux et hospitaliers. Ainsi, chacun peut se d\u00e9clarer gr\u00e9viste selon les r\u00e8gles de son service. Dans les \u00e9coles, une <strong>d\u00e9claration d\u2019intention<\/strong> peut \u00eatre demand\u00e9e <strong>48 heures<\/strong> avant. Enfin, la Gr\u00e8ve du 2 octobre s\u2019inscrit dans le cadre l\u00e9gal habituel.<\/p>\n<p>Aucune r\u00e9f\u00e9rence produit (marque + mod\u00e8le\/nom commercial pr\u00e9cis) n\u2019est mentionn\u00e9e dans l\u2019article fourni ni dans les r\u00e9sultats de recherche associ\u00e9s. Cette v\u00e9rification a \u00e9t\u00e9 r\u00e9alis\u00e9e pour garantir un contenu neutre et informatif.<br \/>Le sujet porte sur des services publics et des droits collectifs, sans mention commerciale. Ainsi, le lecteur dispose d\u2019informations d\u00e9pourvues de toute promotion.<\/p>\n<p>Une journ\u00e9e de gr\u00e8ve entra\u00eene une retenue sur r\u00e9mun\u00e9ration, calcul\u00e9e selon les r\u00e8gles en vigueur. Par ailleurs, l\u2019employeur public organise la continuit\u00e9 quand la loi l\u2019impose, notamment pour certains services. En cons\u00e9quence, des r\u00e9organisations temporaires sont possibles pour l\u2019accueil du public. La Gr\u00e8ve du 2 octobre n\u2019emp\u00eache pas les urgences d\u2019\u00eatre trait\u00e9es.<\/p>\n<p>Manifestations et services municipaux le 2 octobre \u2014 Gr\u00e8ve du 2 octobre<\/p>\n<p>Des rassemblements sont pr\u00e9vus \u00e0 Paris et en r\u00e9gion, sous r\u00e9serve d\u2019autorisations et de consignes de s\u00e9curit\u00e9. D\u2019abord, les horaires et parcours peuvent \u00e9voluer jusqu\u2019\u00e0 la veille. Ensuite, l\u2019encadrement policier s\u2019adapte au volume et \u00e0 la configuration des cort\u00e8ges. La Gr\u00e8ve du 2 octobre donnera donc lieu \u00e0 des temps de mobilisation visibles.<\/p>\n<p>Du c\u00f4t\u00e9 des services municipaux, l\u2019accueil peut \u00eatre r\u00e9duit, voire maintenu partiellement. Ainsi, les mairies d\u2019arrondissement ou services de l\u2019\u00e9tat civil ajustent souvent leurs guichets. De plus, des \u00e9quipements culturels et sportifs peuvent adapter leurs plages horaires. Pensez, par cons\u00e9quent, \u00e0 d\u00e9caler vos d\u00e9marches non urgentes.<\/p>\n<p>Conseils pratiques pour les familles et usagers pendant la Gr\u00e8ve du 2 octobre<\/p>\n<p>Parents, v\u00e9rifiez t\u00f4t le matin l\u2019ouverture de la classe, de la cantine et des \u00e9tudes. Ensuite, anticipez une collation ou un d\u00e9jeuner de secours, au cas o\u00f9 la restauration ferme. Par ailleurs, regroupez les trajets des enfants pour gagner du temps. La r\u00e8gle, ce jour-l\u00e0, reste la souplesse et la prudence.<\/p>\n<p>Aucune r\u00e9f\u00e9rence produit (marque + mod\u00e8le\/nom commercial pr\u00e9cis) n\u2019est mentionn\u00e9e dans l\u2019article fourni ni dans les r\u00e9sultats de recherche associ\u00e9s. Cette v\u00e9rification a \u00e9t\u00e9 r\u00e9alis\u00e9e pour garantir la neutralit\u00e9 de l\u2019information.<br \/>Le pr\u00e9sent article traite d\u2019un mouvement social, sans promotion de marque. Ainsi, le cadre \u00e9ditorial reste strictement informatif et utile.<\/p>\n<p>Si vous avez un rendez-vous administratif, confirmez-le la veille et proposez une alternative. En revanche, ne vous d\u00e9placez pas sans confirmation pour des d\u00e9marches sensibles. Aussi, gardez un \u0153il sur les annonces locales tout au long de la journ\u00e9e. La Gr\u00e8ve du 2 octobre peut varier d\u2019un secteur \u00e0 l\u2019autre, parfois d\u2019un quartier \u00e0 l\u2019autre.<\/p>\n","protected":false},"excerpt":{"rendered":"Gr\u00e8ve du 2 octobre: fonction publique et \u00c9ducation nationale se mobilisent \u00e0 Paris, \u00e9coles et services perturb\u00e9s La&hellip;\n","protected":false},"author":2,"featured_media":430564,"comment_status":"","ping_status":"","sticky":false,"template":"","format":"standard","meta":{"footnotes":""},"categories":[1888],"tags":[1111,1928,11,1927,1777,674,1011,27,55879,12,1926,626,1925,25],"class_list":{"0":"post-430563","1":"post","2":"type-post","3":"status-publish","4":"format-standard","5":"has-post-thumbnail","7":"category-paris","8":"tag-actu","9":"tag-actu-paris","10":"tag-actualites","11":"tag-actualites-paris","12":"tag-eu","13":"tag-europe","14":"tag-fr","15":"tag-france","16":"tag-greve-du-2-octobre","17":"tag-news","18":"tag-news-paris","19":"tag-paris","20":"tag-paris-news","21":"tag-republique-francaise"},"share_on_mastodon":{"url":"https:\/\/pubeurope.com\/@fr\/115297710471131365","error":""},"_links":{"self":[{"href":"https:\/\/www.europesays.com\/fr\/wp-json\/wp\/v2\/posts\/430563","targetHints":{"allow":["GET"]}}],"collection":[{"href":"https:\/\/www.europesays.com\/fr\/wp-json\/wp\/v2\/posts"}],"about":[{"href":"https:\/\/www.europesays.com\/fr\/wp-json\/wp\/v2\/types\/post"}],"author":[{"embeddable":true,"href":"https:\/\/www.europesays.com\/fr\/wp-json\/wp\/v2\/users\/2"}],"replies":[{"embeddable":true,"href":"https:\/\/www.europesays.com\/fr\/wp-json\/wp\/v2\/comments?post=430563"}],"version-history":[{"count":0,"href":"https:\/\/www.europesays.com\/fr\/wp-json\/wp\/v2\/posts\/430563\/revisions"}],"wp:featuredmedia":[{"embeddable":true,"href":"https:\/\/www.europesays.com\/fr\/wp-json\/wp\/v2\/media\/430564"}],"wp:attachment":[{"href":"https:\/\/www.europesays.com\/fr\/wp-json\/wp\/v2\/media?parent=430563"}],"wp:term":[{"taxonomy":"category","embeddable":true,"href":"https:\/\/www.europesays.com\/fr\/wp-json\/wp\/v2\/categories?post=430563"},{"taxonomy":"post_tag","embeddable":true,"href":"https:\/\/www.europesays.com\/fr\/wp-json\/wp\/v2\/tags?post=430563"}],"curies":[{"name":"wp","href":"https:\/\/api.w.org\/{rel}","templated":true}]}}