{"id":430590,"date":"2025-10-01T07:37:12","date_gmt":"2025-10-01T07:37:12","guid":{"rendered":"https:\/\/www.europesays.com\/fr\/430590\/"},"modified":"2025-10-01T07:37:12","modified_gmt":"2025-10-01T07:37:12","slug":"la-date-du-tirage-au-sort-des-poules-devoilee","status":"publish","type":"post","link":"https:\/\/www.europesays.com\/fr\/430590\/","title":{"rendered":"la date du tirage au sort des poules d\u00e9voil\u00e9e"},"content":{"rendered":"<p>World Rugby a annonc\u00e9, deux ans jour pour jour avant le d\u00e9but de la Coupe du monde 2027 en Australie, la date du tirage au sort des phases de groupe du tournoi.<\/p>\n<p class=\"fig-paragraph\">Dans deux ans, la prochaine\u00a0<a href=\"http:\/\/www.lefigaro.fr\/sports\/rugby\/mondial-2027-de-rugby-world-rugby-annonce-que-le-match-d-ouverture-aura-lieu-a-perth-et-la-finale-a-sydney-20250130\" target=\"_blank\" data-fig-type=\"NewsFlash\" rel=\"sponsored noopener nofollow\" data-gtm-custom-categorie=\"navigation\" data-gtm-custom-action=\"crossclick\" data-gtm-custom-label=\"Contextuel\" data-gtm-event=\"customEventSPE\" data-fig-domain=\"LEFIGARO\">Coupe du monde de rugby<\/a>\u00a0d\u00e9butera sur les terres des\u00a0<a href=\"http:\/\/www.lefigaro.fr\/sports\/rugby\/rugby-will-skelton-quitte-les-wallabies-pour-rejoindre-la-rochelle-avant-le-debut-du-top-14-20250826\" target=\"_blank\" data-fig-type=\"NewsFlash\" rel=\"sponsored noopener nofollow\" data-gtm-custom-categorie=\"navigation\" data-gtm-custom-action=\"crossclick\" data-gtm-custom-label=\"Contextuel\" data-gtm-event=\"customEventSPE\" data-fig-domain=\"LEFIGARO\">Wallabies\u00a0<\/a>(1er octobre au 13 novembre). Pour la premi\u00e8re fois de l\u2019histoire du tournoi, non pas 20, mais 24 \u00e9quipes participeront \u00e0 la 11e \u00e9dition de la comp\u00e9tition. Un changement impactant directement le d\u00e9roul\u00e9 du tirage au sort.<\/p>\n<p class=\"fig-paragraph\">Le prochain d\u00e9pouillage permettra de compl\u00e9ter le tableau des six poules de quatre nations et ainsi de se projeter sur les possibles confrontations directes d\u00e8s les huiti\u00e8mes de finale qui sont introduits pour la premi\u00e8re fois lors de cette \u00e9dition en Australie.<\/p>\n<p>                                    <a class=\"fig-a11y-skip a11y-hidden\" href=\"#fig-a11y-skip-main-inarticle\"><br \/>\n        Passer la publicit\u00e9<br \/>\n    <\/a><\/p>\n<p class=\"fig-paragraph\">Le tirage au sort sera effectu\u00e9, quelques jours apr\u00e8s la fin du tournoi de rep\u00eachage \u00e0 Duba\u00ef, dans la soir\u00e9e du mercredi 3 d\u00e9cembre (heure australienne). Les 24 \u00e9quipes qualifi\u00e9es seront alors connues.<\/p>\n","protected":false},"excerpt":{"rendered":"World Rugby a annonc\u00e9, deux ans jour pour jour avant le d\u00e9but de la Coupe du monde 2027&hellip;\n","protected":false},"author":2,"featured_media":430591,"comment_status":"","ping_status":"","sticky":false,"template":"","format":"standard","meta":{"footnotes":""},"categories":[1416],"tags":[2305,514,39070,1011,27,479,1468,60,21067,513],"class_list":{"0":"post-430590","1":"post","2":"type-post","3":"status-publish","4":"format-standard","5":"has-post-thumbnail","7":"category-rugby","8":"tag-all-blacks","9":"tag-antoine-dupont","10":"tag-coupe-du-monde-de-rugby","11":"tag-fr","12":"tag-france","13":"tag-rugby","14":"tag-rugby-football","15":"tag-sports","16":"tag-springboks","17":"tag-xv-de-france"},"share_on_mastodon":{"url":"https:\/\/pubeurope.com\/@fr\/115297769642617793","error":""},"_links":{"self":[{"href":"https:\/\/www.europesays.com\/fr\/wp-json\/wp\/v2\/posts\/430590","targetHints":{"allow":["GET"]}}],"collection":[{"href":"https:\/\/www.europesays.com\/fr\/wp-json\/wp\/v2\/posts"}],"about":[{"href":"https:\/\/www.europesays.com\/fr\/wp-json\/wp\/v2\/types\/post"}],"author":[{"embeddable":true,"href":"https:\/\/www.europesays.com\/fr\/wp-json\/wp\/v2\/users\/2"}],"replies":[{"embeddable":true,"href":"https:\/\/www.europesays.com\/fr\/wp-json\/wp\/v2\/comments?post=430590"}],"version-history":[{"count":0,"href":"https:\/\/www.europesays.com\/fr\/wp-json\/wp\/v2\/posts\/430590\/revisions"}],"wp:featuredmedia":[{"embeddable":true,"href":"https:\/\/www.europesays.com\/fr\/wp-json\/wp\/v2\/media\/430591"}],"wp:attachment":[{"href":"https:\/\/www.europesays.com\/fr\/wp-json\/wp\/v2\/media?parent=430590"}],"wp:term":[{"taxonomy":"category","embeddable":true,"href":"https:\/\/www.europesays.com\/fr\/wp-json\/wp\/v2\/categories?post=430590"},{"taxonomy":"post_tag","embeddable":true,"href":"https:\/\/www.europesays.com\/fr\/wp-json\/wp\/v2\/tags?post=430590"}],"curies":[{"name":"wp","href":"https:\/\/api.w.org\/{rel}","templated":true}]}}