{"id":430602,"date":"2025-10-01T07:45:13","date_gmt":"2025-10-01T07:45:13","guid":{"rendered":"https:\/\/www.europesays.com\/fr\/430602\/"},"modified":"2025-10-01T07:45:13","modified_gmt":"2025-10-01T07:45:13","slug":"insolite-une-artiste-peintre-rachete-sur-leboncoin-la-toile-cousue-peinte-qui-lui-avait-ete-volee-a-paris-il-y-a-19-ans-video","status":"publish","type":"post","link":"https:\/\/www.europesays.com\/fr\/430602\/","title":{"rendered":"Insolite: une artiste-peintre rach\u00e8te sur leboncoin la toile cousue peinte qui lui avait \u00e9t\u00e9 vol\u00e9e \u00e0 Paris, il y a\u2026 19 ans (vid\u00e9o)"},"content":{"rendered":"<p class=\"ap-StoryElement ap-StoryElement--mb ap-StoryText\">Quand elle a peint cette id\u00e9e, il y a 20 ans, alors qu&rsquo;elle \u00e9tait \u00e9l\u00e8ve \u00e0 l&rsquo;Acad\u00e9mie des Beaux-Arts de Namur, Mara a invent\u00e9 son art, son cadre. \u00ab\u00a0Comme je n&rsquo;avais pas de quoi acheter des toiles de peinture, je me suis mise \u00e0 en fabriquer, je me suis servie de mon exp\u00e9rience de la couture. J&rsquo;ai pris quatre bois, j&rsquo;ai r\u00e9cup\u00e9r\u00e9 des morceaux de tissus inutilis\u00e9s et je les ai assembl\u00e9s, en les tendant plus ou moins. Du jean, de la soie, etc.\u00a0\u00bb Mais aussi des trous, des lac\u00e9rations, des formes qui ressemblent \u00e0 des fossiles. Apr\u00e8s avoir repouss\u00e9 les limites, <a href=\"https:\/\/www.lavenir.net\/regions\/namur\/beauraing\/2021\/12\/09\/photos-a-beauraing-mara-est-las-de-pique-couturiere-chirurgienne-tailleuse-pour-dames-mecaniques-BHYMKGPYJVHW7PIWQSX42GQL5U\/\" rel=\"nofollow noopener\" target=\"_blank\">l&rsquo;artiste polyvalente et multi-disciplinaire<\/a> avait \u00e0 l&rsquo;\u00e9poque r\u00e9alis\u00e9 une s\u00e9rie de quatre grands formats (1 m sur 1 m) et dix petits formats (70 cm sur 70 cm) mais ce premier jet reste son coup de c\u0153ur.<\/p>\n<p>Sans titre, sans suite, jusqu&rsquo;\u00e0 l&rsquo;hiver pass\u00e9<\/p>\n<p class=\"ap-StoryElement ap-StoryElement--mb ap-StoryText\">C&rsquo;est peu dire qu&rsquo;avec ses bouts de ficelle, la jeune vingtenaire avait \u00e9t\u00e9 folle de joie en apprenant, au printemps 2006, qu&rsquo;elle allait m\u00ealer son \u0153uvre \u00e0 une prestigieuse expo-vente au Crillon, le palace parisien. Mais tout ne s&rsquo;est pas pass\u00e9 comme pr\u00e9vu et Mara n&rsquo;a jamais retrouv\u00e9 son b\u00e9b\u00e9, tout de m\u00eame estim\u00e9 \u00e0 2 000-2 200 \u20ac. Pas de nouvelles jusqu&rsquo;\u00e0 l&rsquo;hiver pass\u00e9: le fant\u00f4me s&rsquo;est rappel\u00e9 \u00e0 l&rsquo;artiste. \u00ab\u00a0Je fournissais de la laine dans un magasin quand on m&rsquo;a demand\u00e9 s&rsquo;il existait des articles de presse pr\u00e9sentant mon travail. J&rsquo;ai fait une recherche \u00e0 mon nom sur Google et je suis tomb\u00e9e sur cette annonce sur leboncoin.fr.\u00a0\u00bb Effarant. Naturellement, le vendeur \u2013 qui avait tout de m\u00eame, quelques ann\u00e9es plus t\u00f4t, contact\u00e9 Mara pour obtenir un certificat d&rsquo;\u2026 authenticit\u00e9, sans suite \u2013 \u00e9tait de bonne foi: il avait achet\u00e9 l&rsquo;objet de mani\u00e8re r\u00e9guli\u00e8re. Mais il n&rsquo;\u00e9tait pas plus tendre en affaires pour la cause. Et les 500 \u20ac qu&rsquo;il demandait, Mara ne les avait pas. \u00ab\u00a0J&rsquo;ai ouvert une cagnotte en ligne, mes amis et connaissance ont contribu\u00e9 \u00e0 tr\u00e8s vite atteindre le montant. Comme le vendeur ne voulait pas s&rsquo;occuper du transporteur, mon ex-compagnon a pris un week-end et est all\u00e9 la chercher \u00e0 Caen avec Basile, notre fils. Ils en ont profit\u00e9 pour faire les plages du D\u00e9barquement. \u00ab\u00a0<\/p>\n<p>Des bouts de soi<\/p>\n<p class=\"ap-StoryElement ap-StoryElement--mb ap-StoryText\">Soulagement pour Mara et, au-del\u00e0, toute la famille. Depuis que la toile avait refait surface, il y avait une certaine tension. \u00ab\u00a0Franchement, c&rsquo;est bien de la voir \u00e0 la maison apr\u00e8s toute cette histoire.\u00a0\u00bb, souffle Basile, 14 ans.<\/p>\n<p class=\"ap-StoryElement ap-StoryElement--mb ap-StoryText\">Quant \u00e0 Mara qui n&rsquo;a plus peint depuis un petit moment, \u00e7a lui donne des envies. Cette toile qu&rsquo;elle n&rsquo;a finalement jamais vendue. \u00ab\u00a0Je n&rsquo;aurais pas de souci \u00e0 le faire, honn\u00eatement cette fois. Mais j&rsquo;aimerais exposer cette toile avec la s\u00e9rie que j&rsquo;avais r\u00e9alis\u00e9e \u00e0 l&rsquo;\u00e9poque, pour la remettre dans son contexte. Ce serait chouette pour tous les gens qui ont mis un peu d&rsquo;argent pour que je puisse la racheter. Elle leur appartient un peu \u00e0 tous.\u00a0\u00bb<\/p>\n<p class=\"ap-StoryElement ap-StoryElement--mb ap-StoryText\">Concernant les escrocs ayant mont\u00e9 l&rsquo;\u00e9v\u00e9nement, ils n&rsquo;en \u00e9taient pas \u00e0 leur coup d&rsquo;essai et plusieurs victimes ont intent\u00e9 une action en justice, qui suit son cours.<\/p>\n","protected":false},"excerpt":{"rendered":"Quand elle a peint cette id\u00e9e, il y a 20 ans, alors qu&rsquo;elle \u00e9tait \u00e9l\u00e8ve \u00e0 l&rsquo;Acad\u00e9mie des&hellip;\n","protected":false},"author":2,"featured_media":430603,"comment_status":"","ping_status":"","sticky":false,"template":"","format":"standard","meta":{"footnotes":""},"categories":[1358],"tags":[1348,1384,1385,55880,1386,58,59,1011,27],"class_list":{"0":"post-430602","1":"post","2":"type-post","3":"status-publish","4":"format-standard","5":"has-post-thumbnail","7":"category-arts-et-design","8":"tag-arts","9":"tag-arts-and-design","10":"tag-arts-et-design","11":"tag-beauraing","12":"tag-design","13":"tag-divertissement","14":"tag-entertainment","15":"tag-fr","16":"tag-france"},"share_on_mastodon":{"url":"https:\/\/pubeurope.com\/@fr\/115297800885922309","error":""},"_links":{"self":[{"href":"https:\/\/www.europesays.com\/fr\/wp-json\/wp\/v2\/posts\/430602","targetHints":{"allow":["GET"]}}],"collection":[{"href":"https:\/\/www.europesays.com\/fr\/wp-json\/wp\/v2\/posts"}],"about":[{"href":"https:\/\/www.europesays.com\/fr\/wp-json\/wp\/v2\/types\/post"}],"author":[{"embeddable":true,"href":"https:\/\/www.europesays.com\/fr\/wp-json\/wp\/v2\/users\/2"}],"replies":[{"embeddable":true,"href":"https:\/\/www.europesays.com\/fr\/wp-json\/wp\/v2\/comments?post=430602"}],"version-history":[{"count":0,"href":"https:\/\/www.europesays.com\/fr\/wp-json\/wp\/v2\/posts\/430602\/revisions"}],"wp:featuredmedia":[{"embeddable":true,"href":"https:\/\/www.europesays.com\/fr\/wp-json\/wp\/v2\/media\/430603"}],"wp:attachment":[{"href":"https:\/\/www.europesays.com\/fr\/wp-json\/wp\/v2\/media?parent=430602"}],"wp:term":[{"taxonomy":"category","embeddable":true,"href":"https:\/\/www.europesays.com\/fr\/wp-json\/wp\/v2\/categories?post=430602"},{"taxonomy":"post_tag","embeddable":true,"href":"https:\/\/www.europesays.com\/fr\/wp-json\/wp\/v2\/tags?post=430602"}],"curies":[{"name":"wp","href":"https:\/\/api.w.org\/{rel}","templated":true}]}}