{"id":430606,"date":"2025-10-01T07:47:07","date_gmt":"2025-10-01T07:47:07","guid":{"rendered":"https:\/\/www.europesays.com\/fr\/430606\/"},"modified":"2025-10-01T07:47:07","modified_gmt":"2025-10-01T07:47:07","slug":"swann-diabolique-il-manipule-baya-une-concurrente-en-moins-tout-pour-la-lumiere-8-octobre-2025-episode-83-resume-complet-usgs-nouveautes-tele-com","status":"publish","type":"post","link":"https:\/\/www.europesays.com\/fr\/430606\/","title":{"rendered":"Swann diabolique, il manipule Baya : une concurrente en moins ! &#8211; Tout pour la lumi\u00e8re 8 octobre 2025 (\u00e9pisode 83 &#8211; r\u00e9sum\u00e9 complet USGS) &#8211; Nouveaut\u00e9s-T\u00e9l\u00e9.com"},"content":{"rendered":"<ol>\n<li><a href=\"https:\/\/news.google.com\/rss\/articles\/CBMi_gFBVV95cUxPeDZ2eHd3MXlJSkRXd005MnJQd0hlcGx6VWVFMm9KM29vQmNhc0ZvcnQ4Mjd4X3JUdUI1T3JKcnZRQ1poLVZVSnFVdzIxVzlDVEJsZHEwQVNFeDg1R0NFc2IwM0JpREFHN25yWDdJRGV6YVRCdTF3MUd0NjhFcHJLVGpHRkVpMUZLYl9UcU1uWkRCMkxPNkZpUll5X3BnRHZHZ21waE9obHh4Q1c5X0N3cU5LSmx1WWlZWWtVMXZkZnlwQmpTUHlWVEZWQ3ZvTGR1WmRtX1M2T19vdHU1cW5KSk85MDRKNkQ2RHVxNVdfcE9aSG1GRkNpTS11eHA3QQ?oc=5\" target=\"_blank\" rel=\"nofollow noopener\">Swann diabolique, il manipule Baya : une concurrente en moins ! &#8211; Tout pour la lumi\u00e8re 8 octobre 2025 (\u00e9pisode 83 &#8211; r\u00e9sum\u00e9 complet USGS)<\/a>&nbsp;&nbsp;Nouveaut\u00e9s-T\u00e9l\u00e9.com<\/li>\n<li><a href=\"https:\/\/news.google.com\/rss\/articles\/CBMifkFVX3lxTE0xelJEVVY2QTgxN29uaXF4STc5YlYwOGlTZmdqa2xhR2xaWlliMUYyajcyeDZFRGt4S1hWbWlhbkNTNW5xSjFuVUNpU25wWUFMUl9RSngtZGtyZ1RiV3dPM0RxaE5jOG5IVGhyTGduVjMtaGxIYUJSamUybGp5Zw?oc=5\" target=\"_blank\" rel=\"nofollow noopener\">Tout pour la lumi\u00e8re : pourquoi Iris a-t-elle accept\u00e9 la demande en mariage de Swann ?<\/a>&nbsp;&nbsp;AlloCin\u00e9<\/li>\n<li><a href=\"https:\/\/news.google.com\/rss\/articles\/CBMikwFBVV95cUxQSlEwT2hvSkJKa2twcm1YNkJ5c2ZyOXBxMUVScndiOFVlRlRkUmxHbW5DX3FScWlBSmJyT3lYYlAtQ21Gd1k1ZkVfTXdEYVpSOEc4YU1ER29WRmRZTmZUWVlTR3RMczBjWUxaQUZIZy01b3ZReGhieVFVY3NScnBLZVdyRENxRnY2cDFodmxLR0xVQ1E?oc=5\" target=\"_blank\" rel=\"nofollow noopener\">Tout pour la lumi\u00e8re : \u00ab\u00a0Si je tombe, tu tombes\u00a0\u00bb&#8230; Le r\u00e9sum\u00e9 du mardi 30 septembre (SPOILERS)<\/a>&nbsp;&nbsp;Yahoo Actualit\u00e9s<\/li>\n<li><a href=\"https:\/\/news.google.com\/rss\/articles\/CBMi_gFBVV95cUxQOXZsZUVxdU9ySUloZlI0QzFLRUx6WHRsV3RJcU04OEJsWkY0R0ZIMUdNY1dlUUowOEtUS2JkY2toWm1KTkt6OVhhdUNUTHd1emc4VHB4Q3laVGl6YW9URWRqODZ0TF9XalFXWEFOMXowWUtoU3VLenJXYWwxYkhMSkdrU1FrSzI5VmMtOExKaTdpRERScy1lRDJnVGV2WDNMeW0yTGVYV1E3b3gxcTd5aVk1SFMwUGZLQ1F6MWJrREZIVTBEQzNYemUtRkFscW9XR0lfNFN1TVBDVzlRLWRRWUVfMTdHcDZqdmJIWTZvMjNWWE8zcmd4anRHdXdWUQ?oc=5\" target=\"_blank\" rel=\"nofollow noopener\">Tout pour la lumi\u00e8re : r\u00e9sum\u00e9s en avance des \u00e9pisodes jusqu\u2019au 17 octobre 2025 avec la course \u00e0 l\u2019EP qui vire au drame au Studio<\/a>&nbsp;&nbsp;Toutelatele<\/li>\n<li><a href=\"https:\/\/news.google.com\/rss\/articles\/CBMi9gFBVV95cUxORTB0UTZ4VDRkc2V2cUVtc2Y5S0tzUnRWQ2ZzYnZ3X2pCT0xEeFo4ZndNajNZUVZ0MWQ3VTRNM2dSWHpsaVBtcVBZcHBIQ3dVRnJ0Q3VINUptSkQza1VtRU9rUkNLSXFEOEZadzZjb0pHcFZzOEJkZmJOZF9YWDYyWjFSQkEtQVVYODBheC0yOW9yaXNLYnVnUDFhMThjSndfS3dFdllqbDlkUUZxMmFIUFJfY3ZXWlpIVVdHUXM5b3JIaWhZWkRIVmNfM09UQzVRVzZEVkxwYVpFM2NrMkZFOVBiMnVTVm85dXBXeERpZ2FrMG1vamc?oc=5\" target=\"_blank\" rel=\"nofollow noopener\">Tess sabot\u00e9e par Swann ? son audition vire au d\u00e9sastre &#8211; Tout pour la lumi\u00e8re 7 octobre 2025 (\u00e9pisode 82 &#8211; r\u00e9sum\u00e9 complet TP2L)<\/a>&nbsp;&nbsp;Nouveaut\u00e9s-T\u00e9l\u00e9.com<\/li>\n<\/ol>\n","protected":false},"excerpt":{"rendered":"Swann diabolique, il manipule Baya : une concurrente en moins ! &#8211; Tout pour la lumi\u00e8re 8 octobre&hellip;\n","protected":false},"author":2,"featured_media":395849,"comment_status":"","ping_status":"","sticky":false,"template":"","format":"standard","meta":{"footnotes":""},"categories":[1356],"tags":[58,59,1011,27,252,1364],"class_list":{"0":"post-430606","1":"post","2":"type-post","3":"status-publish","4":"format-standard","5":"has-post-thumbnail","7":"category-television","8":"tag-divertissement","9":"tag-entertainment","10":"tag-fr","11":"tag-france","12":"tag-television","13":"tag-tv"},"share_on_mastodon":{"url":"https:\/\/pubeurope.com\/@fr\/115297808832706128","error":""},"_links":{"self":[{"href":"https:\/\/www.europesays.com\/fr\/wp-json\/wp\/v2\/posts\/430606","targetHints":{"allow":["GET"]}}],"collection":[{"href":"https:\/\/www.europesays.com\/fr\/wp-json\/wp\/v2\/posts"}],"about":[{"href":"https:\/\/www.europesays.com\/fr\/wp-json\/wp\/v2\/types\/post"}],"author":[{"embeddable":true,"href":"https:\/\/www.europesays.com\/fr\/wp-json\/wp\/v2\/users\/2"}],"replies":[{"embeddable":true,"href":"https:\/\/www.europesays.com\/fr\/wp-json\/wp\/v2\/comments?post=430606"}],"version-history":[{"count":0,"href":"https:\/\/www.europesays.com\/fr\/wp-json\/wp\/v2\/posts\/430606\/revisions"}],"wp:featuredmedia":[{"embeddable":true,"href":"https:\/\/www.europesays.com\/fr\/wp-json\/wp\/v2\/media\/395849"}],"wp:attachment":[{"href":"https:\/\/www.europesays.com\/fr\/wp-json\/wp\/v2\/media?parent=430606"}],"wp:term":[{"taxonomy":"category","embeddable":true,"href":"https:\/\/www.europesays.com\/fr\/wp-json\/wp\/v2\/categories?post=430606"},{"taxonomy":"post_tag","embeddable":true,"href":"https:\/\/www.europesays.com\/fr\/wp-json\/wp\/v2\/tags?post=430606"}],"curies":[{"name":"wp","href":"https:\/\/api.w.org\/{rel}","templated":true}]}}