{"id":430607,"date":"2025-10-01T07:48:11","date_gmt":"2025-10-01T07:48:11","guid":{"rendered":"https:\/\/www.europesays.com\/fr\/430607\/"},"modified":"2025-10-01T07:48:11","modified_gmt":"2025-10-01T07:48:11","slug":"rahim-c-redcar-christine-and-the-queens-recadre-un-fan-la-video-qui-fait-polemique","status":"publish","type":"post","link":"https:\/\/www.europesays.com\/fr\/430607\/","title":{"rendered":"Rahim C Redcar (Christine and the Queens) recadre un fan\u00a0: la vid\u00e9o qui fait pol\u00e9mique"},"content":{"rendered":"<p>Comme tous les soirs et bien avant la naissance de \u00ab\u00a0Tout beau tout neuf\u00a0\u00bb sur W9, Cyril Hanouna a toujours fait r\u00e9agir sa bande de chroniqueurs sur <strong>ce qui peut faire d\u00e9bat<\/strong>, les poussant \u00e0 soulever avec leurs pancartes \u00ab\u00a0oui\u00a0\u00bb ou leur pancarte \u00ab\u00a0non\u00a0\u00bb. Ce 30\u00a0septembre, la question lanc\u00e9e par \u00ab\u00a0Baba\u00a0\u00bb \u00e0 son \u00e9quipe \u00e9tait alors\u00a0: \u00ab\u00a0<strong>La r\u00e9action de Christine &amp; the Queens alias Rahim C Redcar vous a-t-elle choqu\u00e9\u00a0?<\/strong>\u00ab\u00a0. Tout est parti d&rsquo;<strong>une vid\u00e9o post\u00e9e par un fan <\/strong>de <a href=\"https:\/\/www.public.fr\/indochine-et-christine-and-the-queens-redcar-enorme-polemique-apres-une-parodie-a-la-television\" target=\"_blank\" rel=\"noopener\">l&rsquo;artiste de 37 ans<\/a> sur les r\u00e9seaux sociaux.<\/p>\n<p>Ce dernier a eu la chance de croiser le chanteur dont il semble appr\u00e9cier la musique. Ainsi, cet homme a voulu faire un selfie avec <a href=\"https:\/\/www.public.fr\/christine-and-the-queens-redcar-vire-ce-danseur-dit-detenir-de-sacres-dossiers\" target=\"_blank\" rel=\"noopener\">l&rsquo;interpr\u00e8te de Chaleur humaine<\/a> mais <strong>a d\u00e9clench\u00e9 l&rsquo;option \u00ab\u00a0vid\u00e9o\u00a0\u00bb de son t\u00e9l\u00e9phone<\/strong>. Ainsi, on peut entendre ce fan dire face cam\u00e9ra\u00a0: \u00ab\u00a0<strong>Voil\u00e0, la chanteuse\u2026<\/strong>\u00ab\u00a0. Mal lui en a pris car imm\u00e9diatement, <strong>iel l&rsquo;a repris<\/strong>\u00a0: \u00ab\u00a0Le chanteur on dit\u2026 On est en 2025. Les temps changent\u00a0\u00bb, a-t-iel conclu en entonnant l&rsquo;air du tube de MC Solaar tout en s&rsquo;en allant.<\/p>\n<p>Une vid\u00e9o qui depuis sa diffusion fait <strong>le buzz<\/strong>. Certains critiquent ouvertement l&rsquo;attitude limite condescendante de <a href=\"https:\/\/www.public.fr\/adieu-capitaine-apres-maes-christine-and-the-queens-declare-la-guerre-a-booba\" target=\"_blank\" rel=\"noopener\">la Nantaise<\/a> qui, au d\u00e9but de sa carri\u00e8re <strong>se faisait appeler Christine and the Queens<\/strong> avant de devenir <strong>Chris en 2018 <\/strong>tout en adoptant un look androgyne. Par la suite, <a href=\"https:\/\/www.public.fr\/christine-and-the-queens-a-bas-les-etiquettes\" target=\"_blank\" rel=\"noopener\">ce dernier<\/a> a <strong>opt\u00e9 pour le pseudo de Rahim puis pour celui de Redcar<\/strong>. En ao\u00fbt\u00a02022, sur TikTok, iel avait annonc\u00e9 <strong>se genrer au masculin \u00ab\u00a0depuis un an\u00a0\u00bb<\/strong> que ce soit dans sa sph\u00e8re professionnelle comme personnelle.<\/p>\n<p>Rahim C Redcar (Christine and the Queens)\u00a0: les chroniqueurs de Cyril Hanouna partag\u00e9s<\/p>\n<p>De retour en plateau, les chroniqueurs de \u00ab\u00a0Baba\u00a0\u00bb ont \u00e9t\u00e9 pouss\u00e9s \u00e0 r\u00e9agir \u00e0 <strong>cette vid\u00e9o<\/strong>. Pour <a href=\"https:\/\/www.google.com\/url?sa=t&amp;source=web&amp;rct=j&amp;opi=89978449&amp;url=https:\/\/vsd.fr\/88523-gilles-verdez-un-acteur-francais-lui-pique-sa-compagne\/&amp;ved=2ahUKEwi978D3lYKQAxUyUaQEHWgbCyEQFnoECBYQAQ&amp;usg=AOvVaw09aexwXyGnSkjrqoU2JDBv\" target=\"_blank\" rel=\"noopener\">Gilles Verdez<\/a>, \u00ab\u00a0<strong>elle a raison<\/strong>\u00a0\u00bb puisque Rahim C Redcar ne \u00ab\u00a0veut plus \u00eatre genr\u00e9e au f\u00e9minin. Elle veut \u00eatre masculinis\u00e9e. <strong>C&rsquo;est son credo, elle a chang\u00e9 d&rsquo;identit\u00e9 donc elle a tout \u00e0 fait raison<\/strong>\u00ab\u00a0, a-t-il lanc\u00e9 en plateau. Des propos qui ont agac\u00e9 Matthieu Delormeau puisque <a href=\"https:\/\/www.google.com\/url?sa=t&amp;source=web&amp;rct=j&amp;opi=89978449&amp;url=https:\/\/vsd.fr\/87075-matthieu-delormeau-est-de-retour\/&amp;ved=2ahUKEwikoIqGloKQAxU1LPsDHTUjDNEQFnoECBgQAQ&amp;usg=AOvVaw2qhENGMVXGO2TKJ8Gb7upo\" target=\"_blank\" rel=\"noopener\">ce dernier<\/a> a commenc\u00e9 par r\u00e9agir en hochant la t\u00eate visiblement <strong>compl\u00e8tement d\u00e9pass\u00e9<\/strong> par ce qu&rsquo;il vient d&rsquo;entendre.<\/p>\n<p>\u00ab\u00a0<strong>Bah appelle-moi Christine alors<\/strong> !\u00a0\u00bb, a-t-il l\u00e2ch\u00e9 en guise de provocation suscitant des \u00e9clats de rire dans le studio. \u00ab\u00a0<strong>Qu&rsquo;est-ce que \u00e7a veut dire ?<\/strong>\u00a0\u00bb a ajout\u00e9 <a href=\"https:\/\/www.google.com\/url?sa=t&amp;source=web&amp;rct=j&amp;opi=89978449&amp;url=https:\/\/vsd.fr\/88012-matthieu-delormeau-des-armes-retrouvees-a-son-domicile-le-juge-ordonne-de-les-detruire\/&amp;ved=2ahUKEwikoIqGloKQAxU1LPsDHTUjDNEQFnoECBYQAQ&amp;usg=AOvVaw1XM28K90l8Gv6YnOmAjPd5\" target=\"_blank\" rel=\"noopener\">l&rsquo;homme de 51 ans<\/a>. \u00ab\u00a0<strong>Il y a des gens qui changent de genre selon le jour<\/strong>. C&rsquo;est \u00e0 dire qu&rsquo;ils arrivent dans une soci\u00e9t\u00e9, tu peux aller aux Prud&rsquo;hommes parce que le lundi matin ils arrivent, tu dis &lsquo;Bonjour Martine&rsquo; et il r\u00e9pond &lsquo;Non, aujourd&rsquo;hui je suis Olivier'\u00a0\u00bb, s&rsquo;est-il agac\u00e9 face \u00e0 ses camarades allant \u00e0 contresens.<\/p>\n<p>En revanche, pour contrebalancer, <a href=\"https:\/\/www.google.com\/url?sa=t&amp;source=web&amp;rct=j&amp;opi=89978449&amp;url=https:\/\/vsd.fr\/84103-tf1-soffre-cyril-hanouna\/&amp;ved=2ahUKEwjKqfnGloKQAxX2U6QEHUeKEWcQFnoECBsQAQ&amp;usg=AOvVaw0t3SAIjVp4KVs6D2wZB5zW\" target=\"_blank\" rel=\"noopener\">Cyril Hanouna <\/a>a conclu la s\u00e9quence ainsi\u00a0: \u00ab\u00a0Moi ce que je dis, c&rsquo;est que <strong>je trouve qu&rsquo;elle est un peu s\u00e9v\u00e8re avec le Monsieur<\/strong>. Il n&rsquo;est peut-\u00eatre pas au courant, faut arr\u00eater. Lui il est sympa il la reconna\u00eet\u00a0\u00bb. Et vous, qu&rsquo;en pensez-vous ?<\/p>\n<p>      Mentionn\u00e9s dans cet article<\/p>\n<p>      Sur le m\u00eame sujet<\/p>\n","protected":false},"excerpt":{"rendered":"Comme tous les soirs et bien avant la naissance de \u00ab\u00a0Tout beau tout neuf\u00a0\u00bb sur W9, Cyril Hanouna&hellip;\n","protected":false},"author":2,"featured_media":430608,"comment_status":"","ping_status":"","sticky":false,"template":"","format":"standard","meta":{"footnotes":""},"categories":[1355],"tags":[38730,1695,5551,1696,24805,58,59,1011,27,1361,873,1062,133],"class_list":{"0":"post-430607","1":"post","2":"type-post","3":"status-publish","4":"format-standard","5":"has-post-thumbnail","7":"category-musique","8":"tag-buzz","9":"tag-chanson","10":"tag-chanson-francaise","11":"tag-chanteur","12":"tag-christine-and-the-queens","13":"tag-divertissement","14":"tag-entertainment","15":"tag-fr","16":"tag-france","17":"tag-music","18":"tag-musique","19":"tag-polemique","20":"tag-video"},"share_on_mastodon":{"url":"https:\/\/pubeurope.com\/@fr\/115297812774663115","error":""},"_links":{"self":[{"href":"https:\/\/www.europesays.com\/fr\/wp-json\/wp\/v2\/posts\/430607","targetHints":{"allow":["GET"]}}],"collection":[{"href":"https:\/\/www.europesays.com\/fr\/wp-json\/wp\/v2\/posts"}],"about":[{"href":"https:\/\/www.europesays.com\/fr\/wp-json\/wp\/v2\/types\/post"}],"author":[{"embeddable":true,"href":"https:\/\/www.europesays.com\/fr\/wp-json\/wp\/v2\/users\/2"}],"replies":[{"embeddable":true,"href":"https:\/\/www.europesays.com\/fr\/wp-json\/wp\/v2\/comments?post=430607"}],"version-history":[{"count":0,"href":"https:\/\/www.europesays.com\/fr\/wp-json\/wp\/v2\/posts\/430607\/revisions"}],"wp:featuredmedia":[{"embeddable":true,"href":"https:\/\/www.europesays.com\/fr\/wp-json\/wp\/v2\/media\/430608"}],"wp:attachment":[{"href":"https:\/\/www.europesays.com\/fr\/wp-json\/wp\/v2\/media?parent=430607"}],"wp:term":[{"taxonomy":"category","embeddable":true,"href":"https:\/\/www.europesays.com\/fr\/wp-json\/wp\/v2\/categories?post=430607"},{"taxonomy":"post_tag","embeddable":true,"href":"https:\/\/www.europesays.com\/fr\/wp-json\/wp\/v2\/tags?post=430607"}],"curies":[{"name":"wp","href":"https:\/\/api.w.org\/{rel}","templated":true}]}}