{"id":430619,"date":"2025-10-01T07:55:13","date_gmt":"2025-10-01T07:55:13","guid":{"rendered":"https:\/\/www.europesays.com\/fr\/430619\/"},"modified":"2025-10-01T07:55:13","modified_gmt":"2025-10-01T07:55:13","slug":"fini-les-wokes-et-les-gros-le-chef-du-pentagone-presente-sa-nouvelle-vision-de-larmee","status":"publish","type":"post","link":"https:\/\/www.europesays.com\/fr\/430619\/","title":{"rendered":"Fini les \u00ab\u00a0wokes\u00a0\u00bb et les \u00ab\u00a0gros\u00a0\u00bb, le chef du Pentagone pr\u00e9sente sa nouvelle vision de l\u2019arm\u00e9e"},"content":{"rendered":"<p>Tr\u00eave de subtilit\u00e9, le chef du Pentagone <a href=\"https:\/\/www.20minutes.fr\/politique\/pete-hegseth\/\" class=\"c-link c-link--is-underlined\" target=\"_blank\" rel=\"noopener\">Pete Hegseth<\/a> a opt\u00e9 pour le coup de rangers. Mardi, il a pr\u00e9sent\u00e9 sa vision pour <a href=\"https:\/\/www.20minutes.fr\/dossier\/armee_americaine\" class=\"c-link c-link--is-underlined\" target=\"_blank\" rel=\"noopener\">l\u2019arm\u00e9e am\u00e9ricaine<\/a>, dans un discours viriliste s\u2019en prenant aux \u00ab\u00a0gros\u00a0\u00bb, aux \u00ab\u00a0<a href=\"https:\/\/www.20minutes.fr\/societe\/woke\/\" class=\"c-link c-link--is-underlined\" target=\"_blank\" rel=\"noopener\">wokes<\/a>\u00a0\u00bb et demandant une \u00ab\u00a0l\u00e9talit\u00e9 maximale\u00a0\u00bb aux soldats. Le mot d\u2019ordre est simple\u00a0: mettre fin \u00e0 des \u00ab\u00a0d\u00e9cennies de d\u00e9clin\u00a0\u00bb.<\/p>\n<p>\u00ab\u00a0Cette r\u00e9union vise \u00e0 mettre fin \u00e0 des d\u00e9cennies de d\u00e9cadence, parfois \u00e9videntes, et parfois cach\u00e9es\u00a0\u00bb, a assur\u00e9 l\u2019ancien pr\u00e9sentateur de Fox News, drapeau des <a href=\"https:\/\/www.20minutes.fr\/monde\/etats-unis\/\" class=\"c-link c-link--is-underlined\" target=\"_blank\" rel=\"noopener\">Etats-Unis<\/a> g\u00e9ant derri\u00e8re lui.<\/p>\n<\/p>\n<p>Ras\u00e9s de pr\u00e8s<\/p>\n<p>Devant des centaines de g\u00e9n\u00e9raux et amiraux, dont certains d\u00e9ploy\u00e9s \u00e0 l\u2019\u00e9tranger, convoqu\u00e9s sur la base militaire de Quantico pr\u00e8s de <a href=\"https:\/\/www.20minutes.fr\/dossier\/washington\" class=\"c-link c-link--is-underlined\" target=\"_blank\" rel=\"noopener\">Washington<\/a>, l\u2019ancien officier de la <a href=\"https:\/\/www.20minutes.fr\/monde\/etats-unis\/4167618-20250812-etats-unis-tout-savoir-garde-nationale-arme-trump-contre-washington\" class=\"c-link c-link--is-underlined\" target=\"_blank\" rel=\"noopener\">Garde nationale<\/a> a critiqu\u00e9 les physiques des soldats engag\u00e9s. \u00ab\u00a0C\u2019est fatigant de regarder les formations de combat, ou n\u2019importe quelle formation d\u2019ailleurs, et d\u2019y voir des soldats gros. De m\u00eame, il est tout \u00e0 fait inacceptable de voir des g\u00e9n\u00e9raux et des amiraux gros dans les couloirs du <a href=\"https:\/\/www.20minutes.fr\/monde\/pentagone\/\" class=\"c-link c-link--is-underlined\" target=\"_blank\" rel=\"noopener\">Pentagone<\/a>\u00a0\u00bb, a-t-il tanc\u00e9, appelant l\u2019arm\u00e9e \u00e0 s\u2019inspirer des normes en vigueur dans les ann\u00e9es\u00a01990.<\/p>\n<p>Il a aussi exig\u00e9 qu\u2019\u00e0 l\u2019avenir les militaires soient ras\u00e9s de pr\u00e8s, portent les cheveux courts et a annonc\u00e9 l\u2019entr\u00e9e en vigueur de nouvelles normes physiques plus exigeantes et calqu\u00e9es sur des standards masculins, <a href=\"https:\/\/www.20minutes.fr\/monde\/etats-unis\/4167381-20250810-etats-unis-droit-vote-femmes-remis-cause-video-partagee-membre-gouvernement-trump\" class=\"c-link c-link--is-underlined\" target=\"_blank\" rel=\"noopener\">y compris pour les femmes<\/a>. \u00ab\u00a0Les normes doivent \u00eatre uniformes, neutres sur le plan du genre et \u00e9lev\u00e9es, sinon ce ne sont pas des normes\u00a0\u00bb et elles provoquent \u00ab\u00a0la mort de nos fils et de nos filles\u00a0\u00bb, a-t-il martel\u00e9.<\/p>\n<p>\u00ab\u00a0Minist\u00e8re du woke\u00a0\u00bb<\/p>\n<p>Pete Hegseth s\u2019est ensuite attaqu\u00e9 aux programmes de promotion de la diversit\u00e9 raciale ou de genre. Puis il a encourag\u00e9 les soldats \u00e0 arr\u00eater de \u00ab\u00a0marcher sur des \u0153ufs\u00a0\u00bb par crainte de potentiels signalements de leur comportement et annonc\u00e9 mettre fin aux \u00ab\u00a0plaintes frivoles, anonymes, r\u00e9p\u00e9t\u00e9es, qui salissent les r\u00e9putations\u00a0\u00bb.<\/p>\n<p>\u00ab\u00a0Des politiques imprudents et irresponsables ont pris la mauvaise direction, et nous nous sommes perdus en route. Nous sommes devenus le \u00ab\u00a0minist\u00e8re du woke\u00a0\u00bb. Mais cela s\u2019arr\u00eate aujourd\u2019hui\u00a0\u00bb, a-t-il ajout\u00e9.<\/p>\n<p>Au passage, ce chr\u00e9tien fondamentaliste, accus\u00e9 d\u2019agression sexuelle en\u00a02017, s\u2019en est aussi pris \u00e0 l\u2019inspecteur g\u00e9n\u00e9ral du Pentagone, affirmant que ses services avaient \u00e9t\u00e9 \u00ab\u00a0instrumentalis\u00e9s\u00a0\u00bb. Ce dernier avait ouvert en avril une enqu\u00eate sur l\u2019utilisation par <a href=\"https:\/\/www.20minutes.fr\/monde\/etats-unis\/4149666-20250421-signalgate-ministre-defense-revele-informations-proches-dont-femme-frere\" class=\"c-link c-link--is-underlined\" target=\"_blank\" rel=\"noopener\">Pete Hegseth de la messagerie Signal<\/a> apr\u00e8s l\u2019ajout <a href=\"https:\/\/www.20minutes.fr\/monde\/etats-unis\/4145146-20250324-etats-unis-journaliste-recoit-erreur-plans-guerre-administration-trump-maison-blanche-confirme\" class=\"c-link c-link--is-underlined\" target=\"_blank\" rel=\"noopener\">par erreur d\u2019un journaliste \u00e0 une discussion<\/a> o\u00f9 les plus hauts responsables de l\u2019administration \u00e9voquaient des frappes \u00e0 venir contre les rebelles houthis du Y\u00e9men.<\/p>\n<p>\u00ab\u00a0L\u00e9talit\u00e9 maximale\u00a0\u00bb<\/p>\n<p>Si le message n\u2019avait pas \u00e9t\u00e9 assez clair jusqu\u2019ici, le chef du Pentagone a balay\u00e9 d\u2019un revers de la main les r\u00e8gles r\u00e9gissant le recours \u00e0 la force sur le terrain. \u00ab\u00a0Nous donnons carte blanche \u00e0 nos combattants pour intimider, d\u00e9moraliser, traquer et tuer les ennemis de notre pays. Fini les r\u00e8gles d\u2019engagement politiquement correctes et autoritaires, place au bon sens, \u00e0 une l\u00e9talit\u00e9 maximale et \u00e0 l\u2019autorit\u00e9 des combattants\u00a0\u00bb, a-t-il continu\u00e9 d\u2019un ton martial.<\/p>\n<p>Une approche appliqu\u00e9e r\u00e9cemment dans les Cara\u00efbes, o\u00f9 l\u2019arm\u00e9e am\u00e9ricaine a tu\u00e9 plus d\u2019une douzaine de personnes <a href=\"https:\/\/www.20minutes.fr\/monde\/etats-unis\/4170896-20250903-etats-unis-11-narcoterroristes-morts-point-frappe-americaine-contre-bateau-quittant-venezuela\" class=\"c-link c-link--is-underlined\" target=\"_blank\" rel=\"noopener\">lors de frappes op\u00e9r\u00e9es contre des trafiquants de drogue pr\u00e9sum\u00e9s<\/a>. Frappes dont la n\u00e9cessit\u00e9 doit encore \u00eatre prouv\u00e9e par l\u2019administration <a href=\"https:\/\/www.20minutes.fr\/dossier\/donald_trump\" class=\"c-link c-link--is-underlined\" target=\"_blank\" rel=\"noopener\">Trump<\/a>, qui n\u2019a donn\u00e9 aucun \u00e9l\u00e9ment sur la dangerosit\u00e9 repr\u00e9sent\u00e9e par ces personnes pour les Etats-Unis.<\/p>\n<p><a href=\"https:\/\/www.20minutes.fr\/monde\/etats-unis\/\" class=\"c-link c-btn c-btn--primary\" target=\"_blank\" rel=\"noopener\">Retrouvez ici tous nos articles sur l&rsquo;actualit\u00e9 aux Etats-Unis<\/a><\/p>\n<p>La place pour le dialogue semble faible pour les responsables de l\u2019arm\u00e9e am\u00e9ricaine, dont plusieurs ont d\u00e9j\u00e0 \u00e9t\u00e9 pouss\u00e9s vers la sortie \u00e0 l\u2019instar du <a href=\"https:\/\/www.20minutes.fr\/monde\/4054009-20230921-etats-unis-general-brown-nouveau-chef-etat-major-armees\" class=\"c-link c-link--is-underlined\" target=\"_blank\" rel=\"noopener\">chef d\u2019\u00e9tat-major Charles \u00ab\u00a0CQ\u00a0\u00bb Brown<\/a>, limog\u00e9 sans explication en f\u00e9vrier. \u00ab\u00a0Si ce que je dis aujourd\u2019hui vous p\u00e8se sur la conscience, alors vous devez agir avec honneur et d\u00e9missionner\u00a0\u00bb, a finalement conclu Pete Hegseth.<\/p>\n","protected":false},"excerpt":{"rendered":"Tr\u00eave de subtilit\u00e9, le chef du Pentagone Pete Hegseth a opt\u00e9 pour le coup de rangers. Mardi, il&hellip;\n","protected":false},"author":2,"featured_media":430620,"comment_status":"","ping_status":"","sticky":false,"template":"","format":"standard","meta":{"footnotes":""},"categories":[5],"tags":[47,11,1813,17274,75,73,1011,27,14,51817,3579,74,12,1068,1066,2744,2591,28],"class_list":{"0":"post-430619","1":"post","2":"type-post","3":"status-publish","4":"format-standard","5":"has-post-thumbnail","7":"category-international","8":"tag-actualite","9":"tag-actualites","10":"tag-armee","11":"tag-armee-americaine","12":"tag-donald-trump","13":"tag-etats-unis","14":"tag-fr","15":"tag-france","16":"tag-international","17":"tag-maga","18":"tag-militaire","19":"tag-monde","20":"tag-news","21":"tag-pentagone","22":"tag-pete-hegseth","23":"tag-washington","24":"tag-woke","25":"tag-world"},"share_on_mastodon":{"url":"https:\/\/pubeurope.com\/@fr\/115297840316751592","error":""},"_links":{"self":[{"href":"https:\/\/www.europesays.com\/fr\/wp-json\/wp\/v2\/posts\/430619","targetHints":{"allow":["GET"]}}],"collection":[{"href":"https:\/\/www.europesays.com\/fr\/wp-json\/wp\/v2\/posts"}],"about":[{"href":"https:\/\/www.europesays.com\/fr\/wp-json\/wp\/v2\/types\/post"}],"author":[{"embeddable":true,"href":"https:\/\/www.europesays.com\/fr\/wp-json\/wp\/v2\/users\/2"}],"replies":[{"embeddable":true,"href":"https:\/\/www.europesays.com\/fr\/wp-json\/wp\/v2\/comments?post=430619"}],"version-history":[{"count":0,"href":"https:\/\/www.europesays.com\/fr\/wp-json\/wp\/v2\/posts\/430619\/revisions"}],"wp:featuredmedia":[{"embeddable":true,"href":"https:\/\/www.europesays.com\/fr\/wp-json\/wp\/v2\/media\/430620"}],"wp:attachment":[{"href":"https:\/\/www.europesays.com\/fr\/wp-json\/wp\/v2\/media?parent=430619"}],"wp:term":[{"taxonomy":"category","embeddable":true,"href":"https:\/\/www.europesays.com\/fr\/wp-json\/wp\/v2\/categories?post=430619"},{"taxonomy":"post_tag","embeddable":true,"href":"https:\/\/www.europesays.com\/fr\/wp-json\/wp\/v2\/tags?post=430619"}],"curies":[{"name":"wp","href":"https:\/\/api.w.org\/{rel}","templated":true}]}}