{"id":430621,"date":"2025-10-01T07:56:14","date_gmt":"2025-10-01T07:56:14","guid":{"rendered":"https:\/\/www.europesays.com\/fr\/430621\/"},"modified":"2025-10-01T07:56:14","modified_gmt":"2025-10-01T07:56:14","slug":"la-meilleure-amie-de-delphine-temoin-capital-des-derniers-jours-de-linfirmiere-attendue-a-la-barre","status":"publish","type":"post","link":"https:\/\/www.europesays.com\/fr\/430621\/","title":{"rendered":"La meilleure amie de Delphine, t\u00e9moin capital des derniers jours de l\u2019infirmi\u00e8re, attendue \u00e0 la barre\u2026"},"content":{"rendered":"<p>La course aux places pour le public<\/p>\n<p>Comme tous les matins, une longue file d\u2019attente s\u2019est form\u00e9e devant le palais de justice d\u2019Albi d\u00e8s les premi\u00e8res lueurs du jour. Les premiers sont arriv\u00e9s vers 6 heures du matin dans l\u2019espoir d\u2019\u00eatre dans la salle principale.<\/p>\n<p><img decoding=\"async\" alt=\"Devant le Palais de justice d'Albi, le 1er octobre 2025.\" class=\"c-img\" loading=\"lazy\" fetchpriority=\"auto\" width=\"718\"  src=\"https:\/\/img.20mn.fr\/idDbG2SdRwiJX4MlACMsASk\/718x0\" \/>Devant le Palais de justice d&rsquo;Albi, le 1er octobre 2025.\u2002-\u00a0C. PolitiLa meilleure amie et les coll\u00e8gues de Delphine \u00e0 la barre<\/p>\n<p>Cette septi\u00e8me journ\u00e9e d\u2019audience sera consacr\u00e9e \u00e0 la vie de Delphine, au travers du t\u00e9moignage de l\u2019une de ses plus proches amies et de plusieurs coll\u00e8gues infirmi\u00e8res. \u00ab\u00a0On va revenir sur ce que Delphine \u00e9tait capable de livrer \u00e0 son entourage amical, social et professionnel\u00a0\u00bb, anticipe Laurent Boguet, l\u2019un des avocats des enfants du couple, Louis, 11 ans, et Elyah, 6 ans.<\/p>\n<p>L\u2019audition de sa meilleure amie Anne, dont les enfants \u00e9taient scolaris\u00e9s dans la m\u00eame \u00e9cole, devrait fournir \u00e0 la cour une fen\u00eatre in\u00e9dite sur les atermoiements des derniers mois de la vie de Delphine Jubillar, qui pr\u00e9voyait de prendre un appartement et de refaire sa vie.<\/p>\n<p>\u00ab\u00a0Finalement, on ne sait jamais v\u00e9ritablement comment fonctionnent les gens quand la porte de leur int\u00e9rieur se referme derri\u00e8re eux\u00a0\u00bb, souligne Laurent Boguet. \u00ab\u00a0Et pour autant, c\u2019est l\u2019imp\u00e9rieux devoir d\u2019une cour d\u2019assises que d\u2019essayer d\u2019appr\u00e9cier un petit peu les tensions qui pouvaient exister.\u00a0\u00bb<\/p>\n<p>Une famille effondr\u00e9e de chagrin<\/p>\n<p>Mardi, les trois magistrats et les jur\u00e9s ont entendu la s\u0153ur et les fr\u00e8res de Delphine Jubillar, ainsi que ses cousines, tante et oncle qui, unanimes dans le chagrin, ont d\u00e9crit une personnalit\u00e9 rayonnante, \u00ab\u00a0pilier\u00a0\u00bb de la famille. \u00ab\u00a0Elle \u00e9tait tout pour nous, elle \u00e9tait comme une fille\u00a0\u00bb, a souffl\u00e9 sa tante maternelle, dont les sanglots ont affleur\u00e9 \u00e0 plusieurs reprises et dont elle s\u2019\u00e9tait beaucoup rapproch\u00e9e \u00e0 la mort de sa m\u00e8re atteinte de d\u00e9mence en\u00a02016.<\/p>\n<p>Tous ont dit \u00e0 quel point il leur semblait \u00ab\u00a0impensable\u00a0\u00bb que Delphine parte, tant elle \u00ab\u00a0aimait ses enfants\u00a0\u00bb.<\/p>\n<p>Bonjour, et bienvenue dans ce live consacr\u00e9 \u00e0 la septi\u00e8me journ\u00e9e du proc\u00e8s de C\u00e9dric Jubillar<\/p>\n<p>Un accus\u00e9 qui clame son innocence, une d\u00e9fense qui pilonne l\u2019enqu\u00eate mais une absence de pistes alternatives \u00e9tay\u00e9es. Jusqu\u2019au 17\u00a0octobre, 20 Minutes vous fait vivre les temps forts du proc\u00e8s de C\u00e9dric Jubillar, accus\u00e9 du meurtre de sa femme Delphine. L\u2019infirmi\u00e8re d\u00e9vou\u00e9e, m\u00e8re de deux enfants, s\u2019est volatilis\u00e9e dans la nuit du 15 au 16\u00a0d\u00e9cembre 2020, sans laisser la moindre trace. Il n\u2019y a ni corps, ni aveux dans ce dossier.<\/p>\n","protected":false},"excerpt":{"rendered":"La course aux places pour le public Comme tous les matins, une longue file d\u2019attente s\u2019est form\u00e9e devant&hellip;\n","protected":false},"author":2,"featured_media":430622,"comment_status":"","ping_status":"","sticky":false,"template":"","format":"standard","meta":{"footnotes":""},"categories":[4],"tags":[47,11,33044,2715,3555,1011,27,2722,303,777,2721,12,2680,2694,25,8412,2312],"class_list":{"0":"post-430621","1":"post","2":"type-post","3":"status-publish","4":"format-standard","5":"has-post-thumbnail","7":"category-france","8":"tag-actualite","9":"tag-actualites","10":"tag-affaire-jubillar","11":"tag-disparition","12":"tag-feminicide","13":"tag-fr","14":"tag-france","15":"tag-haute-garonne","16":"tag-justice","17":"tag-meurtre","18":"tag-midi-pyrenees","19":"tag-news","20":"tag-occitanie","21":"tag-proces","22":"tag-republique-francaise","23":"tag-tarn","24":"tag-toulouse"},"share_on_mastodon":{"url":"https:\/\/pubeurope.com\/@fr\/115297844476952007","error":""},"_links":{"self":[{"href":"https:\/\/www.europesays.com\/fr\/wp-json\/wp\/v2\/posts\/430621","targetHints":{"allow":["GET"]}}],"collection":[{"href":"https:\/\/www.europesays.com\/fr\/wp-json\/wp\/v2\/posts"}],"about":[{"href":"https:\/\/www.europesays.com\/fr\/wp-json\/wp\/v2\/types\/post"}],"author":[{"embeddable":true,"href":"https:\/\/www.europesays.com\/fr\/wp-json\/wp\/v2\/users\/2"}],"replies":[{"embeddable":true,"href":"https:\/\/www.europesays.com\/fr\/wp-json\/wp\/v2\/comments?post=430621"}],"version-history":[{"count":0,"href":"https:\/\/www.europesays.com\/fr\/wp-json\/wp\/v2\/posts\/430621\/revisions"}],"wp:featuredmedia":[{"embeddable":true,"href":"https:\/\/www.europesays.com\/fr\/wp-json\/wp\/v2\/media\/430622"}],"wp:attachment":[{"href":"https:\/\/www.europesays.com\/fr\/wp-json\/wp\/v2\/media?parent=430621"}],"wp:term":[{"taxonomy":"category","embeddable":true,"href":"https:\/\/www.europesays.com\/fr\/wp-json\/wp\/v2\/categories?post=430621"},{"taxonomy":"post_tag","embeddable":true,"href":"https:\/\/www.europesays.com\/fr\/wp-json\/wp\/v2\/tags?post=430621"}],"curies":[{"name":"wp","href":"https:\/\/api.w.org\/{rel}","templated":true}]}}