{"id":430638,"date":"2025-10-01T08:06:09","date_gmt":"2025-10-01T08:06:09","guid":{"rendered":"https:\/\/www.europesays.com\/fr\/430638\/"},"modified":"2025-10-01T08:06:09","modified_gmt":"2025-10-01T08:06:09","slug":"quest-ce-qui-pousse-letat-a-interdire-les-fans-de-lasse-contre-le-mhsc","status":"publish","type":"post","link":"https:\/\/www.europesays.com\/fr\/430638\/","title":{"rendered":"qu\u2019est-ce qui pousse l\u2019\u00c9tat \u00e0 interdire les fans de l\u2019ASSE contre le MHSC\u00a0?"},"content":{"rendered":"<p>            Par<br \/>\n        <strong><br \/>\n            <a href=\"https:\/\/actu.fr\/auteur\/metropoop\" title=\"Consulter tous les articles de R\u00e9daction M\u00e9tropolitain\" target=\"_blank\" rel=\"noopener\">R\u00e9daction M\u00e9tropolitain<\/a><br \/>\n        <\/strong><\/p>\n<p>        Publi\u00e9 le<\/p>\n<p>            1 oct. 2025 \u00e0 9h36        <\/p>\n<p>Un stade amput\u00e9 de ses visiteurs. <strong>Ce samedi 4 octobre 2025<\/strong>, le MHSC accueille l\u2019ASSE pour la 9e journ\u00e9e de Ligue 2. Les supporters des Verts ne feront pas le voyage, sur ordre du minist\u00e8re de l\u2019Int\u00e9rieur.<\/p>\n<p>    <a href=\"https:\/\/www.google.com\/maps\/embed?pb=!1m18!1m12!1m3!1d2888.250575598588!2d3.809487776460544!3d43.62214337110362!2m3!1f0!2f0!3f0!3m2!1i1024!2i768!4f13.1!3m3!1m2!1s0x12b6ac3a9829522b%3A0x99e056199e3d006b!2sStade%20de%20la%20Mosson!5e0!3m2!1sen!2sfr!4v1759304181772!5m2!1sen!2sfr\" title=\"Ouvrie le lien\" target=\"_blank\" rel=\"noopener\">Cliquez ici pour visualiser le contenu<\/a><\/p>\n<p class=\" wall-content\">Un arr\u00eat\u00e9 minist\u00e9riel interdit tout d\u00e9placement de supporters st\u00e9phanois ce samedi \u00e0 Montpellier. La mesure s\u2019\u00e9tend <strong>de 0h \u00e0 minuit<\/strong>. Elle vise les voyages collectifs comme individuels. Toute personne arborant les couleurs de l\u2019ASSE ou se comportant en fan du club lig\u00e9rien sera refoul\u00e9e.<\/p>\n<p>Un match sous haute s\u00e9curit\u00e9<\/p>\n<p class=\" wall-content\">Fran\u00e7ois-Xavier Lauch, pr\u00e9fet de l\u2019H\u00e9rault, a confirm\u00e9 la d\u00e9cision sur son compte X. \u00ab\u00a0En raison des risques de troubles \u00e0 l\u2019ordre public li\u00e9s \u00e0 une rivalit\u00e9 persistante entre les supporters des deux clubs, le Ministre d\u2019Etat ministre de l\u2019Int\u00e9rieur a d\u00e9cid\u00e9 par arr\u00eat\u00e9 d\u2019interdire le d\u00e9placement individuel ou collectif de toute personne se pr\u00e9valant de la qualit\u00e9 de supporter de l\u2019Association Sportive de Saint-\u00c9tienne.\u00a0\u00bb<\/p>\n<p class=\" wall-content\">\n<p class=\" wall-content\">Les autorit\u00e9s n\u2019ont pas oubli\u00e9 <a href=\"https:\/\/actu.fr\/occitanie\/montpellier_34172\/montpellier-incidents-le-match-mhsc-saint-etienne-arrete-definitivement-a-cinq-minutes-de-la-fin_62381117.html\" target=\"_blank\" rel=\"noopener\">les violences du 16 mars dernier<\/a>. Ce soir-l\u00e0, d\u00e9j\u00e0 \u00e0 la Mosson, la rencontre entre Montpellier et Saint-\u00c9tienne avait \u00e9t\u00e9 arr\u00eat\u00e9e d\u00e9finitivement apr\u00e8s des tirs de fus\u00e9es et des projectiles lanc\u00e9s depuis la Butte Paillade. Un stadier avait \u00e9t\u00e9 bless\u00e9 et l\u2019arbitre Fran\u00e7ois Letexier avait renvoy\u00e9 les deux \u00e9quipes aux vestiaires avant le terme. Les images de CRS d\u00e9ploy\u00e9s dans les tribunes avaient marqu\u00e9 les esprits.\u00a0<\/p>\n<p class=\" wall-content\">Personnalisez votre actualit\u00e9 en ajoutant vos villes et m\u00e9dias en favori avec <a href=\"https:\/\/moncompte.actu.fr\" title=\"D\u00e9couvez Mon Actu\" rel=\"nofollow noopener\" data-trk=\"{&quot;cta&quot;:{&quot;action&quot;:&quot;https:\\\/\\\/moncompte.actu.fr&quot;,&quot;category&quot;:&quot;mon compte&quot;,&quot;from&quot;:&quot;article footer&quot;,&quot;name&quot;:&quot;Mon actu&quot;,&quot;type&quot;:&quot;cta&quot;}}\" target=\"_blank\">Mon Actu<\/a>.<\/p>\n","protected":false},"excerpt":{"rendered":"Par R\u00e9daction M\u00e9tropolitain Publi\u00e9 le 1 oct. 2025 \u00e0 9h36 Un stade amput\u00e9 de ses visiteurs. Ce samedi&hellip;\n","protected":false},"author":2,"featured_media":430639,"comment_status":"","ping_status":"","sticky":false,"template":"","format":"standard","meta":{"footnotes":""},"categories":[9599],"tags":[1111,11,1777,674,63,1011,27,463,2208,12,2680,25,517,60,7501],"class_list":{"0":"post-430638","1":"post","2":"type-post","3":"status-publish","4":"format-standard","5":"has-post-thumbnail","7":"category-montpellier","8":"tag-actu","9":"tag-actualites","10":"tag-eu","11":"tag-europe","12":"tag-football","13":"tag-fr","14":"tag-france","15":"tag-mhsc","16":"tag-montpellier","17":"tag-news","18":"tag-occitanie","19":"tag-republique-francaise","20":"tag-sport","21":"tag-sports","22":"tag-violences-urbaines"},"share_on_mastodon":{"url":"https:\/\/pubeurope.com\/@fr\/115297883555968949","error":""},"_links":{"self":[{"href":"https:\/\/www.europesays.com\/fr\/wp-json\/wp\/v2\/posts\/430638","targetHints":{"allow":["GET"]}}],"collection":[{"href":"https:\/\/www.europesays.com\/fr\/wp-json\/wp\/v2\/posts"}],"about":[{"href":"https:\/\/www.europesays.com\/fr\/wp-json\/wp\/v2\/types\/post"}],"author":[{"embeddable":true,"href":"https:\/\/www.europesays.com\/fr\/wp-json\/wp\/v2\/users\/2"}],"replies":[{"embeddable":true,"href":"https:\/\/www.europesays.com\/fr\/wp-json\/wp\/v2\/comments?post=430638"}],"version-history":[{"count":0,"href":"https:\/\/www.europesays.com\/fr\/wp-json\/wp\/v2\/posts\/430638\/revisions"}],"wp:featuredmedia":[{"embeddable":true,"href":"https:\/\/www.europesays.com\/fr\/wp-json\/wp\/v2\/media\/430639"}],"wp:attachment":[{"href":"https:\/\/www.europesays.com\/fr\/wp-json\/wp\/v2\/media?parent=430638"}],"wp:term":[{"taxonomy":"category","embeddable":true,"href":"https:\/\/www.europesays.com\/fr\/wp-json\/wp\/v2\/categories?post=430638"},{"taxonomy":"post_tag","embeddable":true,"href":"https:\/\/www.europesays.com\/fr\/wp-json\/wp\/v2\/tags?post=430638"}],"curies":[{"name":"wp","href":"https:\/\/api.w.org\/{rel}","templated":true}]}}