{"id":430646,"date":"2025-10-01T08:12:53","date_gmt":"2025-10-01T08:12:53","guid":{"rendered":"https:\/\/www.europesays.com\/fr\/430646\/"},"modified":"2025-10-01T08:12:53","modified_gmt":"2025-10-01T08:12:53","slug":"a-rennes-une-petite-entreprise-de-logiciels-rejoint-un-geant-norvegien","status":"publish","type":"post","link":"https:\/\/www.europesays.com\/fr\/430646\/","title":{"rendered":"\u00c0 Rennes, une petite entreprise de logiciels rejoint un g\u00e9ant norv\u00e9gien"},"content":{"rendered":"<p>L\u2019\u00e9diteur de logiciels norv\u00e9gien Visma (2,8 milliards d\u2019euros de chiffre d\u2019affaires en 2024 pour 17 500 salari\u00e9s) a annonc\u00e9, mi-septembre, le rachat de Nexcer (une trentaine de collaborateurs). Le montant de l\u2019op\u00e9ration n\u2019a pas \u00e9t\u00e9 communiqu\u00e9. Filiale de Cerfrance Broc\u00e9liande et Cerfrance C\u00f4tes-d\u2019Armor, Nexcer \u00e9dite notamment la plate-forme de gestion Kinexo, destin\u00e9e aux cabinets comptables (gestion op\u00e9rationnelle, devis, facturation, donn\u00e9es clients\u2026). Celle-ci est d\u00e9sormais int\u00e9gr\u00e9e \u00e0 la suite de logiciels d\u2019Inqom, une soci\u00e9t\u00e9 de Visma en France. \u00ab En int\u00e9grant Kinexo, Inqom vise \u00e0 simplifier la gestion interne des cabinets en optimisant les processus de travail, et en renfor\u00e7ant la visibilit\u00e9 des donn\u00e9es gr\u00e2ce \u00e0 une suite compl\u00e8te de services \u00bb, explique Visma, qui compte aujourd\u2019hui huit entreprises dans l\u2019Hexagone. Depuis le d\u00e9but de l\u2019ann\u00e9e, il a acquis le varois Evoliz et le normand Kanta.<\/p>\n","protected":false},"excerpt":{"rendered":"L\u2019\u00e9diteur de logiciels norv\u00e9gien Visma (2,8 milliards d\u2019euros de chiffre d\u2019affaires en 2024 pour 17 500 salari\u00e9s) a&hellip;\n","protected":false},"author":2,"featured_media":430647,"comment_status":"","ping_status":"","sticky":false,"template":"","format":"standard","meta":{"footnotes":""},"categories":[2821],"tags":[1111,11,829,33,257,1777,674,1011,27,848,12,584,25],"class_list":{"0":"post-430646","1":"post","2":"type-post","3":"status-publish","4":"format-standard","5":"has-post-thumbnail","7":"category-rennes","8":"tag-actu","9":"tag-actualites","10":"tag-bretagne","11":"tag-economie","12":"tag-entreprise","13":"tag-eu","14":"tag-europe","15":"tag-fr","16":"tag-france","17":"tag-ille-et-vilaine","18":"tag-news","19":"tag-rennes","20":"tag-republique-francaise"},"share_on_mastodon":{"url":"https:\/\/pubeurope.com\/@fr\/115297911089196228","error":""},"_links":{"self":[{"href":"https:\/\/www.europesays.com\/fr\/wp-json\/wp\/v2\/posts\/430646","targetHints":{"allow":["GET"]}}],"collection":[{"href":"https:\/\/www.europesays.com\/fr\/wp-json\/wp\/v2\/posts"}],"about":[{"href":"https:\/\/www.europesays.com\/fr\/wp-json\/wp\/v2\/types\/post"}],"author":[{"embeddable":true,"href":"https:\/\/www.europesays.com\/fr\/wp-json\/wp\/v2\/users\/2"}],"replies":[{"embeddable":true,"href":"https:\/\/www.europesays.com\/fr\/wp-json\/wp\/v2\/comments?post=430646"}],"version-history":[{"count":0,"href":"https:\/\/www.europesays.com\/fr\/wp-json\/wp\/v2\/posts\/430646\/revisions"}],"wp:featuredmedia":[{"embeddable":true,"href":"https:\/\/www.europesays.com\/fr\/wp-json\/wp\/v2\/media\/430647"}],"wp:attachment":[{"href":"https:\/\/www.europesays.com\/fr\/wp-json\/wp\/v2\/media?parent=430646"}],"wp:term":[{"taxonomy":"category","embeddable":true,"href":"https:\/\/www.europesays.com\/fr\/wp-json\/wp\/v2\/categories?post=430646"},{"taxonomy":"post_tag","embeddable":true,"href":"https:\/\/www.europesays.com\/fr\/wp-json\/wp\/v2\/tags?post=430646"}],"curies":[{"name":"wp","href":"https:\/\/api.w.org\/{rel}","templated":true}]}}