{"id":43066,"date":"2025-04-22T04:08:24","date_gmt":"2025-04-22T04:08:24","guid":{"rendered":"https:\/\/www.europesays.com\/fr\/43066\/"},"modified":"2025-04-22T04:08:24","modified_gmt":"2025-04-22T04:08:24","slug":"le-pere-de-clemence-maries-au-premier-regard-2025-met-les-pieds-dans-le-plat-avec-malik-dont-la-mere-a-ete-retenue-en-france","status":"publish","type":"post","link":"https:\/\/www.europesays.com\/fr\/43066\/","title":{"rendered":"Le p\u00e8re de Cl\u00e9mence (Mari\u00e9s au premier regard 2025) met les pieds dans le plat avec Malik dont la m\u00e8re a \u00e9t\u00e9 retenue en France"},"content":{"rendered":"<p>Ce lundi 21 avril, M6 diffuse le huiti\u00e8me \u00e9pisode de Mari\u00e9s au premier regard 2025. L&rsquo;occasion de suivre le mariage de Cl\u00e9mence et Malik, et notamment la rencontre entre les proches des deux candidats. Le p\u00e8re de la mari\u00e9e tr\u00e8s r\u00e9ticent lorsqu&rsquo;il a vu Malik, a notamment pu \u00e9changer avec lui. <\/p>\n<p>Dans le huiti\u00e8me \u00e9pisode de <a href=\"https:\/\/www.programme-tv.net\/news\/tele-realite\/371158-maries-au-premier-regard-2025-date-de-diffusion-deux-expertes-nouveautes-les-premieres-infos-sur-la-saison-9\/\" data-api-deeplink=\"teleloisirs:\/\/news\/371158\" target=\"_blank\" rel=\"noopener\">Mari\u00e9s au premier regard 2025<\/a>, les t\u00e9l\u00e9spectateurs ont pu retrouver ce lundi 21 avril, le nouveau couple form\u00e9 par Malik et Cl\u00e9mence. Si le quadrag\u00e9naire<a href=\"https:\/\/www.programme-tv.net\/news\/tele-realite\/375435-ca-fait-peur-malik-le-futur-mari-de-clemence-maries-au-premier-regard-2025-perturbe-en-la-reconnaissant-dans-le-prochain-episode-deja-disponible\/\" data-api-deeplink=\"teleloisirs:\/\/news\/375435\" target=\"_blank\" rel=\"noopener\"> a \u00e9t\u00e9 perturb\u00e9 en voyant le visage de celle qu&rsquo;il avait suivie<\/a> dans la saison pr\u00e9c\u00e9dente devant l&rsquo;autel, il a d\u00e9cid\u00e9 de se laisser une chance de la d\u00e9couvrir davantage. L&rsquo;union des deux c\u00e9libataires a donc pu se faire en d\u00e9but d&rsquo;\u00e9mission, au plus grand soulagement de Cl\u00e9mence, qui <a href=\"https:\/\/www.programme-tv.net\/news\/tele-realite\/375433-vous-avez-fait-du-bon-travail-cette-fois-ci-le-petit-tacle-des-proches-de-clemence-maries-au-premier-regard-dans-le-prochain-episode-a-voir-des-maintenant\/\" data-api-deeplink=\"teleloisirs:\/\/news\/375433\" target=\"_blank\" rel=\"noopener\">redoutait un nouveau refus <\/a>\u00e0 Gibraltar. Le nouveau couple s&rsquo;est ensuite pr\u00eat\u00e9 au jeu de la s\u00e9ance photo, malgr\u00e9 un malaise grandissant.<\/p>\n<p>\u00ab\u00a0<b>Quand je l\u2019ai vu, je n\u2019\u00e9tais pas tranquille\u00a0\u00bb<\/b><b> : Richard, le p\u00e8re de Cl\u00e9mence, confie ses a priori sur Malik dans <\/b>Mari\u00e9s au premier regard 2025<\/p>\n<p>Le p\u00e8re de Cl\u00e9mence, lui, <a href=\"https:\/\/www.programme-tv.net\/news\/tele-realite\/376846-quand-je-lai-vu-je-netais-pas-tranquille-le-pere-de-clemence-maries-au-premier-regard-2025-inquiet-en-decouvrant-malik-dans-le-prochain-episode-deja-disponible\/\" data-api-deeplink=\"teleloisirs:\/\/news\/376846\" target=\"_blank\" rel=\"noopener\">a avou\u00e9 avoir du mal \u00e0 vivre cette union<\/a>. \u00ab\u00a0Je vais parler avec lui. <b>Moi je ne le sens pas<\/b>\u00ab\u00a0, a-t-il d\u00e9clar\u00e9 apr\u00e8s le mariage. \u00ab\u00a0<b>Quand je l\u2019ai vu, je n\u2019\u00e9tais pas tranquille. <\/b>Il n&rsquo;y a pas de parents, il n\u2019y a rien, c\u2019est que des jeunes\u00a0\u00bb, a lanc\u00e9 Richard \u00e0 Marie Tapernoux qui le questionnait sur Malik. Le quadrag\u00e9naire qui a bien senti que quelque chose clochait chez son nouveau beau-p\u00e8re, a d\u00e9cid\u00e9 de prendre les devants et est all\u00e9 lui parler pendant la soir\u00e9e. \u00ab\u00a0Votre fille est adorable, tr\u00e8s gentille, tr\u00e8s avenante, c&rsquo;est une belle surprise\u00a0\u00bb, a-t-il commenc\u00e9 avant d&rsquo;expliquer ce qu&rsquo;il faisait dans la vie.<\/p>\n<p>                        \u00ab\u00a0Je te parle franchement\u00a0\u00bb : le p\u00e8re de Cl\u00e9mence fait une mise au point avec Malik dans Mari\u00e9s au premier regard 2025<\/p>\n<p>Le p\u00e8re de Cl\u00e9mence a ensuite voulu questionner Malik sur ce qui le taraudait depuis le d\u00e9but de leur union. \u00ab\u00a0Est-ce que je peux te poser une question ? Je te parle franchement. J&rsquo;ai \u00e9t\u00e9 d\u00e9\u00e7u de ne pas voir tes parents, qu&rsquo;est-ce qu&rsquo;il s&rsquo;est pass\u00e9 ?\u00a0\u00bb, a-t-il demand\u00e9. \u00ab\u00a0Alors mes parents,<b> j&rsquo;ai un oncle qui est en fin de vie, qui est malade. Ils n&rsquo;ont pas pu venir malheureusement. <\/b>Mais ils auraient \u00e9t\u00e9 ravis sinon\u00a0\u00bb, a expliqu\u00e9 Malik. En effet, il avait re\u00e7u <a href=\"https:\/\/www.programme-tv.net\/news\/tele-realite\/375718-il-est-sur-le-point-de-deceder-malik-maries-au-premier-regard-2025-apprend-une-terrible-nouvelle-3-heures-avant-son-mariage-avec-clemence\/\" data-api-deeplink=\"teleloisirs:\/\/news\/375718\" target=\"_blank\" rel=\"noopener\">un appel de sa m\u00e8re juste avant le mariage<\/a> pour lui expliquer qu&rsquo;elle devait rester au chevet de son oncle atteint d&rsquo;un cancer. \u00ab\u00a0Je comprends les circonstances, tu leur adresseras le bonjour. J&rsquo;ai perdu mon \u00e9pouse en six mois\u00a0\u00bb, a compati Richard avant de lui annoncer qu&rsquo;il faisait d\u00e9sormais \u00ab\u00a0partie de la famille\u00a0\u00bb. \u00ab\u00a0C&rsquo;est vrai que quand je l&rsquo;ai vu, je n&rsquo;\u00e9tais pas trop rassur\u00e9, j&rsquo;avais peur que \u00e7a ne le fasse pas. Apr\u00e8s, en discutant, c&rsquo;est vrai que j&rsquo;ai vu que c&rsquo;\u00e9tait quelqu&rsquo;un de tr\u00e8s int\u00e9ressant. <b>Je suis nettement plus rassur\u00e9 maintenant<\/b>\u00ab\u00a0, a conclu le p\u00e8re de Cl\u00e9mence apr\u00e8s cet \u00e9change avec Malik.<\/p>\n","protected":false},"excerpt":{"rendered":"Ce lundi 21 avril, M6 diffuse le huiti\u00e8me \u00e9pisode de Mari\u00e9s au premier regard 2025. L&rsquo;occasion de suivre&hellip;\n","protected":false},"author":2,"featured_media":43067,"comment_status":"","ping_status":"","sticky":false,"template":"","format":"standard","meta":{"footnotes":""},"categories":[1356],"tags":[5636,244,58,59,1011,27,494,5637,5214,252,1364,1630],"class_list":{"0":"post-43066","1":"post","2":"type-post","3":"status-publish","4":"format-standard","5":"has-post-thumbnail","7":"category-television","8":"tag-clu00e9mence-mariu00e9s-au-premier-regard-8","9":"tag-commentaire","10":"tag-divertissement","11":"tag-entertainment","12":"tag-fr","13":"tag-france","14":"tag-m6","15":"tag-malik-mariu00e9s-au-premier-regard-9","16":"tag-mariu00e9s-au-premier-regard","17":"tag-television","18":"tag-tv","19":"tag-zapping"},"share_on_mastodon":{"url":"https:\/\/pubeurope.com\/@fr\/114379653370798799","error":""},"_links":{"self":[{"href":"https:\/\/www.europesays.com\/fr\/wp-json\/wp\/v2\/posts\/43066","targetHints":{"allow":["GET"]}}],"collection":[{"href":"https:\/\/www.europesays.com\/fr\/wp-json\/wp\/v2\/posts"}],"about":[{"href":"https:\/\/www.europesays.com\/fr\/wp-json\/wp\/v2\/types\/post"}],"author":[{"embeddable":true,"href":"https:\/\/www.europesays.com\/fr\/wp-json\/wp\/v2\/users\/2"}],"replies":[{"embeddable":true,"href":"https:\/\/www.europesays.com\/fr\/wp-json\/wp\/v2\/comments?post=43066"}],"version-history":[{"count":0,"href":"https:\/\/www.europesays.com\/fr\/wp-json\/wp\/v2\/posts\/43066\/revisions"}],"wp:featuredmedia":[{"embeddable":true,"href":"https:\/\/www.europesays.com\/fr\/wp-json\/wp\/v2\/media\/43067"}],"wp:attachment":[{"href":"https:\/\/www.europesays.com\/fr\/wp-json\/wp\/v2\/media?parent=43066"}],"wp:term":[{"taxonomy":"category","embeddable":true,"href":"https:\/\/www.europesays.com\/fr\/wp-json\/wp\/v2\/categories?post=43066"},{"taxonomy":"post_tag","embeddable":true,"href":"https:\/\/www.europesays.com\/fr\/wp-json\/wp\/v2\/tags?post=43066"}],"curies":[{"name":"wp","href":"https:\/\/api.w.org\/{rel}","templated":true}]}}