{"id":430661,"date":"2025-10-01T08:20:19","date_gmt":"2025-10-01T08:20:19","guid":{"rendered":"https:\/\/www.europesays.com\/fr\/430661\/"},"modified":"2025-10-01T08:20:19","modified_gmt":"2025-10-01T08:20:19","slug":"la-justice-rejette-le-pourvoi-le-chantier-continue","status":"publish","type":"post","link":"https:\/\/www.europesays.com\/fr\/430661\/","title":{"rendered":"la justice rejette le pourvoi, le chantier continue"},"content":{"rendered":"<p>La construction de la LGV Bordeaux-Toulouse franchit une nouvelle \u00e9tape juridique. Le tribunal administratif de Toulouse a rejet\u00e9 un pourvoi introduit par des associations oppos\u00e9es au projet, confirmant la validit\u00e9 de l\u2019autorisation environnementale n\u00e9cessaire aux am\u00e9nagements ferroviaires. Une d\u00e9cision qui consolide la feuille de route du Grand Projet Ferroviaire du Sud-Ouest (GPSO).<\/p>\n<p>Une d\u00e9cision juridique d\u00e9cisive<\/p>\n<p><img fetchpriority=\"high\" decoding=\"async\" width=\"1024\" height=\"576\" src=\"https:\/\/www.europesays.com\/fr\/wp-content\/uploads\/2025\/10\/lgv-bordeaux-toulouse-1024x576.jpg\" alt=\"\" class=\"wp-image-84435\"  \/>La justice valide l\u2019autorisation environnementale de la <strong>LGV Bordeaux-Toulouse<\/strong>. Un pas d\u00e9cisif vers un chantier majeur du GPSO malgr\u00e9 des oppositions persistantes.<\/p>\n<p>Les opposants au projet avaient d\u00e9fi\u00e9 l\u2019autorisation environnementale dans un recours \u2014 la juridiction a estim\u00e9 que les arguments soulev\u00e9s ne suffisaient pas \u00e0 cr\u00e9er un doute s\u00e9rieux sur la l\u00e9galit\u00e9 de la d\u00e9cision. Par cons\u00e9quent, la demande de suspension a \u00e9t\u00e9 rejet\u00e9e.<\/p>\n<p>Cette issue l\u00e9gale donne d\u00e9sormais un gage de stabilit\u00e9 au projet, en faisant reculer les incertitudes li\u00e9es aux contestations judiciaires, au moins \u00e0 ce stade. <strong>Les travaux et \u00e9tudes peuvent donc avancer sans entraves judiciaires imm\u00e9diates.<\/strong><\/p>\n<p>Un chantier aux enjeux strat\u00e9giques<\/p>\n<p>La LGV Bordeaux-Toulouse fait partie du <strong>GPSO<\/strong>, un ambitieux plan de modernisation ferroviaire du Sud-Ouest qui inclut \u00e9galement la LGV Bordeaux-Espagne et divers am\u00e9nagements autour de Bordeaux et Toulouse. Avec 222 kilom\u00e8tres de ligne nouvelle, cette LGV vise \u00e0 raccourcir la liaison entre Paris et Toulouse \u00e0 environ <strong>3 h 10<\/strong>. <strong>Elle offre une desserte plus rapide, plus fluide, et entend stimuler les mobilit\u00e9s dans une r\u00e9gion aujourd\u2019hui mal desservie. <\/strong><\/p>\n<p>Des oppositions persistantes<\/p>\n<p><strong>Malgr\u00e9 cette d\u00e9cision favorable, le projet continue de susciter l\u2019opposition des associations environnementales et des collectifs locaux.<\/strong> Le point de tension majeur reste l\u2019impact sur des zones naturelles comme la vall\u00e9e du <strong>Ciron<\/strong>, ainsi que sur les terroirs agricoles travers\u00e9s. <\/p>\n<p>Les opposants d\u00e9noncent un co\u00fbt astronomique \u2014 estim\u00e9 \u00e0 plusieurs milliards d\u2019euros \u2014 pour un gain de temps jug\u00e9 mod\u00e9r\u00e9. Ils s\u2019inqui\u00e8tent aussi du respect de la d\u00e9mocratie locale, affirmant que les avis d\u00e9favorables dans les enqu\u00eates publiques n\u2019ont pas \u00e9t\u00e9 suffisamment entendus. <\/p>\n<p><img loading=\"lazy\" decoding=\"async\" width=\"1024\" height=\"580\" src=\"https:\/\/www.europesays.com\/fr\/wp-content\/uploads\/2025\/10\/lgv-bordeaux-toulouse-2-1024x580.jpeg\" alt=\"\" class=\"wp-image-84436\"  \/>Apr\u00e8s le rejet du pourvoi, la <strong>LGV Bordeaux-Toulouse<\/strong> se concr\u00e9tise. Objectif : relier Paris-Toulouse en 3h10 et dynamiser la r\u00e9gion.<\/p>\n<p>Calendrier et perspectives<\/p>\n<p>Le chantier de la LGV Bordeaux-Toulouse a d\u00e9but\u00e9 en <strong>mai 2024<\/strong> pour certaines premi\u00e8res phases et \u00e9tudes pr\u00e9paratoires. L\u2019\u00e9ch\u00e9ance de mise en service est pr\u00e9vue \u00e0 <strong>2032<\/strong> dans le meilleur sc\u00e9nario.<\/p>\n<p>Les \u00e9tapes \u00e0 venir comprennent la construction des infrastructures (tunnels, viaducs, raccordements), les am\u00e9nagements des gares interm\u00e9diaires (Agen, Montauban envisag\u00e9s), <strong>ainsi que l\u2019int\u00e9gration avec la ligne classique aux abords de Bordeaux et Toulouse.<\/strong><\/p>\n<p>Un projet aux r\u00e9percussions territoriales<\/p>\n<p>Au-del\u00e0 du seul gain de temps, la LGV pourrait entra\u00eener des retomb\u00e9es significatives :<\/p>\n<ul class=\"wp-block-list\">\n<li><strong>R\u00e9\u00e9quilibrage territorial<\/strong>, en renfor\u00e7ant les axes Sud-Ouest ;<\/li>\n<li><strong>Dynamisme \u00e9conomique<\/strong>, par une meilleure connexion de m\u00e9tropoles r\u00e9gionales ;<\/li>\n<li><strong>R\u00e9organisation des transports r\u00e9gionaux<\/strong>, avec des impacts sur les lignes classiques ;<\/li>\n<li><strong>Impacts environnementaux et fonciers<\/strong> qu\u2019il faudra surveiller, compenser et accompagner.<\/li>\n<\/ul>\n<p>Vers la prochaine phase<\/p>\n<p><img loading=\"lazy\" decoding=\"async\" width=\"1024\" height=\"682\" src=\"https:\/\/www.europesays.com\/fr\/wp-content\/uploads\/2025\/10\/lgv-bordeaux-toulouse-3.jpg\" alt=\"\" class=\"wp-image-84437\"  \/><strong>LGV Bordeaux-Toulouse<\/strong> : la justice confirme le projet. Le rejet du pourvoi permet d\u2019avancer sereinement vers un chantier strat\u00e9gique pour le Sud-Ouest.<\/p>\n<p>Avec le rejet du pourvoi, l\u2019acte est pos\u00e9 pour que le projet avance de mani\u00e8re plus sereine. Reste \u00e0 voir comment les adversaires r\u00e9agiront : de nouvelles voies de contestation ne sont pas exclues, notamment devant le Conseil d\u2019\u00c9tat ou sur des motifs environnementaux sp\u00e9cifiques.<\/p>\n<p><strong>Mais aujourd\u2019hui, la LGV Toulouse-Bordeaux gagne en l\u00e9gitimit\u00e9 juridique, ce qui renforce la feuille de route du GPSO<\/strong>. Le d\u00e9fi sera de r\u00e9ussir \u00e0 mener le chantier en respectant les \u00e9quilibres \u00e9cologiques, sociaux et territoriaux tout au long du parcours jusqu\u2019en 2032.<\/p>\n<p>A lire aussi : <a href=\"https:\/\/www.bougerabordeaux.com\/actu\/le-salon-des-futurs-maries-de-bordeaux-2025-cest-ce-week-end\/\" rel=\"nofollow noopener\" target=\"_blank\">Le Salon des Futurs Mari\u00e9s de Bordeaux 2025, c\u2019est ce week-end !<\/a><\/p>\n","protected":false},"excerpt":{"rendered":"La construction de la LGV Bordeaux-Toulouse franchit une nouvelle \u00e9tape juridique. Le tribunal administratif de Toulouse a rejet\u00e9&hellip;\n","protected":false},"author":2,"featured_media":430662,"comment_status":"","ping_status":"","sticky":false,"template":"","format":"standard","meta":{"footnotes":""},"categories":[2817],"tags":[1111,11,1997,1777,674,1011,27,12,2219,25],"class_list":{"0":"post-430661","1":"post","2":"type-post","3":"status-publish","4":"format-standard","5":"has-post-thumbnail","7":"category-bordeaux","8":"tag-actu","9":"tag-actualites","10":"tag-bordeaux","11":"tag-eu","12":"tag-europe","13":"tag-fr","14":"tag-france","15":"tag-news","16":"tag-nouvelle-aquitaine","17":"tag-republique-francaise"},"share_on_mastodon":{"url":"https:\/\/pubeurope.com\/@fr\/115297939372409210","error":""},"_links":{"self":[{"href":"https:\/\/www.europesays.com\/fr\/wp-json\/wp\/v2\/posts\/430661","targetHints":{"allow":["GET"]}}],"collection":[{"href":"https:\/\/www.europesays.com\/fr\/wp-json\/wp\/v2\/posts"}],"about":[{"href":"https:\/\/www.europesays.com\/fr\/wp-json\/wp\/v2\/types\/post"}],"author":[{"embeddable":true,"href":"https:\/\/www.europesays.com\/fr\/wp-json\/wp\/v2\/users\/2"}],"replies":[{"embeddable":true,"href":"https:\/\/www.europesays.com\/fr\/wp-json\/wp\/v2\/comments?post=430661"}],"version-history":[{"count":0,"href":"https:\/\/www.europesays.com\/fr\/wp-json\/wp\/v2\/posts\/430661\/revisions"}],"wp:featuredmedia":[{"embeddable":true,"href":"https:\/\/www.europesays.com\/fr\/wp-json\/wp\/v2\/media\/430662"}],"wp:attachment":[{"href":"https:\/\/www.europesays.com\/fr\/wp-json\/wp\/v2\/media?parent=430661"}],"wp:term":[{"taxonomy":"category","embeddable":true,"href":"https:\/\/www.europesays.com\/fr\/wp-json\/wp\/v2\/categories?post=430661"},{"taxonomy":"post_tag","embeddable":true,"href":"https:\/\/www.europesays.com\/fr\/wp-json\/wp\/v2\/tags?post=430661"}],"curies":[{"name":"wp","href":"https:\/\/api.w.org\/{rel}","templated":true}]}}