{"id":430665,"date":"2025-10-01T08:22:14","date_gmt":"2025-10-01T08:22:14","guid":{"rendered":"https:\/\/www.europesays.com\/fr\/430665\/"},"modified":"2025-10-01T08:22:14","modified_gmt":"2025-10-01T08:22:14","slug":"lamborghini-vuitton-rolex-des-objets-de-luxe-saisis-par-la-justice-vendus-aux-encheres-a-toulouse","status":"publish","type":"post","link":"https:\/\/www.europesays.com\/fr\/430665\/","title":{"rendered":"Lamborghini, Vuitton, Rolex\u2026 Des objets de luxe saisis par la justice vendus aux ench\u00e8res \u00e0 Toulouse"},"content":{"rendered":"<p>            Par<br \/>\n        <strong><br \/>\n            <a href=\"https:\/\/actu.fr\/auteur\/guillaume-laurens\" title=\"Consulter tous les articles de Guillaume Laurens\" target=\"_blank\" rel=\"noopener\">Guillaume Laurens<\/a><br \/>\n        <\/strong><\/p>\n<p>        Publi\u00e9 le<\/p>\n<p>            1 oct. 2025 \u00e0 6h16        <\/p>\n<p>C\u2019est une<strong> vente aux<\/strong> <strong>ench\u00e8res<\/strong> totalement exceptionnelle \u00e0 laquelle proc\u00e9dera ce jeudi 2\u00a0octobre 2025 un commissaire-priseur de <a href=\"https:\/\/actu.fr\/toulouse\/\" target=\"_blank\" rel=\"noopener\"><strong>Toulouse<\/strong><\/a>. \u00c0 \u00e9couler\u2009? Des <strong>voitures de luxe<\/strong>, des <strong>bijoux<\/strong> de grands cr\u00e9ateurs et autres <strong>montres de prestige<\/strong>\u2026 Car la collection est exclusivement constitu\u00e9e d\u2019avoirs saisis et confisqu\u00e9s par la justice. Ce qu\u2019il faut savoir.<\/p>\n<p>Des objets confisqu\u00e9s lors de proc\u00e9dures judiciaires<\/p>\n<p class=\" wall-content\">Avis aux amateurs\u2009! \u00c0\u00a0l\u2019occasion de La Nuit du Droit, Me <strong>Guillaume Suduca <\/strong>proc\u00e9dera ce jeudi dans la Ville rose, \u00e0 une vente exclusivement constitu\u00e9e d<strong>\u2019avoirs saisis et confisqu\u00e9s.<\/strong><\/p>\n<p class=\" wall-content\">Pour la premi\u00e8re fois, l\u2019Agence de gestion et de recouvrement des avoirs saisis et confisqu\u00e9s (AGRASC), et son antenne de Bordeaux, ont en effet retenu l\u2019\u00e9tude de ce <strong>commissaire-priseur<\/strong> install\u00e9 place du Salin, pour proc\u00e9der \u00e0 une vente aux ench\u00e8res de biens acquis lors de <strong>proc\u00e9dures judiciaires<\/strong>.<\/p>\n<p>\u00c0 quoi sert le produit de ces ventes ?<\/p>\n<p>D&rsquo;apr\u00e8s les services de l&rsquo;\u00c9tat, le produit de ces ventes servira \u00e0 indemniser des victimes, sera vers\u00e9 au budget g\u00e9n\u00e9ral de l\u2019\u00c9tat et aux diff\u00e9rents fonds de concours pour lutter contre les addictions, la drogue et la traite des \u00eatres humains.\u00a0<br \/>En 2024, l&rsquo;AGRASC a revers\u00e9 160 millions d\u2019euros au budget g\u00e9n\u00e9ral de l\u2019\u00c9tat, 11 millions aux parties civiles et pr\u00e8s de 84 millions \u00e0 diff\u00e9rents fonds de concours, comme celui de lutte contre le prox\u00e9n\u00e9tisme.<\/p>\n<p>Lamborghini, Porsche, Vuitton, Chanel, Rolex, Cartier\u2026<\/p>\n<p class=\" wall-content\">\u00c0 acqu\u00e9rir\u2009? De nombreux objets des marques les plus chics de la plan\u00e8te. On y retrouvera notamment de nombreuses voitures de luxe (Lamborghini, Hummer, Porsche, BMW, Audi, Ford Mustang, Lotus, Range Rover\u2026), mais aussi des bijoux et de la maroquinerie (Vuitton, Chanel, Gucci\u2026), sans oublier des montres de prestige (Rolex, Vacheron Constantin, Jaegger-LeCoultre, Cartier).<\/p>\n<p>Une Huracan \u00e0 100\u2009000\u00a0euros, une montre Vacheron Constantin<\/p>\n<p class=\" wall-content\">Parmi les objets les plus chers, tous d\u00e9taill\u00e9s sur <a href=\"https:\/\/www.suduca.com\" target=\"_blank\" rel=\"noopener\">le site suduca.com,<\/a> on retrouve une <strong>Lamborghini Huracan LP 610-4<\/strong> de 2014, qui affiche 67\u2009817 km au compteur, estim\u00e9e entre <strong>80\u2009000\u00a0et 120\u2009000 euros, <\/strong>soit environ la moiti\u00e9 de son prix neuf. Plusieurs <strong>Porsche Cayenne <\/strong>sont \u00e9galement \u00e0 la vente.<\/p>\n<p class=\" wall-content\">Et au milieu des nombreux bijoux, on d\u00e9c\u00e8le une <strong>montre<\/strong>\u00a0<strong>Vacheron Constantin<\/strong> (Patrimony, mod\u00e8le Phase de lune r\u00e9trograde) estim\u00e9e entre <strong>6\u2009000\u00a0et 8\u2009000 euros,<\/strong> soit bien moins que les 55\u2009000\u00a0euros en valeur d\u2019achat aupr\u00e8s de\u00a0l\u2019horloger de luxe suisse.<\/p>\n<p>    <img   decoding=\"async\" loading=\"lazy\" src=\"https:\/\/www.europesays.com\/fr\/wp-content\/uploads\/2025\/10\/vacheron-constantin-suduca-960x640.jpg\" alt=\"Cette montre Vacheron Constantin est estim\u00e9e entre 6 000 et 8000 euros,contre 55 000 euros en valeur d'achat\" width=\"960\" height=\"640\"\/><br \/>\n    Cette montre Vacheron Constantin est estim\u00e9e entre 6\u2009000 et 8000 euros, contre 55\u2009000\u00a0euros en valeur d\u2019achat (\u00a9Suduca)<\/p>\n<p>Votre r\u00e9gion, votre actu !<\/p>\n<p>Recevez chaque jour les infos qui comptent pour vous.<\/p>\n<p>\t<a href=\"https:\/\/actu.fr\/newsletter\" class=\"ac-btn ac-btn--corner ac-btn--medium ac-btn--blue800\" target=\"_blank\" rel=\"noopener\">S&rsquo;incrire<\/a><br \/>\nQuand assister \u00e0 la vente et o\u00f9 voir les lots\u2009?<\/p>\n<p class=\" wall-content\">Pour les personnes qui souhaitent y assister, la vente se d\u00e9roulera ce jeudi \u00e0 partir de 17\u00a0heures \u00e0 l\u2019\u00e9tude de Me Suduca, situ\u00e9e \u00e0 l\u2019angle du 2 rue du Languedoc et de la place du Salin. Elle sera aussi <strong>retransmise en ligne<\/strong> sur Interench\u00e8res et Drouot.<\/p>\n<p class=\" wall-content\">Pour que les personnes int\u00e9ress\u00e9es et autres curieux puissent se faire une id\u00e9e sur leur \u00e9tat et leur valeur, <strong>les lots seront tous expos\u00e9s<\/strong> au 2 rue du Languedoc, ce mercredi 1er\u00a0octobre de 10\u00a0heures \u00e0 12\u00a0heures et de 14\u00a0heures \u00e0 18\u00a0heures, puis jeudi de 10\u00a0heures \u00e0 16\u00a0heures.<\/p>\n<p class=\" wall-content\">\u00c0 savoir enfin que s\u2019agissant d\u2019une vente judiciaire, les<strong> frais de vente<\/strong> (dus au commissaire-priseur) sont r\u00e9duits \u00e0 14,28\u2009%, contre environ 25\u2009% habituellement.<\/p>\n<p><strong>Informations pratiques\u2009:<\/strong><br \/>Vente aux ench\u00e8res exceptionnelle pour la Nuit du Droit<br \/>\nJeudi 2\u00a0octobre 2025 \u00e0 17\u00a0heures<br \/>\n2 rue du <a href=\"https:\/\/drouot.com\/fr\/v\/170753-nuit-du-droit-2025-agrasc?from=%2Ffr%2Fauctioneer%2F1652%2Fsuduca-commissaire-priseur%3Ftab%3Dsales\" target=\"_blank\" rel=\"noopener\">Languedoc \u00e0 Toulouse<\/a><br \/>\nLots \u00e9galement visibles sur <a href=\"https:\/\/drouot.com\/fr\/v\/170753-nuit-du-droit-2025-agrasc?from=%2Ffr%2Fauctioneer%2F1652%2Fsuduca-commissaire-priseur%3Ftab%3Dsales\" target=\"_blank\" rel=\"noopener\">drouot.com<\/a><br \/>\n    <a href=\"https:\/\/www.google.com\/maps\/embed?pb=!1m18!1m12!1m3!1d2889.560713672459!2d1.4425175778541568!3d43.59486557110499!2m3!1f0!2f0!3f0!3m2!1i1024!2i768!4f13.1!3m3!1m2!1s0x12aebd7c9a102069%3A0xa3c619bbb5c7b673!2sSUDUCA%20Commissaire%20Priseur!5e0!3m2!1sfr!2sfr!4v1759241709755!5m2!1sfr!2sfr\" title=\"Ouvrie le lien\" target=\"_blank\" rel=\"noopener\">Cliquez ici pour visualiser le contenu<\/a><\/p>\n<p class=\" wall-content\">Personnalisez votre actualit\u00e9 en ajoutant vos villes et m\u00e9dias en favori avec <a href=\"https:\/\/moncompte.actu.fr\" title=\"D\u00e9couvez Mon Actu\" rel=\"nofollow noopener\" data-trk=\"{&quot;cta&quot;:{&quot;action&quot;:&quot;https:\\\/\\\/moncompte.actu.fr&quot;,&quot;category&quot;:&quot;mon compte&quot;,&quot;from&quot;:&quot;article footer&quot;,&quot;name&quot;:&quot;Mon actu&quot;,&quot;type&quot;:&quot;cta&quot;}}\" target=\"_blank\">Mon Actu<\/a>.<\/p>\n","protected":false},"excerpt":{"rendered":"Par Guillaume Laurens Publi\u00e9 le 1 oct. 2025 \u00e0 6h16 C\u2019est une vente aux ench\u00e8res totalement exceptionnelle \u00e0&hellip;\n","protected":false},"author":2,"featured_media":430666,"comment_status":"","ping_status":"","sticky":false,"template":"","format":"standard","meta":{"footnotes":""},"categories":[2816],"tags":[1111,11,1777,674,1011,27,303,2425,12,2680,25,104,2312],"class_list":{"0":"post-430665","1":"post","2":"type-post","3":"status-publish","4":"format-standard","5":"has-post-thumbnail","7":"category-toulouse","8":"tag-actu","9":"tag-actualites","10":"tag-eu","11":"tag-europe","12":"tag-fr","13":"tag-france","14":"tag-justice","15":"tag-luxe","16":"tag-news","17":"tag-occitanie","18":"tag-republique-francaise","19":"tag-societe","20":"tag-toulouse"},"share_on_mastodon":{"url":"https:\/\/pubeurope.com\/@fr\/115297946613198448","error":""},"_links":{"self":[{"href":"https:\/\/www.europesays.com\/fr\/wp-json\/wp\/v2\/posts\/430665","targetHints":{"allow":["GET"]}}],"collection":[{"href":"https:\/\/www.europesays.com\/fr\/wp-json\/wp\/v2\/posts"}],"about":[{"href":"https:\/\/www.europesays.com\/fr\/wp-json\/wp\/v2\/types\/post"}],"author":[{"embeddable":true,"href":"https:\/\/www.europesays.com\/fr\/wp-json\/wp\/v2\/users\/2"}],"replies":[{"embeddable":true,"href":"https:\/\/www.europesays.com\/fr\/wp-json\/wp\/v2\/comments?post=430665"}],"version-history":[{"count":0,"href":"https:\/\/www.europesays.com\/fr\/wp-json\/wp\/v2\/posts\/430665\/revisions"}],"wp:featuredmedia":[{"embeddable":true,"href":"https:\/\/www.europesays.com\/fr\/wp-json\/wp\/v2\/media\/430666"}],"wp:attachment":[{"href":"https:\/\/www.europesays.com\/fr\/wp-json\/wp\/v2\/media?parent=430665"}],"wp:term":[{"taxonomy":"category","embeddable":true,"href":"https:\/\/www.europesays.com\/fr\/wp-json\/wp\/v2\/categories?post=430665"},{"taxonomy":"post_tag","embeddable":true,"href":"https:\/\/www.europesays.com\/fr\/wp-json\/wp\/v2\/tags?post=430665"}],"curies":[{"name":"wp","href":"https:\/\/api.w.org\/{rel}","templated":true}]}}