{"id":430676,"date":"2025-10-01T08:28:10","date_gmt":"2025-10-01T08:28:10","guid":{"rendered":"https:\/\/www.europesays.com\/fr\/430676\/"},"modified":"2025-10-01T08:28:10","modified_gmt":"2025-10-01T08:28:10","slug":"pres-de-lyon-une-centaine-de-pompiers-mobilises-cette-nuit-ce-quil-sest-passe","status":"publish","type":"post","link":"https:\/\/www.europesays.com\/fr\/430676\/","title":{"rendered":"Pr\u00e8s de Lyon. Une centaine de pompiers mobilis\u00e9s cette nuit : ce qu&rsquo;il s&rsquo;est pass\u00e9"},"content":{"rendered":"<p>            Par<br \/>\n        <strong><br \/>\n            <a href=\"https:\/\/actu.fr\/auteur\/julien-damboise\" title=\"Consulter tous les articles de Julien Damboise\" rel=\"nofollow noopener\" target=\"_blank\">Julien Damboise<\/a><br \/>\n        <\/strong><\/p>\n<p>        Publi\u00e9 le<\/p>\n<p>            1 oct. 2025 \u00e0 10h18        <\/p>\n<p>Deux incendies en une seule nuit, et des questions. La commune de <a href=\"https:\/\/actu.fr\/auvergne-rhone-alpes\/lentilly_69112\" rel=\"nofollow noopener\" target=\"_blank\">Lentilly<\/a>, dans la m\u00e9tropole de <a href=\"https:\/\/actu.fr\/auvergne-rhone-alpes\/lyon_69123\" rel=\"nofollow noopener\" target=\"_blank\">Lyon<\/a>, a \u00e9t\u00e9 touch\u00e9e par <strong>deux importants sinistres<\/strong> qui ont fait des d\u00e9g\u00e2ts dans la nuit du jeudi 30 septembre au 1\u1d49\u02b3 octobre. Des feux \u00e0 moins de 3 km de distance.<\/p>\n<p class=\" wall-content\">Une <strong>enqu\u00eate<\/strong> a \u00e9t\u00e9 ouverte.<\/p>\n<p>    <a href=\"https:\/\/www.google.com\/maps\/embed?pb=!1m18!1m12!1m3!1d47040.74340895032!2d4.627815949149382!3d45.81659176584069!2m3!1f0!2f0!3f0!3m2!1i1024!2i768!4f13.1!3m3!1m2!1s0x47f48cd73b36f233%3A0xf515c666342a3b91!2s69210%20Lentilly!5e1!3m2!1sfr!2sfr!4v1759303504639!5m2!1sfr!2sfr\" title=\"Ouvrie le lien\" rel=\"nofollow noopener\" target=\"_blank\">Cliquez ici pour visualiser le contenu<\/a><\/p>\n<p>Deux feux simultan\u00e9s<\/p>\n<p class=\" wall-content\">Selon une information du <a href=\"https:\/\/c.leprogres.fr\/faits-divers-justice\/2025\/10\/01\/deux-departs-de-feu-cette-nuit-dans-la-meme-commune-une-centaine-de-pompiers-mobilises-et-trois-batiments-agricoles-desaffectes-detruits\" rel=\"nofollow noopener\" target=\"_blank\">Progr\u00e8s<\/a>, confirm\u00e9e par actu Lyon, les soldats du feu ont \u00e9t\u00e9 appel\u00e9s vers 1 h 30 du matin pour intervenir dans la petite commune de l\u2019ouest lyonnais. Un premier sinistre \u00e9tait en cours chemin du Moiry, o\u00f9 deux b\u00e2timents agricoles d\u00e9saffect\u00e9s et une habitation inoccup\u00e9e \u00e9taient en proie aux flammes. Plus de <strong>2 500 m\u00b2<\/strong> \u00e9taient en train de br\u00fbler.<\/p>\n<p class=\" wall-content\">Dans la m\u00eame temps, les secouristes ont \u00e9t\u00e9 avertis d\u2019un autre brasier en cours au niveau de la rue du Charpenay, \u00e0 <strong>moins de 3 km de distance,<\/strong> non loin d\u2019une gare <a href=\"https:\/\/actu.fr\/tag\/sncf\" rel=\"nofollow noopener\" target=\"_blank\">SNCF<\/a>. Cette fois encore, une construction agricole de 500 m\u00b2 \u00e9tait totalement embras\u00e9e.<\/p>\n<p class=\" wall-content\">Les sapeurs-pompiers, qui allaient quitter la zone ce mercredi matin vers 9 h 30, n\u2019ont pu qu\u2019emp\u00eacher la propagation, mais <strong>les \u00e9difices ont \u00e9t\u00e9 d\u00e9truits<\/strong>. Au total, environ une centaine de pompiers, venus d\u2019une quinzaine de casernes, ont \u00e9t\u00e9 mobilis\u00e9s pour \u00e9teindre les flammes et op\u00e9rer une longue surveillance.<\/p>\n<p class=\" wall-content\">Fort heureusement, aucun bless\u00e9 n\u2019est \u00e0 d\u00e9plorer.<\/p>\n<p>Votre r\u00e9gion, votre actu !<\/p>\n<p>Recevez chaque jour les infos qui comptent pour vous.<\/p>\n<p>\t<a href=\"https:\/\/actu.fr\/newsletter\" class=\"ac-btn ac-btn--corner ac-btn--medium ac-btn--blue800\" rel=\"nofollow noopener\" target=\"_blank\">S&rsquo;incrire<\/a><br \/>\nEnqu\u00eate en cours<\/p>\n<p class=\" wall-content\">Pour le moment, on ne sait rien des circonstances de ces d\u00e9parts de feux \u00ab\u00a0simultan\u00e9s\u00a0\u00bb selon une source s\u00e9curitaire. La <strong>piste criminelle<\/strong> semble privil\u00e9gi\u00e9e par les gendarmes du Rh\u00f4ne, charg\u00e9s de mener des investigations.<\/p>\n<p class=\" wall-content\">Des \u00e9quipes \u00e9taient sur le terrain ce jeudi matin, selon nos informations.<\/p>\n<p class=\" wall-content\">Personnalisez votre actualit\u00e9 en ajoutant vos villes et m\u00e9dias en favori avec <a href=\"https:\/\/moncompte.actu.fr\" title=\"D\u00e9couvez Mon Actu\" rel=\"nofollow noopener\" data-trk=\"{&quot;cta&quot;:{&quot;action&quot;:&quot;https:\\\/\\\/moncompte.actu.fr&quot;,&quot;category&quot;:&quot;mon compte&quot;,&quot;from&quot;:&quot;article footer&quot;,&quot;name&quot;:&quot;Mon actu&quot;,&quot;type&quot;:&quot;cta&quot;}}\" target=\"_blank\">Mon Actu<\/a>.<\/p>\n","protected":false},"excerpt":{"rendered":"Par Julien Damboise Publi\u00e9 le 1 oct. 2025 \u00e0 10h18 Deux incendies en une seule nuit, et des&hellip;\n","protected":false},"author":2,"featured_media":430677,"comment_status":"","ping_status":"","sticky":false,"template":"","format":"standard","meta":{"footnotes":""},"categories":[1889],"tags":[1111,11,2430,1777,674,118,1011,27,3381,2428,12,1311,25],"class_list":{"0":"post-430676","1":"post","2":"type-post","3":"status-publish","4":"format-standard","5":"has-post-thumbnail","7":"category-lyon","8":"tag-actu","9":"tag-actualites","10":"tag-auvergne-rhone-alpes","11":"tag-eu","12":"tag-europe","13":"tag-faits-divers","14":"tag-fr","15":"tag-france","16":"tag-gendarmerie","17":"tag-lyon","18":"tag-news","19":"tag-pompiers","20":"tag-republique-francaise"},"share_on_mastodon":{"url":"https:\/\/pubeurope.com\/@fr\/115297970061900876","error":""},"_links":{"self":[{"href":"https:\/\/www.europesays.com\/fr\/wp-json\/wp\/v2\/posts\/430676","targetHints":{"allow":["GET"]}}],"collection":[{"href":"https:\/\/www.europesays.com\/fr\/wp-json\/wp\/v2\/posts"}],"about":[{"href":"https:\/\/www.europesays.com\/fr\/wp-json\/wp\/v2\/types\/post"}],"author":[{"embeddable":true,"href":"https:\/\/www.europesays.com\/fr\/wp-json\/wp\/v2\/users\/2"}],"replies":[{"embeddable":true,"href":"https:\/\/www.europesays.com\/fr\/wp-json\/wp\/v2\/comments?post=430676"}],"version-history":[{"count":0,"href":"https:\/\/www.europesays.com\/fr\/wp-json\/wp\/v2\/posts\/430676\/revisions"}],"wp:featuredmedia":[{"embeddable":true,"href":"https:\/\/www.europesays.com\/fr\/wp-json\/wp\/v2\/media\/430677"}],"wp:attachment":[{"href":"https:\/\/www.europesays.com\/fr\/wp-json\/wp\/v2\/media?parent=430676"}],"wp:term":[{"taxonomy":"category","embeddable":true,"href":"https:\/\/www.europesays.com\/fr\/wp-json\/wp\/v2\/categories?post=430676"},{"taxonomy":"post_tag","embeddable":true,"href":"https:\/\/www.europesays.com\/fr\/wp-json\/wp\/v2\/tags?post=430676"}],"curies":[{"name":"wp","href":"https:\/\/api.w.org\/{rel}","templated":true}]}}