{"id":430678,"date":"2025-10-01T08:29:14","date_gmt":"2025-10-01T08:29:14","guid":{"rendered":"https:\/\/www.europesays.com\/fr\/430678\/"},"modified":"2025-10-01T08:29:14","modified_gmt":"2025-10-01T08:29:14","slug":"le-s-festival-va-faire-danser-lyon-en-decembre","status":"publish","type":"post","link":"https:\/\/www.europesays.com\/fr\/430678\/","title":{"rendered":"le S festival va faire danser Lyon en d\u00e9cembre"},"content":{"rendered":"<p>Un festival comme cadeau d\u2019avant No\u00ebl. C\u2019est ce \u00e0 quoi ont pens\u00e9 le club lyonnais Le Sucre et derri\u00e8re lui Arty Farty, la structure\u00a0organisatrice des Nuits Sonores. Et bien s\u00fbr celui-ci proposera, du 10 au 14\u00a0d\u00e9cembre, un large panel des musiques \u00e9lectroniques.<\/p>\n<p>Pour ce faire, les deux structures, qui y sont implant\u00e9es, ont choisi de s\u2019engager dans le quartier de la Confluence en y chaussant des bottes de \u201csept lieux\u201d\u00a0: Le Sucre, La Sucri\u00e8re, la patinoire Charlemagne, le P\u00e9riscope, le Sonic, Heat et H\u00f4tel 71. On pourra y voir une proportion importante de live,&#8230;<\/p>\n","protected":false},"excerpt":{"rendered":"Un festival comme cadeau d\u2019avant No\u00ebl. C\u2019est ce \u00e0 quoi ont pens\u00e9 le club lyonnais Le Sucre et&hellip;\n","protected":false},"author":2,"featured_media":430679,"comment_status":"","ping_status":"","sticky":false,"template":"","format":"standard","meta":{"footnotes":""},"categories":[1889],"tags":[1111,11,2430,1687,2757,1777,674,1011,27,2428,2756,873,12,25],"class_list":{"0":"post-430678","1":"post","2":"type-post","3":"status-publish","4":"format-standard","5":"has-post-thumbnail","7":"category-lyon","8":"tag-actu","9":"tag-actualites","10":"tag-auvergne-rhone-alpes","11":"tag-culture-loisirs","12":"tag-edition-lyon-villeurbanne","13":"tag-eu","14":"tag-europe","15":"tag-fr","16":"tag-france","17":"tag-lyon","18":"tag-lyon-bassin","19":"tag-musique","20":"tag-news","21":"tag-republique-francaise"},"share_on_mastodon":{"url":"https:\/\/pubeurope.com\/@fr\/115297974036207798","error":""},"_links":{"self":[{"href":"https:\/\/www.europesays.com\/fr\/wp-json\/wp\/v2\/posts\/430678","targetHints":{"allow":["GET"]}}],"collection":[{"href":"https:\/\/www.europesays.com\/fr\/wp-json\/wp\/v2\/posts"}],"about":[{"href":"https:\/\/www.europesays.com\/fr\/wp-json\/wp\/v2\/types\/post"}],"author":[{"embeddable":true,"href":"https:\/\/www.europesays.com\/fr\/wp-json\/wp\/v2\/users\/2"}],"replies":[{"embeddable":true,"href":"https:\/\/www.europesays.com\/fr\/wp-json\/wp\/v2\/comments?post=430678"}],"version-history":[{"count":0,"href":"https:\/\/www.europesays.com\/fr\/wp-json\/wp\/v2\/posts\/430678\/revisions"}],"wp:featuredmedia":[{"embeddable":true,"href":"https:\/\/www.europesays.com\/fr\/wp-json\/wp\/v2\/media\/430679"}],"wp:attachment":[{"href":"https:\/\/www.europesays.com\/fr\/wp-json\/wp\/v2\/media?parent=430678"}],"wp:term":[{"taxonomy":"category","embeddable":true,"href":"https:\/\/www.europesays.com\/fr\/wp-json\/wp\/v2\/categories?post=430678"},{"taxonomy":"post_tag","embeddable":true,"href":"https:\/\/www.europesays.com\/fr\/wp-json\/wp\/v2\/tags?post=430678"}],"curies":[{"name":"wp","href":"https:\/\/api.w.org\/{rel}","templated":true}]}}