{"id":430682,"date":"2025-10-01T08:31:14","date_gmt":"2025-10-01T08:31:14","guid":{"rendered":"https:\/\/www.europesays.com\/fr\/430682\/"},"modified":"2025-10-01T08:31:14","modified_gmt":"2025-10-01T08:31:14","slug":"argenteuil-vide-grenier-et-tombola-pour-aider-des-collegiens-a-voyager","status":"publish","type":"post","link":"https:\/\/www.europesays.com\/fr\/430682\/","title":{"rendered":"Argenteuil : vide-grenier et tombola pour aider des coll\u00e9giens \u00e0 voyager"},"content":{"rendered":"<p><img loading=\"lazy\" decoding=\"async\" alt=\"D.R. - L\u2019an dernier, les \u00e9l\u00e8ves avaient notamment eu l\u2019occasion de d\u00e9couvrir la Sagrada Familia, \u00e0 Barcelone.\u00a0\" data-zoom-src=\"https:\/\/www.europesays.com\/fr\/wp-content\/uploads\/2025\/10\/initial-collegiens-jj-rousseau-vide-grenier.jpg\" data-zoomable=\"\" height=\"702\" src=\"https:\/\/www.europesays.com\/fr\/wp-content\/uploads\/2025\/10\/initial-collegiens-jj-rousseau-vide-grenier.jpg\" width=\"1248\"\/>  <\/p>\n<p class=\"article-desc\">D.R. &#8211; L\u2019an dernier, les \u00e9l\u00e8ves avaient notamment eu l\u2019occasion de d\u00e9couvrir la Sagrada Familia, \u00e0 Barcelone.\u00a0 <\/p>\n<p>\u201cUne semaine riche en \u00e9motions, en rencontres, en d\u00e9couvertes, en partage, en rires, et une vraie r\u00e9ussite pour tous\u201d. Voici ce \u00e0 quoi sont invit\u00e9s \u00e0 contribuer les Argenteuillais, en participant \u00e0 la deuxi\u00e8me \u00e9dition du <a href=\"https:\/\/mesinfos.fr\/77550-moissy-cramayel\/moissy-cramayel-accueille-une-ressourcerie-ephemere-229121.html\" rel=\"noopener\" target=\"_blank\">vide-grenier <\/a>du <strong>coll\u00e8ge Jean-Jacques Rousseau<\/strong> d\u2019<a href=\"https:\/\/mesinfos.fr\/95100-argenteuil\/argenteuil-transforme-un-quartier-en-laboratoire-urbain-227065.html\" rel=\"noopener\" target=\"_blank\">Argenteuil<\/a>, organis\u00e9 sur place le <strong>samedi 4 octobre<\/strong>, de 9h \u00e0 15h.\u00a0 <\/p>\n<p>L\u2019\u00e9v\u00e9nement, dont l\u2019acc\u00e8s est gratuit, vise \u00e0 financer une partie du voyage scolaire des \u00e9l\u00e8ves en <strong>Espagne<\/strong>. Une <strong>tombola<\/strong> sera propos\u00e9e \u00e0 14h avec de nombreux lots tels que des places de <strong>cin\u00e9ma<\/strong>, des sessions de loisirs, des paniers gourmands ou des articles textiles. <\/p>\n<p> Un accueil par les \u00e9l\u00e8ves et enseignants du coll\u00e8ge J.J. Rousseau <\/p>\n<p>Les \u00e9l\u00e8ves du coll\u00e8ge <strong>J.J. Rousseau<\/strong>, accompagn\u00e9s de leurs enseignants et de parents b\u00e9n\u00e9voles, accueilleront les visiteurs et tiendront une buvette avec des en-cas faits maison. Un accent particulier sera mis cette ann\u00e9e sur le tri des d\u00e9chets et la promotion du recyclage, avec la participation d\u2019un enseignant d\u2019EPS engag\u00e9 sur ces th\u00e9matiques.\u00a0<\/p>\n<p>Mus\u00e9e Pablo Picasso, <strong>Sagrada Fam\u00edlia<\/strong>, Barrio G\u00f3tico\u2026 L\u2019an pass\u00e9, les actions men\u00e9es durant toute l\u2019ann\u00e9e avaient permis de r\u00e9duire le co\u00fbt du s\u00e9jour \u00e0 <strong>Barcelone<\/strong> de 70 euros par famille.\u00a0 <\/p>\n<p>\u201cCette semaine de partage a consolid\u00e9 les liens existants, leur a permis de progresser dans la langue, ils ont gagn\u00e9 en autonomie, en coh\u00e9sion de groupe, et la culture les a touch\u00e9s en plein c\u0153ur. De beaux t\u00e9moignages et de grands sourires sur leur visage, qui donnent envie aux accompagnateurs de donner de leur temps et de leur \u00e9nergie dans la r\u00e9alisation de ces merveilleux projets\u201d, expliquait l\u2019an dernier leur professeur <strong>Laure Agusti<\/strong>, ajoutant que les \u00e9l\u00e8ves avaient \u00e9t\u00e9 log\u00e9s chez des Barcelonais pour une meilleure immersion.\u00a0<\/p>\n","protected":false},"excerpt":{"rendered":"D.R. &#8211; L\u2019an dernier, les \u00e9l\u00e8ves avaient notamment eu l\u2019occasion de d\u00e9couvrir la Sagrada Familia, \u00e0 Barcelone.\u00a0 \u201cUne&hellip;\n","protected":false},"author":2,"featured_media":430683,"comment_status":"","ping_status":"","sticky":false,"template":"","format":"standard","meta":{"footnotes":""},"categories":[1592],"tags":[1111,11,6961,1777,674,1011,27,662,12,626,25,3365],"class_list":{"0":"post-430682","1":"post","2":"type-post","3":"status-publish","4":"format-standard","5":"has-post-thumbnail","7":"category-ile-de-france","8":"tag-actu","9":"tag-actualites","10":"tag-brocante","11":"tag-eu","12":"tag-europe","13":"tag-fr","14":"tag-france","15":"tag-ile-de-france","16":"tag-news","17":"tag-paris","18":"tag-republique-francaise","19":"tag-vide-greniers"},"share_on_mastodon":{"url":"https:\/\/pubeurope.com\/@fr\/115297982372739194","error":""},"_links":{"self":[{"href":"https:\/\/www.europesays.com\/fr\/wp-json\/wp\/v2\/posts\/430682","targetHints":{"allow":["GET"]}}],"collection":[{"href":"https:\/\/www.europesays.com\/fr\/wp-json\/wp\/v2\/posts"}],"about":[{"href":"https:\/\/www.europesays.com\/fr\/wp-json\/wp\/v2\/types\/post"}],"author":[{"embeddable":true,"href":"https:\/\/www.europesays.com\/fr\/wp-json\/wp\/v2\/users\/2"}],"replies":[{"embeddable":true,"href":"https:\/\/www.europesays.com\/fr\/wp-json\/wp\/v2\/comments?post=430682"}],"version-history":[{"count":0,"href":"https:\/\/www.europesays.com\/fr\/wp-json\/wp\/v2\/posts\/430682\/revisions"}],"wp:featuredmedia":[{"embeddable":true,"href":"https:\/\/www.europesays.com\/fr\/wp-json\/wp\/v2\/media\/430683"}],"wp:attachment":[{"href":"https:\/\/www.europesays.com\/fr\/wp-json\/wp\/v2\/media?parent=430682"}],"wp:term":[{"taxonomy":"category","embeddable":true,"href":"https:\/\/www.europesays.com\/fr\/wp-json\/wp\/v2\/categories?post=430682"},{"taxonomy":"post_tag","embeddable":true,"href":"https:\/\/www.europesays.com\/fr\/wp-json\/wp\/v2\/tags?post=430682"}],"curies":[{"name":"wp","href":"https:\/\/api.w.org\/{rel}","templated":true}]}}