{"id":430713,"date":"2025-10-01T08:49:11","date_gmt":"2025-10-01T08:49:11","guid":{"rendered":"https:\/\/www.europesays.com\/fr\/430713\/"},"modified":"2025-10-01T08:49:11","modified_gmt":"2025-10-01T08:49:11","slug":"jannik-sinner-surclasse-learner-tien-et-remporte-latp-500-de-pekin-lequipe","status":"publish","type":"post","link":"https:\/\/www.europesays.com\/fr\/430713\/","title":{"rendered":"Jannik Sinner surclasse Learner Tien et remporte l&#039;ATP 500 de P\u00e9kin &#8211; L&#039;\u00c9quipe"},"content":{"rendered":"<ol>\n<li><a href=\"https:\/\/news.google.com\/rss\/articles\/CBMitwFBVV95cUxNdFNGam5CcFhxU2F4LW1BalZNSmhIYzFDMDR6YUdsUkZVdGdoZ3J1OF9sanU1d0tEWUZBd0kwVlhxcGRGZEY3RnZ1NkRvUEdwcWlxdElDNGN1aHVSTVFNQ3lzTU9MUXJLS3NtT19PN1VLeG4wc1hSTFI4YzVLTjhvMVNNR05fN1R3RGVNZjd2T2J6bHplTXFiRUo5YVRBSlNmdXNBT0JRS2VHWmVMTVJoOThUc3NVRnM?oc=5\" target=\"_blank\" rel=\"nofollow noopener\">Jannik Sinner surclasse Learner Tien et remporte l&rsquo;ATP 500 de P\u00e9kin<\/a>&nbsp;&nbsp;L&rsquo;\u00c9quipe<\/li>\n<li><a href=\"https:\/\/news.google.com\/rss\/articles\/CBMi7wFBVV95cUxONjNYRzRIbnB6Q3JVdFA2VzNYYmRveVlONnVlMEZSTkUtX2dacEd3RWJrVmlIMmw0eFAtaVhLdmw2bVJzc0lYUlpJSGZyRUdmYVFEVGRqb2JUNlFWYlR5Sk5QT1JMZDlaZUFwa2RPSGMyc3p3RUd3TTdqQ24wQVlKdF9vV2RyNzFBc0ZUWkIzcl8wTlppaDg5S2dMdzBoNmxwQkhlWVZYbkdCdVJTNi1pUmo2RFZTcnI1ZEt6cTZfLWRYQlRmN2FNbDhaRE5wTkg3S1ktX1R1eGdJWUV4Nlo4VmZkenR0azBWV0xfU2dobw?oc=5\" target=\"_blank\" rel=\"nofollow noopener\">ATP P\u00e9kin &#8211; Jannik Sinner d\u00e9roule contre Learner Tien et s&rsquo;offre son 21e titre en carri\u00e8re<\/a>&nbsp;&nbsp;Eurosport<\/li>\n<li><a href=\"https:\/\/news.google.com\/rss\/articles\/CBMiyAFBVV95cUxPTms3Tlg4Nm9zeHNPRU9LTEYtOEo2emJxRkthYjZCeWV4eHM0UnprZ1o2dHZQZnVRM092bjl4VXViU2duTGxUMThfeUtQWjJNQWF0NGxnaUNQdlpya2VhTDRraUdNenFqQThScjRfSkVCYTVnQkhWUDdhOTZXNnU5SUQwd3JNdXkxMml1VFRQNmlneGNKZnp2aVZfM0FfWlFQN3NGWDNpS3A2OTcyd3lCMnhOblJnYjJ3ZU1yM0RudmNuLXVJZTZ0cg?oc=5\" target=\"_blank\" rel=\"nofollow noopener\">Tennis : Jannik Sinner embo\u00eete le pas d\u2019Alcaraz et d\u00e9croche un nouveau titre \u00e0 P\u00e9kin<\/a>&nbsp;&nbsp;Le Figaro<\/li>\n<li><a href=\"https:\/\/news.google.com\/rss\/articles\/CBMiyAFBVV95cUxNbUtOMncta3RoTmdGSXlNYjBEY0ZzVFY2VnYxTFFTZlZheERmWTNVanMtZ0JvSFRjZWNhOFA0aGpONjJVRnp0Y3VtMU90OWdqdXpDRE1FV1JYR2I1cGQyb3Z2c1V2TzNrbDJCTzMwd2ZwUVVQZnItNEZiUDZmYUlaR3VCb1V6OEs5b2ktYmZhRWtRY0dIeDlyR3NmbnlCZDYwU05XZ3gwamkyQzBzV2J6ZkEyRXNvcDZaaGNTdjdzTWJUQkxwR1VxTg?oc=5\" target=\"_blank\" rel=\"nofollow noopener\">P\u00e9kin &#8211; Sinner qualifi\u00e9 pour la finale apr\u00e8s son succ\u00e8s face \u00e0 De Minaur<\/a>&nbsp;&nbsp;Orange Actualit\u00e9s | Sports<\/li>\n<li><a href=\"https:\/\/news.google.com\/rss\/articles\/CBMihgJBVV95cUxOMnJzWkdCNVlIRDJGUnFRaUxDUVhLdHFEeXk1aldSTFVnQWlKT24yZGdHZ2hla3RRSHdUSmJiRVFnR3drRkpPRkJlOFU4bnVUY0wteDg3S3ZhUDRlQUliaThfYjFpUEhwcXowdlBBVFpXWmNCWmctaGwyODJUUV8zbmltYnFDMFVTakY3WWhDb19QOUw2TUVBVng1Tk1VRE5iR0ZwRUJIUnRsOUtDWmREcUYxTFNHQTk2OHFSZUl4QzJVSk1VU3IwNndKbWt1MlkyVWJibER4VjNoUnhPTHFLMWR6VktnY1c4Qk90c3dPRUFEZW53Q3RldVVONjdzX0FoS3hzX09n?oc=5\" target=\"_blank\" rel=\"nofollow noopener\">ATP 500 de P\u00e9kin. Medvedev fustige l\u2019arbitre apr\u00e8s un avertissement pour manque de combativit\u00e9<\/a>&nbsp;&nbsp;Ouest-France<\/li>\n<\/ol>\n","protected":false},"excerpt":{"rendered":"Jannik Sinner surclasse Learner Tien et remporte l&rsquo;ATP 500 de P\u00e9kin&nbsp;&nbsp;L&rsquo;\u00c9quipe ATP P\u00e9kin &#8211; Jannik Sinner d\u00e9roule contre&hellip;\n","protected":false},"author":2,"featured_media":430714,"comment_status":"","ping_status":"","sticky":false,"template":"","format":"standard","meta":{"footnotes":""},"categories":[1415],"tags":[1011,27,60,1467],"class_list":{"0":"post-430713","1":"post","2":"type-post","3":"status-publish","4":"format-standard","5":"has-post-thumbnail","7":"category-tennis","8":"tag-fr","9":"tag-france","10":"tag-sports","11":"tag-tennis"},"share_on_mastodon":{"url":"https:\/\/pubeurope.com\/@fr\/115298052514815709","error":""},"_links":{"self":[{"href":"https:\/\/www.europesays.com\/fr\/wp-json\/wp\/v2\/posts\/430713","targetHints":{"allow":["GET"]}}],"collection":[{"href":"https:\/\/www.europesays.com\/fr\/wp-json\/wp\/v2\/posts"}],"about":[{"href":"https:\/\/www.europesays.com\/fr\/wp-json\/wp\/v2\/types\/post"}],"author":[{"embeddable":true,"href":"https:\/\/www.europesays.com\/fr\/wp-json\/wp\/v2\/users\/2"}],"replies":[{"embeddable":true,"href":"https:\/\/www.europesays.com\/fr\/wp-json\/wp\/v2\/comments?post=430713"}],"version-history":[{"count":0,"href":"https:\/\/www.europesays.com\/fr\/wp-json\/wp\/v2\/posts\/430713\/revisions"}],"wp:featuredmedia":[{"embeddable":true,"href":"https:\/\/www.europesays.com\/fr\/wp-json\/wp\/v2\/media\/430714"}],"wp:attachment":[{"href":"https:\/\/www.europesays.com\/fr\/wp-json\/wp\/v2\/media?parent=430713"}],"wp:term":[{"taxonomy":"category","embeddable":true,"href":"https:\/\/www.europesays.com\/fr\/wp-json\/wp\/v2\/categories?post=430713"},{"taxonomy":"post_tag","embeddable":true,"href":"https:\/\/www.europesays.com\/fr\/wp-json\/wp\/v2\/tags?post=430713"}],"curies":[{"name":"wp","href":"https:\/\/api.w.org\/{rel}","templated":true}]}}