{"id":430715,"date":"2025-10-01T08:51:18","date_gmt":"2025-10-01T08:51:18","guid":{"rendered":"https:\/\/www.europesays.com\/fr\/430715\/"},"modified":"2025-10-01T08:51:18","modified_gmt":"2025-10-01T08:51:18","slug":"fabio-quartararo-je-suis-chanceux-de-ne-pas-avoir-chute","status":"publish","type":"post","link":"https:\/\/www.europesays.com\/fr\/430715\/","title":{"rendered":"Fabio Quartararo : \u201cje suis chanceux de ne pas avoir chut\u00e9\u201d"},"content":{"rendered":"<p><strong>En ce week-end de sacre mondial pour Marc Marquez, les pilotes maralpins n\u2019ont pas brill\u00e9 lors des diff\u00e9rentes courses du week-end au Japon sur le circuit de Motegi.<\/strong><\/p>\n<p>Pour ce 17e rendez-vous de la saison <strong>MotoGP<\/strong>, qui a vu Marc Marquez \u00e0 la f\u00eate en glanant un septi\u00e8me titre mondial, du c\u00f4t\u00e9 des Azur\u00e9ens, l\u2019ambiance \u00e9tait bien moins joyeuse. Si<a href=\"https:\/\/www.motogp.com\/fr\/riders\/fabio-quartararo\/bf95d959-6a60-44f1-84b5-ded861e62578\" target=\"_blank\" data-type=\"link\" data-id=\"https:\/\/www.motogp.com\/fr\/riders\/fabio-quartararo\/bf95d959-6a60-44f1-84b5-ded861e62578\" rel=\"noreferrer noopener nofollow\"> Fabio Quartararo<\/a> a fait parler son talent pour placer sa Yamaha en<strong> 5e position sur la grille<\/strong> de d\u00e9part, <strong>Johann Zarco a d\u00fb se contenter de la 11e <\/strong>position \u00e0 l\u2019issue des qualifications.<\/p>\n<p>Au d\u00e9part, <strong>Fabio Quartararo<\/strong> ne perd qu\u2019une place et se retrouve <strong>6e<\/strong>. A contrario <strong>Johann Zarco<\/strong> se retrouve au milieu d\u2019un \u00e9norme crash entre le champion du monde en titre et Marco Bezzecchi.<\/p>\n<blockquote class=\"twitter-tweet\" data-width=\"550\" data-dnt=\"true\">\n<p lang=\"fr\" dir=\"ltr\">\u00c9NORME CRASH entre les Aprilia au d\u00e9part de la course sprint ! \ud83d\ude31\ud83d\ude31<\/p>\n<p>\u27a1\ufe0f La course sprint \u00e0 suivre d\u00e8s maintenant sur CANAL+SPORT360 \ud83d\udcfa<a href=\"https:\/\/twitter.com\/hashtag\/JapaneseGP?src=hash&amp;ref_src=twsrc%5Etfw\" rel=\"nofollow noopener\" target=\"_blank\">#JapaneseGP<\/a> | <a href=\"https:\/\/twitter.com\/hashtag\/MotoGP?src=hash&amp;ref_src=twsrc%5Etfw\" rel=\"nofollow noopener\" target=\"_blank\">#MotoGP<\/a> <a href=\"https:\/\/t.co\/fXpcHuzPWV\" rel=\"nofollow\">pic.twitter.com\/fXpcHuzPWV<\/a><\/p>\n<p>&mdash; CANAL+ MotoGP\u2122 (@CanalplusMotoGP) <a href=\"https:\/\/twitter.com\/CanalplusMotoGP\/status\/1971821350051258805?ref_src=twsrc%5Etfw\" rel=\"nofollow noopener\" target=\"_blank\">September 27, 2025<\/a><\/p><\/blockquote>\n<p><script async src=\"https:\/\/platform.twitter.com\/widgets.js\" charset=\"utf-8\"><\/script>\n<\/p>\n<p>Le Cannois se retrouve<strong> en fond de grille<\/strong> \u00e0 la 18e position et a fini par abandonner \u00e0 deux tours de la fin : \u00ab d\u2019un c\u00f4t\u00e9 je peux dire que ce n\u2019est pas de chance parce que le d\u00e9part \u00e9tait correct et j\u2019aurais voulu me battre et jouer de jolis petits points, mais de l\u2019autre je suis chanceux de ne pas avoir chut\u00e9 parce que \u00e7a a \u00e9t\u00e9 effrayant de voir les motos passer. Mart\u00edn a fait quelque chose d\u2019un peu trop fou. J\u2019ai failli m\u00eame rouler sur lui. Je n\u2019ai touch\u00e9 aucune moto, (\u2026) donc d\u2019un c\u00f4t\u00e9 c\u2019\u00e9tait assez effrayant et je suis chanceux de ne pas avoir chut\u00e9, mais clairement je suis reparti dernier, avait d\u00e9clar\u00e9 Johann Zarco apr\u00e8s avoir abandonn\u00e9. J\u2019ai r\u00e9ussi \u00e0 remonter correctement sur les cinq ou six premiers tours mais apr\u00e8s, derri\u00e8re Di Giannantonio c\u2019est devenu plus difficile. Je me suis dit \u2018c\u2019est ou je chute, ou je le double\u2019 et j\u2019ai pr\u00e9f\u00e9r\u00e9 rentrer parce qu\u2019en \u00e9tant 15e, de toute fa\u00e7on c\u2019\u00e9tait perdu pour la course sprint. \u00bb<\/p>\n<p>Pour ce qui est de <strong><a href=\"https:\/\/www.nicepremium.fr\/sports\/motogp-rentree-difficile-pour-fabio-quartararo-et-johann-zarco\/\" target=\"_blank\" data-type=\"link\" data-id=\"https:\/\/www.nicepremium.fr\/sports\/motogp-rentree-difficile-pour-fabio-quartararo-et-johann-zarco\/\" rel=\"noreferrer noopener nofollow\">Fabio Quartararo<\/a><\/strong>, le sprint a \u00e9t\u00e9 compliqu\u00e9. En d\u00e9licatesse sur les longs relais avec une forte d\u00e9gradation pneumatique, le Ni\u00e7ois n\u2019a pas pu \u00e9viter la d\u00e9gringolade au classement. Le pilote Yamaha, environ 0,5s moins vite au tour par rapport au leader, s\u2019est bien battu pour conserver sa 6e place. <\/p>\n<p>A l\u2019arriv\u00e9e le constat \u00e9tait amer : \u00ab la conclusion c\u2019est qu\u2019on est encore tr\u00e8s, tr\u00e8s loin. J\u2019ai fait de mon mieux, je n\u2019ai commis aucune erreur, mais on voit que notre rythme est assez lent compar\u00e9 \u00e0 tout le monde. Je dois continuer \u00e0 donner le meilleur de moi-m\u00eame et je dois progresser sur mon style de pilotage pour \u00eatre un meilleur pilote. On est lents et on voit comme notre moto est vraiment en difficult\u00e9. On voit aussi les autres Yamaha donc rien \u00e0 ajouter sur la course d\u2019aujourd\u2019hui \u00bb<\/p>\n<p><strong>Johann Zarco : <\/strong><strong>\u201cj\u2019ai tout donn\u00e9 jusqu\u2019\u00e0 la fin\u201d<\/strong><\/p>\n<p>Ce dimanche, le Grand Prix partait <strong>beaucoup mieux<\/strong> pour les Maralpins. <a href=\"https:\/\/www.nicepremium.fr\/sports\/motogp-week-end-mouvemente-pour-johann-zarco-et-fabio-quartararo-a-misano\/\" target=\"_blank\" data-type=\"link\" data-id=\"https:\/\/www.nicepremium.fr\/sports\/motogp-week-end-mouvemente-pour-johann-zarco-et-fabio-quartararo-a-misano\/\" rel=\"noreferrer noopener nofollow\">Fabio Quartararo<\/a> est parvenu \u00e0 gagner deux positions sur un freinage tr\u00e8s agressif au premier virage. Mais en grand manque de rythme, \u201cEl Diablo\u201d va vivre une course gal\u00e8re ! D\u00e9j\u00e0 distanc\u00e9 par les trois hommes de t\u00eate apr\u00e8s le premier tour, le tricolore va reculer inlassablement au classement. Le Ni\u00e7ois pas \u00e0 l\u2019aise avec son pneu m\u00e9dium perd cinq positions dans le second tour. Il se retrouve finalement juste devant Johann Zarco remont\u00e9 en 10e place mais loin du rythme des pilotes devant lui. M\u00eame s\u2019il semblait plus \u00e0 l\u2019aise que son compatriote, le Cannois n\u2019a jamais r\u00e9ussi \u00e0 trouver l\u2019ouverture. <strong>Les deux tricolores terminent finalement au 8e et 9e positions<\/strong> du Grand Prix.\u00a0<\/p>\n<p>Apr\u00e8s la course,<a href=\"https:\/\/www.nicepremium.fr\/sports\/motogp-johann-zarco-prolonge-chez-honda-mais-reste-chez-lcr\/\" target=\"_blank\" data-type=\"link\" data-id=\"https:\/\/www.nicepremium.fr\/sports\/motogp-johann-zarco-prolonge-chez-honda-mais-reste-chez-lcr\/\" rel=\"noreferrer noopener nofollow\"> <strong>Johann Zarco<\/strong><\/a> est revenu sur ce Grand Prix finalement tr\u00e8s peu mouvement\u00e9 : \u00ab je suis content. Le d\u00e9part \u00e9tait plut\u00f4t correct mais en partant 11e, au premier virage tu ne peux ni faire l\u2019int\u00e9rieur ni l\u2019ext\u00e9rieur, donc tu restes coinc\u00e9. Apr\u00e8s, je n\u2019avais pas encore assez de confiance pour doubler au freinage d\u00e8s le virage n\u00b03, mais j\u2019ai r\u00e9ussi \u00e0 garder ma position et \u00e0 placer quelques beaux d\u00e9passements. C\u2019est un signe : hier je n\u2019\u00e9tais pas capable de le faire. \u00bb Puis le Cannois est revenu sur <strong>sa course contre Fabio Quartararo<\/strong> au micro de Canal + : \u00ab j\u2019ai essay\u00e9 de rester proche pour profiter d\u2019une \u00e9ventuelle usure de son pneu, mais nos gommes se sont d\u00e9grad\u00e9es au m\u00eame moment. J\u2019ai tout donn\u00e9 jusqu\u2019\u00e0 la fin, mais je ne pouvais pas l\u2019attaquer. \u00bb<\/p>\n<p>Si le r\u00e9sultat d\u2019ensemble n\u2019est pas exceptionnel, tout n\u2019est pas \u00e0 mettre \u00e0 la poubelle non plus. <a href=\"https:\/\/www.nicepremium.fr\/sports\/motogp-fabio-quartararo-et-johann-zarco-a-la-croisee-des-chemins\/\" target=\"_blank\" data-type=\"link\" data-id=\"https:\/\/www.nicepremium.fr\/sports\/motogp-fabio-quartararo-et-johann-zarco-a-la-croisee-des-chemins\/\" rel=\"noreferrer noopener nofollow\">Les deux Fran\u00e7ais <\/a>auront l\u2019occasion de mieux faire la semaine prochaine en Indon\u00e9sie.\u00a0<\/p>\n<p><script async src=\"https:\/\/platform.twitter.com\/widgets.js\" charset=\"utf-8\"><\/script><\/p>\n","protected":false},"excerpt":{"rendered":"En ce week-end de sacre mondial pour Marc Marquez, les pilotes maralpins n\u2019ont pas brill\u00e9 lors des diff\u00e9rentes&hellip;\n","protected":false},"author":2,"featured_media":430716,"comment_status":"","ping_status":"","sticky":false,"template":"","format":"standard","meta":{"footnotes":""},"categories":[1413],"tags":[1011,27,1457,1456,60],"class_list":{"0":"post-430715","1":"post","2":"type-post","3":"status-publish","4":"format-standard","5":"has-post-thumbnail","7":"category-moto","8":"tag-fr","9":"tag-france","10":"tag-moto","11":"tag-motocycle","12":"tag-sports"},"share_on_mastodon":{"url":"https:\/\/pubeurope.com\/@fr\/115298060529999365","error":""},"_links":{"self":[{"href":"https:\/\/www.europesays.com\/fr\/wp-json\/wp\/v2\/posts\/430715","targetHints":{"allow":["GET"]}}],"collection":[{"href":"https:\/\/www.europesays.com\/fr\/wp-json\/wp\/v2\/posts"}],"about":[{"href":"https:\/\/www.europesays.com\/fr\/wp-json\/wp\/v2\/types\/post"}],"author":[{"embeddable":true,"href":"https:\/\/www.europesays.com\/fr\/wp-json\/wp\/v2\/users\/2"}],"replies":[{"embeddable":true,"href":"https:\/\/www.europesays.com\/fr\/wp-json\/wp\/v2\/comments?post=430715"}],"version-history":[{"count":0,"href":"https:\/\/www.europesays.com\/fr\/wp-json\/wp\/v2\/posts\/430715\/revisions"}],"wp:featuredmedia":[{"embeddable":true,"href":"https:\/\/www.europesays.com\/fr\/wp-json\/wp\/v2\/media\/430716"}],"wp:attachment":[{"href":"https:\/\/www.europesays.com\/fr\/wp-json\/wp\/v2\/media?parent=430715"}],"wp:term":[{"taxonomy":"category","embeddable":true,"href":"https:\/\/www.europesays.com\/fr\/wp-json\/wp\/v2\/categories?post=430715"},{"taxonomy":"post_tag","embeddable":true,"href":"https:\/\/www.europesays.com\/fr\/wp-json\/wp\/v2\/tags?post=430715"}],"curies":[{"name":"wp","href":"https:\/\/api.w.org\/{rel}","templated":true}]}}