{"id":430717,"date":"2025-10-01T08:52:12","date_gmt":"2025-10-01T08:52:12","guid":{"rendered":"https:\/\/www.europesays.com\/fr\/430717\/"},"modified":"2025-10-01T08:52:12","modified_gmt":"2025-10-01T08:52:12","slug":"om-benatia-confirme-un-transfert-de-folie-a-marseille","status":"publish","type":"post","link":"https:\/\/www.europesays.com\/fr\/430717\/","title":{"rendered":"OM : Benatia confirme un transfert de folie \u00e0 Marseille !"},"content":{"rendered":"<p>                    Arthur Montagne<br \/>\n                        &#8211;<\/p>\n<p>Journaliste<\/p>\n<p>Affam\u00e9 de sport, il a grandi au son des moteurs de Formule 1 et des exploits de Ronaldinho. Aujourd\u2019hui, diplom\u00e9 d&rsquo;un Master de journalisme de sport, il ne rate plus un Grand Prix de F1 ni un match du PSG, ses deux passions et sp\u00e9cialit\u00e9s<\/p>\n<p class=\"heading\">Hyper actif durant le mercato estival, l&rsquo;OM a notamment r\u00e9alis\u00e9 le plus gros transfert de son histoire en l\u00e2chant pas moins de 35M\u20ac, bonus compris, pour recruter Igor Paixao en provenance de Feyenoord. Malgr\u00e9 des d\u00e9buts compliqu\u00e9s, l&rsquo;ailier br\u00e9silien a fait taire les critiques mardi soir en inscrivant un doubl\u00e9 contre l&rsquo;Ajax Amsterdam (4-0). Pour le plus grand bonheur de Medhi Benatia.<\/p>\n<p>Durant le mercato estival, l&rsquo;<strong>OM<\/strong> n&rsquo;a pas ch\u00f4m\u00e9 et a totalement chamboul\u00e9 son effectif recrutant pas moins de 12 joueurs, dont <a href=\"https:\/\/le10sport.com\/football\/mercato\/transfert-historique-a-lom-il-annonce-du-lourd-759804\" target=\"_blank\" rel=\"noopener\">Igor Paixao<\/a> qui est devenu le joueur le plus cher de l&rsquo;histoire du club phoc\u00e9en apr\u00e8s son transfert en provenance de <strong>Feyenoord <\/strong>pour 35M\u20ac, bonus compris. Et alors qu&rsquo;il a connu des d\u00e9buts compliqu\u00e9s \u00e0 Marseille, l&rsquo;ailier br\u00e9silien a d\u00e9bloqu\u00e9 son compteur en inscrivant un doubl\u00e9 contre l&rsquo;<strong>Ajax Amsterdam<\/strong> (4-0). <strong>Medhi Benatia<\/strong> s&rsquo;enflamme donc pour <strong>Igor Paixao<\/strong>.<\/p>\n<p>                                            Benatia s&rsquo;enflamme pour Paixao<\/p>\n<p>\u00ab Quand je regarde le mercato et les prix des ailiers cet \u00e9t\u00e9, il est dans les standards. Il a \u00e9t\u00e9 meilleur joueur de son championnat l\u2019an dernier et a prouv\u00e9 en Ligue des Champions. On l\u2019a suivi deux mois malgr\u00e9 sa blessure \u00bb, assure-t-il en zone mixte avant de poursuivre.<\/p>\n<p>                                            \u00abC\u2019est magnifique pour son adaptation et sa confiance\u00bb<\/p>\n<p>\u00ab C\u2019\u00e9tait un de nos objectifs prioritaires avec Pablo et le coach. Il est travailleur, souriant, il voulait vraiment Marseille. Signer un doubl\u00e9 en Ligue des Champions, c\u2019est magnifique pour son adaptation et sa confiance \u00bb, ajoute <strong>Medhi Benatia<\/strong>.<\/p>\n","protected":false},"excerpt":{"rendered":"Arthur Montagne &#8211; Journaliste Affam\u00e9 de sport, il a grandi au son des moteurs de Formule 1 et&hellip;\n","protected":false},"author":2,"featured_media":430718,"comment_status":"","ping_status":"","sticky":false,"template":"","format":"standard","meta":{"footnotes":""},"categories":[1412],"tags":[1451,1452,1453,1454,1455,1011,27,60],"class_list":{"0":"post-430717","1":"post","2":"type-post","3":"status-publish","4":"format-standard","5":"has-post-thumbnail","7":"category-f1","8":"tag-f1","9":"tag-formula-1","10":"tag-formula1","11":"tag-formule-1","12":"tag-formule1","13":"tag-fr","14":"tag-france","15":"tag-sports"},"share_on_mastodon":{"url":"https:\/\/pubeurope.com\/@fr\/115298064421083791","error":""},"_links":{"self":[{"href":"https:\/\/www.europesays.com\/fr\/wp-json\/wp\/v2\/posts\/430717","targetHints":{"allow":["GET"]}}],"collection":[{"href":"https:\/\/www.europesays.com\/fr\/wp-json\/wp\/v2\/posts"}],"about":[{"href":"https:\/\/www.europesays.com\/fr\/wp-json\/wp\/v2\/types\/post"}],"author":[{"embeddable":true,"href":"https:\/\/www.europesays.com\/fr\/wp-json\/wp\/v2\/users\/2"}],"replies":[{"embeddable":true,"href":"https:\/\/www.europesays.com\/fr\/wp-json\/wp\/v2\/comments?post=430717"}],"version-history":[{"count":0,"href":"https:\/\/www.europesays.com\/fr\/wp-json\/wp\/v2\/posts\/430717\/revisions"}],"wp:featuredmedia":[{"embeddable":true,"href":"https:\/\/www.europesays.com\/fr\/wp-json\/wp\/v2\/media\/430718"}],"wp:attachment":[{"href":"https:\/\/www.europesays.com\/fr\/wp-json\/wp\/v2\/media?parent=430717"}],"wp:term":[{"taxonomy":"category","embeddable":true,"href":"https:\/\/www.europesays.com\/fr\/wp-json\/wp\/v2\/categories?post=430717"},{"taxonomy":"post_tag","embeddable":true,"href":"https:\/\/www.europesays.com\/fr\/wp-json\/wp\/v2\/tags?post=430717"}],"curies":[{"name":"wp","href":"https:\/\/api.w.org\/{rel}","templated":true}]}}