{"id":430724,"date":"2025-10-01T08:55:11","date_gmt":"2025-10-01T08:55:11","guid":{"rendered":"https:\/\/www.europesays.com\/fr\/430724\/"},"modified":"2025-10-01T08:55:11","modified_gmt":"2025-10-01T08:55:11","slug":"elle-va-se-un-proche-disabelle-nanty-donne-de-ses-nouvelles-apres-son-terrible-accident","status":"publish","type":"post","link":"https:\/\/www.europesays.com\/fr\/430724\/","title":{"rendered":"\u00ab\u00a0Elle va se\u2026\u00a0\u00bb\u00a0: un proche d&rsquo;Isabelle Nanty donne de ses nouvelles apr\u00e8s son terrible accident"},"content":{"rendered":"<p>Pas s\u00fbr qu&rsquo;Isabelle Nanty ne revienne de sit\u00f4t sur le devant de la sc\u00e8ne. Et pour cause\u2026 Dans la nuit du 11 au 12\u00a0septembre, <a href=\"https:\/\/www.public.fr\/isabelle-nanty-apres-le-terrible-accident-de-la-route-tf1-publie-une-video-totalement-inattendue\" target=\"_blank\" rel=\"noopener\">l&rsquo;actrice de 63 ans<\/a> a \u00e9t\u00e9 <strong>victime d&rsquo;un grave accident de la route <\/strong>dans les Yvelines. Cette derni\u00e8re se trouvait alors sur l&rsquo;autoroute A10 en direction de Paris. Au volant : un <strong>chauffeur VTC<\/strong> dont <strong>le permis n&rsquo;\u00e9tait plus valide<\/strong>. Transport\u00e9e d&rsquo;urgence \u00e0 l&rsquo;h\u00f4pital Percy de Clamart, le pronostic vital de <a href=\"https:\/\/www.public.fr\/isabelle-nanty-forcee-de-tout-arreter-a-cause-de-son-grave-accident-de-la-route\" target=\"_blank\" rel=\"noopener\">la star des Tuche<\/a> n&rsquo;a pas \u00e9t\u00e9 engag\u00e9. En revanche, <strong>le bilan reste lourd<\/strong>. Cette derni\u00e8re souffre de trois c\u00f4tes cass\u00e9es, d&rsquo;un orteil fractur\u00e9 et d&rsquo;une fracture au niveau des cervicales.<\/p>\n<p>Bilan\u00a0: <a href=\"https:\/\/www.public.fr\/annonce-mort-isabelle-nanty-hospitalisee-durgence-dany-boon-donne-des-nouvelles-de-la-comedienne\" target=\"_blank\" rel=\"noopener\">la com\u00e9dienne <\/a>s&rsquo;est vue remettre un <strong>arr\u00eat de travail de deux mois<\/strong>. Du coup, pas le choix, la suite de la s\u00e9rie Marie-Line, incognito se tourne actuellement sans elle. Mais alors <strong>comment va-t-elle aujourd&rsquo;hui\u00a0?<\/strong> Ce mardi 30\u00a0septembre, Anne-Sophie Lapix \u00e9tait aux commandes de \u00ab\u00a0RTL Soir\u00a0\u00bb comme c&rsquo;est le cas depuis la rentr\u00e9e. \u00c0 cette occasion, <a href=\"https:\/\/www.public.fr\/en-fanfare-anne-sophie-lapix-la-star-du-jt-decroche-un-role-dans-ce-chef-doeuvre\" target=\"_blank\" rel=\"noopener\">l&rsquo;ex pr\u00e9sentatrice du 20\u00a0heures de France 2<\/a> a re\u00e7u <strong>Jean-Paul Rouve<\/strong>. <\/p>\n<p><a href=\"https:\/\/www.public.fr\/jean-paul-rouve-ce-film-sorti-en-2019-fait-scandale-le-tribunal-correctionnel-sen-mele\" target=\"_blank\" rel=\"noopener\">L&rsquo;acteur et r\u00e9alisateur<\/a> est <strong>venu faire la promotion de sa derni\u00e8re pi\u00e8ce<\/strong> au Th\u00e9\u00e2tre Antoine \u00e0 Paris dans laquelle il incarnera le mythique personnage de Moli\u00e8re, Le Bourgeois Gentilhomme. Mais, \u00e9videmment, \u00e0 l&rsquo;occasion de sa venue, le proche d&rsquo;Isabelle Nanty a aussi <strong>donn\u00e9 des nouvelles de<a href=\"https:\/\/www.public.fr\/isabelle-nanty-victime-dun-grave-accident-de-la-route-lactrice-hospitalisee-en-urgence-absolue\" target=\"_blank\" rel=\"noopener\"> sa camarade<\/a><\/strong> qu&rsquo;il conna\u00eet depuis des ann\u00e9es.<\/p>\n<p>Isabelle Nanty victime d&rsquo;un accident de la route\u00a0: Jean-Paul Rouve se veut rassurant<\/p>\n<p>Plusieurs personnalit\u00e9s ont donn\u00e9 des nouvelles de <a href=\"https:\/\/www.google.com\/url?sa=t&amp;source=web&amp;rct=j&amp;opi=89978449&amp;url=https:\/\/vsd.fr\/87890-isabelle-nanty-des-nouvelles-rassurantes\/&amp;ved=2ahUKEwiE6Jf7vYKQAxU1Q6QEHSYqKMMQFnoECBUQAQ&amp;usg=AOvVaw0MdMdfaOR_N_pV2YKfZO6g\" target=\"_blank\" rel=\"noopener\">la m\u00e8re de famille<\/a> depuis ce terrible accident <strong>comme Gad Elmaleh ou encore Dany Boon<\/strong>\u00a0; tous semblants tr\u00e8s affect\u00e9s par le drame qui a touch\u00e9 leur cons\u0153ur. Quinze jours apr\u00e8s, c&rsquo;est au tour de <a href=\"https:\/\/www.google.com\/url?sa=t&amp;source=web&amp;rct=j&amp;opi=89978449&amp;url=https:\/\/vsd.fr\/44429-enfin-tu-arretes-ce-message-dadieu-hilarant-de-jean-paul-rouve-a-nikos-aliagas-dans-50-inside\/&amp;ved=2ahUKEwjF05eVvoKQAxURRqQEHYHbH5sQFnoECBoQAQ&amp;usg=AOvVaw00XIQGGczN7WTzm0_uOGlC\" target=\"_blank\" rel=\"noopener\">Jean-Paul Rouve<\/a> de prendre la parole. Ce dernier a commenc\u00e9 par se montrer particuli\u00e8rement rassurant\u00a0: \u00ab\u00a0Franchement, \u00e7a va, elle \u00e9tait bless\u00e9e, elle a eu un accident donc<strong> il faut qu\u2019elle ait du repos<\/strong>\u00ab\u00a0, a-t-il expliqu\u00e9. Toutefois, il en est persuad\u00e9\u00a0: \u00ab\u00a0Elle va se remettre.\u00a0\u00bb<\/p>\n<p>Par ailleurs, autre information importante, une tr\u00e8s bonne nouvelle\u2026 Isabelle Nanty \u00ab\u00a0n\u2019aura <strong>pas de s\u00e9quelles de cet accident<\/strong>\u00ab\u00a0. \u00ab\u00a0\u00c7a a failli \u00eatre grave donc elle s\u2019en est bien sortie\u00a0\u00bb, a pr\u00e9cis\u00e9 celui qui pense d\u00e9j\u00e0 \u00e0 <a href=\"https:\/\/www.google.com\/url?sa=t&amp;source=web&amp;rct=j&amp;opi=89978449&amp;url=https:\/\/vsd.fr\/23862-cinema-olivier-baroux-il-y-aura-un-tuche-4\/&amp;ved=2ahUKEwjHlcSKvoKQAxX6RaQEHVRkAo4QFnoECCEQAQ&amp;usg=AOvVaw3nswSxT_RGDIr6l92hxuZU\" target=\"_blank\" rel=\"noopener\">redonner vie aux Tuche<\/a> dans un sixi\u00e8me volet. \u00ab\u00a0<strong>J\u2019ai une id\u00e9e pour le prochain<\/strong>\u00ab\u00a0, a-t-il fait savoir \u00e0 l&rsquo;occasion de son passage sur RTL. De quoi ravir les fans de Jeff et Cathy Tuche, de Mamie Suze ou encore de Coin-Coin.<\/p>\n<p>      Mentionn\u00e9s dans cet article<\/p>\n<p>      Sur le m\u00eame sujet<\/p>\n","protected":false},"excerpt":{"rendered":"Pas s\u00fbr qu&rsquo;Isabelle Nanty ne revienne de sit\u00f4t sur le devant de la sc\u00e8ne. Et pour cause\u2026 Dans&hellip;\n","protected":false},"author":2,"featured_media":430725,"comment_status":"","ping_status":"","sticky":false,"template":"","format":"standard","meta":{"footnotes":""},"categories":[1359],"tags":[119,4376,253,21313,58,59,1011,27,11403,1629,973,2700],"class_list":{"0":"post-430724","1":"post","2":"type-post","3":"status-publish","4":"format-standard","5":"has-post-thumbnail","7":"category-people","8":"tag-accident","9":"tag-accident-de-la-route","10":"tag-acteur","11":"tag-anne-sophie-lapix","12":"tag-divertissement","13":"tag-entertainment","14":"tag-fr","15":"tag-france","16":"tag-isabelle-nanty","17":"tag-jean-paul-rouve","18":"tag-people","19":"tag-rtl"},"share_on_mastodon":{"url":"https:\/\/pubeurope.com\/@fr\/115298076251542918","error":""},"_links":{"self":[{"href":"https:\/\/www.europesays.com\/fr\/wp-json\/wp\/v2\/posts\/430724","targetHints":{"allow":["GET"]}}],"collection":[{"href":"https:\/\/www.europesays.com\/fr\/wp-json\/wp\/v2\/posts"}],"about":[{"href":"https:\/\/www.europesays.com\/fr\/wp-json\/wp\/v2\/types\/post"}],"author":[{"embeddable":true,"href":"https:\/\/www.europesays.com\/fr\/wp-json\/wp\/v2\/users\/2"}],"replies":[{"embeddable":true,"href":"https:\/\/www.europesays.com\/fr\/wp-json\/wp\/v2\/comments?post=430724"}],"version-history":[{"count":0,"href":"https:\/\/www.europesays.com\/fr\/wp-json\/wp\/v2\/posts\/430724\/revisions"}],"wp:featuredmedia":[{"embeddable":true,"href":"https:\/\/www.europesays.com\/fr\/wp-json\/wp\/v2\/media\/430725"}],"wp:attachment":[{"href":"https:\/\/www.europesays.com\/fr\/wp-json\/wp\/v2\/media?parent=430724"}],"wp:term":[{"taxonomy":"category","embeddable":true,"href":"https:\/\/www.europesays.com\/fr\/wp-json\/wp\/v2\/categories?post=430724"},{"taxonomy":"post_tag","embeddable":true,"href":"https:\/\/www.europesays.com\/fr\/wp-json\/wp\/v2\/tags?post=430724"}],"curies":[{"name":"wp","href":"https:\/\/api.w.org\/{rel}","templated":true}]}}