{"id":430726,"date":"2025-10-01T08:56:26","date_gmt":"2025-10-01T08:56:26","guid":{"rendered":"https:\/\/www.europesays.com\/fr\/430726\/"},"modified":"2025-10-01T08:56:26","modified_gmt":"2025-10-01T08:56:26","slug":"belfort-un-architecte-definitivement-interdit-dexercer","status":"publish","type":"post","link":"https:\/\/www.europesays.com\/fr\/430726\/","title":{"rendered":"Belfort. Un architecte d\u00e9finitivement interdit d\u2019exercer"},"content":{"rendered":"<p>Le 3\u00a0juin dernier, un architecte \u00e9tait entendu au tribunal de Belfort pour avoir exerc\u00e9 sa profession alors qu\u2019il \u00e9tait sous le coup d\u2019une suspension du conseil de l\u2019ordre. L\u2019audience, qui s\u2019\u00e9tait \u00e9ternis\u00e9e car complexe, n\u2019avait pas abouti par une d\u00e9cision imm\u00e9diate. Les magistrats se sont donn\u00e9 du temps pour examiner les \u00e9l\u00e9ments du dossier. La d\u00e9cision a \u00e9t\u00e9 rendue ce mardi 30\u00a0septembre.<\/p>\n<p>Un temps inqui\u00e9t\u00e9 pour des faits de harc\u00e8lement envers des clients, l\u2019architecte a \u00e9t\u00e9 relax\u00e9. En revanche, il a \u00e9t\u00e9 <a href=\"https:\/\/www.estrepublicain.fr\/faits-divers-justice\/2025\/06\/04\/pagailles-sur-le-chantier-l-embrouille-entre-l-architecte-et-sa-cliente-termine-au-tribunal\" target=\"_blank\" rel=\"noopener\">reconnu coupable d\u2019avoir exerc\u00e9 la profession d\u2019architecte alors qu\u2019il \u00e9tait sous le coup d\u2019une suspension de l\u2019ordre<\/a>. Le tribunal a estim\u00e9 que le professionnel n\u2019avait pas le droit de se pr\u00e9senter comme architecte alors qu\u2019il travaillait officiellement comme ma\u00eetre d\u2019\u0153uvre. Des \u00e9changes de messages ainsi que sa signature de mail notifiant un \u00ab\u00a0dipl\u00f4me d\u2019architecture\u00a0\u00bb \u00e9taient selon le tribunal trompeurs pour les clients.<\/p>\n<p>Le d\u00e9sormais ex-architecte a \u00e9t\u00e9 condamn\u00e9 \u00e0 une peine de six mois de sursis simple ainsi que 5\u00a0000\u00a0euros d\u2019amende. Il a \u00e9galement une interdiction d\u00e9finitive d\u2019exercer en tant qu\u2019architecte. Le pr\u00e9venu a dix jours pour faire appel.<\/p>\n","protected":false},"excerpt":{"rendered":"Le 3\u00a0juin dernier, un architecte \u00e9tait entendu au tribunal de Belfort pour avoir exerc\u00e9 sa profession alors qu\u2019il&hellip;\n","protected":false},"author":2,"featured_media":430727,"comment_status":"","ping_status":"","sticky":false,"template":"","format":"standard","meta":{"footnotes":""},"categories":[1358],"tags":[1348,1384,1385,22758,22759,271,272,1386,58,10332,59,274,1011,27,55891],"class_list":{"0":"post-430726","1":"post","2":"type-post","3":"status-publish","4":"format-standard","5":"has-post-thumbnail","7":"category-arts-et-design","8":"tag-arts","9":"tag-arts-and-design","10":"tag-arts-et-design","11":"tag-belfort","12":"tag-belfort-ville-90a","13":"tag-crime","14":"tag-delit-et-contravention","15":"tag-design","16":"tag-divertissement","17":"tag-edition-belfort-hericourt-montbeliard","18":"tag-entertainment","19":"tag-faits-divers-justice","20":"tag-fr","21":"tag-france","22":"tag-territoire-de-belfort"},"share_on_mastodon":{"url":"https:\/\/pubeurope.com\/@fr\/115298080215697251","error":""},"_links":{"self":[{"href":"https:\/\/www.europesays.com\/fr\/wp-json\/wp\/v2\/posts\/430726","targetHints":{"allow":["GET"]}}],"collection":[{"href":"https:\/\/www.europesays.com\/fr\/wp-json\/wp\/v2\/posts"}],"about":[{"href":"https:\/\/www.europesays.com\/fr\/wp-json\/wp\/v2\/types\/post"}],"author":[{"embeddable":true,"href":"https:\/\/www.europesays.com\/fr\/wp-json\/wp\/v2\/users\/2"}],"replies":[{"embeddable":true,"href":"https:\/\/www.europesays.com\/fr\/wp-json\/wp\/v2\/comments?post=430726"}],"version-history":[{"count":0,"href":"https:\/\/www.europesays.com\/fr\/wp-json\/wp\/v2\/posts\/430726\/revisions"}],"wp:featuredmedia":[{"embeddable":true,"href":"https:\/\/www.europesays.com\/fr\/wp-json\/wp\/v2\/media\/430727"}],"wp:attachment":[{"href":"https:\/\/www.europesays.com\/fr\/wp-json\/wp\/v2\/media?parent=430726"}],"wp:term":[{"taxonomy":"category","embeddable":true,"href":"https:\/\/www.europesays.com\/fr\/wp-json\/wp\/v2\/categories?post=430726"},{"taxonomy":"post_tag","embeddable":true,"href":"https:\/\/www.europesays.com\/fr\/wp-json\/wp\/v2\/tags?post=430726"}],"curies":[{"name":"wp","href":"https:\/\/api.w.org\/{rel}","templated":true}]}}