{"id":430742,"date":"2025-10-01T09:05:21","date_gmt":"2025-10-01T09:05:21","guid":{"rendered":"https:\/\/www.europesays.com\/fr\/430742\/"},"modified":"2025-10-01T09:05:21","modified_gmt":"2025-10-01T09:05:21","slug":"pourquoi-installer-des-panneaux-solaires-vous-coute-moins-cher-des-le-1er-octobre","status":"publish","type":"post","link":"https:\/\/www.europesays.com\/fr\/430742\/","title":{"rendered":"pourquoi installer des panneaux solaires vous co\u00fbte moins cher d\u00e8s le 1er octobre\u00a0?"},"content":{"rendered":"<p>Si vous h\u00e9sitez \u00e0 installer <a href=\"https:\/\/www.presse-citron.net\/panneau-solaire\/sunology\/\" target=\"_blank\" rel=\"false noopener\">des panneaux solaires<\/a> chez vous, un changement qui intervient <a href=\"https:\/\/www.presse-citron.net\/maprimrenov-apl-leasing-social-voici-tout-ce-qui-change-le-1er-octobre-pour-vos-finances\/\" target=\"_blank\" rel=\"false noopener\">ce mercredi 1er octobre<\/a> pourrait vous inciter \u00e0 sauter le pas. En effet, une \u00e9volution au niveau de la fiscalit\u00e9 promet de faire toute la diff\u00e9rence pour tous ceux qui ont choisi de miser sur cette forme d\u2019\u00e9nergie verte. Faisons le point.<\/p>\n<p> Un changement salutaire <\/p>\n<p>Comme le rappelle fort justement Le Journal du Geek, les particuliers qui ont install\u00e9 des panneaux solaires b\u00e9n\u00e9ficient d\u2019une TVA r\u00e9duite \u00e0 10\u00a0% sur les petites installations limit\u00e9es \u00e0 3 kWc. Toutefois, ces derniers basculent \u00e0 un taux de 20\u00a0% d\u00e8s que la puissance est sup\u00e9rieure. Cons\u00e9quence\u00a0: de nombreux logements se retrouvent fortement impact\u00e9s et cela peut freiner le lancement de projets.<\/p>\n<p>D\u00e8s ce 1er octobre, tout change. Ainsi, toutes les installations de moins de 9 kWc sont d\u00e9sormais soumises \u00e0 un taux unique de TVA \u00e0 5,5\u00a0%, soit le m\u00eame taux qui celui appliqu\u00e9 aux r\u00e9novations \u00e9nerg\u00e9tiques. Cette mesure clarifie bien les choses et va par la m\u00eame permettre d\u2019all\u00e9ger la facture de nombreux m\u00e9nages.<\/p>\n<p>Dans le d\u00e9tail, et selon le calcul relay\u00e9 par nos confr\u00e8res, une installation de 6 kWc factur\u00e9e aujourd\u2019hui 15\u00a0000 euros HT revenait \u00e0 18\u00a0000 euros TTC avec la TVA \u00e0 20\u00a0%. D\u00e8s maintenant, son installation ne co\u00fbtera plus que 15\u00a0825 euros aux personnes concern\u00e9es.<\/p>\n<p> Quelques conditions pour en b\u00e9n\u00e9ficier <\/p>\n<p>Pour b\u00e9n\u00e9ficier de ces conditions bien plus favorables, les clients devront faire appel \u00e0 un artisan qualifi\u00e9 (privil\u00e9giez RGE) et l\u2019installation devra correspondre \u00e0 certains crit\u00e8res qui ont \u00e9t\u00e9 fix\u00e9s par arr\u00eat\u00e9. L\u2019id\u00e9e est notamment d\u2019\u00e9viter que des travaux \u201clow cost\u201d ou au rabais ne soient effectu\u00e9s avec \u00e0 la cl\u00e9 des performances \u00e9nerg\u00e9tiques pas \u00e0 la hauteur.<\/p>\n<p>On esp\u00e8re en tout cas que ces informations vous seront pr\u00e9cieuses et vous permettront de concr\u00e9tiser <a href=\"https:\/\/www.presse-citron.net\/panneaux-solaires-prix-installation-avantages-inconvenients-tout-savoir\/\" target=\"_blank\" rel=\"false noopener\">votre projet<\/a>. De votre c\u00f4t\u00e9, l\u2019\u00e9volution de la TVA \u00e0 la baisse pourrait-elle jouer dans votre prise de d\u00e9cision\u00a0? Dites-le-nous dans les commentaires.<\/p>\n<p>Ce qu\u2019il faut retenir\u00a0:<\/p>\n<ul class=\"tldr\">\n<li>\u00c0 partir du 1er octobre, les installations solaires de moins de 9 kWc b\u00e9n\u00e9ficient d\u00e9sormais d\u2019un taux de TVA r\u00e9duit \u00e0 5,5% au lieu de 10 ou 20 auparavant<\/li>\n<li>Cette \u00e9volution permet aux m\u00e9nages de r\u00e9aliser des \u00e9conomies significatives. Par exemple, une installation de 6 kWc passe de 18\u202f000 \u00e0 15\u202f825 euros TTC<\/li>\n<li>Pour en profiter, il faut faire appel \u00e0 un artisan qualifi\u00e9 et respecter des crit\u00e8res techniques pr\u00e9cis afin de garantir une installation performante<\/li>\n<\/ul>\n<blockquote>\n<p class=\"text-base text-neutral-700 dark:text-neutral-300\">\ud83d\udccd Pour ne manquer aucune actualit\u00e9 de Presse-citron, suivez-nous sur <a href=\"https:\/\/news.google.com\/publications\/CAAqBggKMIPiNTC70wU?hl=fr&amp;gl=FR&amp;ceid=FR%3Afr\" target=\"_blank\" rel=\"noopener\">Google Actualit\u00e9s<\/a> et <a href=\"https:\/\/whatsapp.com\/channel\/0029VaCkGuz4NViitBXbEr0b\" target=\"_blank\" rel=\"noopener\">WhatsApp<\/a>.<\/p>\n<\/blockquote>\n","protected":false},"excerpt":{"rendered":"Si vous h\u00e9sitez \u00e0 installer des panneaux solaires chez vous, un changement qui intervient ce mercredi 1er octobre&hellip;\n","protected":false},"author":2,"featured_media":430743,"comment_status":"","ping_status":"","sticky":false,"template":"","format":"standard","meta":{"footnotes":""},"categories":[6],"tags":[35,33,34,580,1011,27],"class_list":{"0":"post-430742","1":"post","2":"type-post","3":"status-publish","4":"format-standard","5":"has-post-thumbnail","7":"category-economie","8":"tag-business","9":"tag-economie","10":"tag-economy","11":"tag-energie-solaire","12":"tag-fr","13":"tag-france"},"share_on_mastodon":{"url":"https:\/\/pubeurope.com\/@fr\/115298115572013813","error":""},"_links":{"self":[{"href":"https:\/\/www.europesays.com\/fr\/wp-json\/wp\/v2\/posts\/430742","targetHints":{"allow":["GET"]}}],"collection":[{"href":"https:\/\/www.europesays.com\/fr\/wp-json\/wp\/v2\/posts"}],"about":[{"href":"https:\/\/www.europesays.com\/fr\/wp-json\/wp\/v2\/types\/post"}],"author":[{"embeddable":true,"href":"https:\/\/www.europesays.com\/fr\/wp-json\/wp\/v2\/users\/2"}],"replies":[{"embeddable":true,"href":"https:\/\/www.europesays.com\/fr\/wp-json\/wp\/v2\/comments?post=430742"}],"version-history":[{"count":0,"href":"https:\/\/www.europesays.com\/fr\/wp-json\/wp\/v2\/posts\/430742\/revisions"}],"wp:featuredmedia":[{"embeddable":true,"href":"https:\/\/www.europesays.com\/fr\/wp-json\/wp\/v2\/media\/430743"}],"wp:attachment":[{"href":"https:\/\/www.europesays.com\/fr\/wp-json\/wp\/v2\/media?parent=430742"}],"wp:term":[{"taxonomy":"category","embeddable":true,"href":"https:\/\/www.europesays.com\/fr\/wp-json\/wp\/v2\/categories?post=430742"},{"taxonomy":"post_tag","embeddable":true,"href":"https:\/\/www.europesays.com\/fr\/wp-json\/wp\/v2\/tags?post=430742"}],"curies":[{"name":"wp","href":"https:\/\/api.w.org\/{rel}","templated":true}]}}