{"id":430750,"date":"2025-10-01T09:09:10","date_gmt":"2025-10-01T09:09:10","guid":{"rendered":"https:\/\/www.europesays.com\/fr\/430750\/"},"modified":"2025-10-01T09:09:10","modified_gmt":"2025-10-01T09:09:10","slug":"trams-bus-a-quoi-sattendre-sur-le-reseau-stas","status":"publish","type":"post","link":"https:\/\/www.europesays.com\/fr\/430750\/","title":{"rendered":"trams, bus, \u00e0 quoi s&rsquo;attendre sur le r\u00e9seau STAS\u00a0?"},"content":{"rendered":"<p>            Par<br \/>\n        <strong><br \/>\n            <a href=\"https:\/\/actu.fr\/auteur\/mathias-souteyrat\" title=\"Consulter tous les articles de Mathias Souteyrat\" target=\"_blank\" rel=\"noopener\">Mathias Souteyrat<\/a><br \/>\n        <\/strong><\/p>\n<p>        Publi\u00e9 le<\/p>\n<p>            1 oct. 2025 \u00e0 10h50        <\/p>\n<p>Une nouvelle journ\u00e9e de manifestation et de <a href=\"https:\/\/actu.fr\/societe\/greve-du-2-octobre-a-l-ecole-les-previsions-pour-jeudi-sont-tombees-quelle-mobilisation-attendue_63232515.html\" target=\"_blank\" rel=\"noopener\">gr\u00e8ve<\/a> est pr\u00e9vue ce <a href=\"https:\/\/actu.fr\/auvergne-rhone-alpes\/saint-etienne_42218\/greve-du-2-octobre-a-saint-etienne-ce-que-l-on-sait-de-la-prochaine-grande-journee-de-mobilisation_63227038.html\" target=\"_blank\" rel=\"noopener\">jeudi 2\u00a0octobre<\/a>. \u00c0 <a href=\"https:\/\/actu.fr\/auvergne-rhone-alpes\/saint-etienne_42218\" target=\"_blank\" rel=\"noopener\">Saint-Etienne<\/a>, des actions sont annonc\u00e9es, dans la lign\u00e9e de la mobilisation du 18 septembre. Le r\u00e9seau de transports en commun <a href=\"https:\/\/actu.fr\/tag\/societe-de-transport-de-lagglomeration-stephanoise-stas\" target=\"_blank\" rel=\"noopener\">STAS<\/a> va \u00e0 nouveau \u00eatre touch\u00e9, le SNTU CFDT Saint-\u00c9tienne STAS ayant notamment appel\u00e9 \u00e0 la gr\u00e8ve. <br \/>Voici les pr\u00e9visions du trafic.<\/p>\n<p>R\u00e9seau STAS faiblement perturb\u00e9<\/p>\n<p class=\" wall-content\">En raison d\u2019un mouvement national, \u00ab\u00a0le r\u00e9seau STAS sera <strong>faiblement perturb\u00e9<\/strong> ce jeudi 2 octobre\u00a0\u00bb, nous signale la direction de la STAS.<\/p>\n<p class=\" wall-content\">Toutes les lignes du r\u00e9seau circulent sans exception.<\/p>\n<p class=\" wall-content\"><strong>Tramway<\/strong><\/p>\n<ul class=\" wall-content\">\n<li>T1\u2009: Un tram toutes les 6\u00a0minutes<\/li>\n<li>T2\u2009: Un tram toutes les 16\u00a0minutes (au lieu de 10 \u00e0 12\u00a0minutes) avec une fin de service anticip\u00e9e<\/li>\n<li>T3\u2009: un tram toutes les 12\u00a0minutes (soit 2\u00a0minutes d\u2019attente de plus qu\u2019en temps normal)<\/li>\n<\/ul>\n<p class=\" wall-content\">\u00c0 noter que des manifestations sont pr\u00e9vues \u00e0 Saint-\u00c9tienne. Elles risquent de perturber les lignes du centre-ville, y compris le tramway.<\/p>\n<p class=\" wall-content\"><strong>Bus M\u00e9tropoles<\/strong><\/p>\n<ul class=\" wall-content\">\n<li>Lignes M2 et M5\u2009: circuleront normalement.<\/li>\n<li>Les autres lignes M\u00e9tropoles circuleront avec des horaires adapt\u00e9s n\u00e9cessitant une attente de deux minutes de plus qu\u2019en temps normal en heure de pointe, except\u00e9 pour la ligne M7 o\u00f9, l\u00e0, le temps d\u2019attente sera de trois minutes de plus qu\u2019en temps normal.<\/li>\n<\/ul>\n<p class=\" wall-content\"><strong>Autres lignes de bus<\/strong><\/p>\n<p class=\" wall-content\">Les autres lignes de bus circuleront normalement ou selon des horaires adapt\u00e9s.<\/p>\n<p>Votre r\u00e9gion, votre actu !<\/p>\n<p>Recevez chaque jour les infos qui comptent pour vous.<\/p>\n<p>\t<a href=\"https:\/\/actu.fr\/newsletter\" class=\"ac-btn ac-btn--corner ac-btn--medium ac-btn--blue800\" target=\"_blank\" rel=\"noopener\">S&rsquo;incrire<\/a><\/p>\n<p>Infos pratiques\u2009: les horaires mis \u00e0 jour sont disponibles sur www.reseau-stas.fr\u2009; Le service client est joignable au 0\u2009800\u2009041\u2009042 (appel gratuit)\u2009; l\u2019appli Moovizy vous permet de suivre le trafic en temps r\u00e9el.<\/p>\n<p class=\" wall-content\">Personnalisez votre actualit\u00e9 en ajoutant vos villes et m\u00e9dias en favori avec <a href=\"https:\/\/moncompte.actu.fr\" title=\"D\u00e9couvez Mon Actu\" rel=\"nofollow noopener\" data-trk=\"{&quot;cta&quot;:{&quot;action&quot;:&quot;https:\\\/\\\/moncompte.actu.fr&quot;,&quot;category&quot;:&quot;mon compte&quot;,&quot;from&quot;:&quot;article footer&quot;,&quot;name&quot;:&quot;Mon actu&quot;,&quot;type&quot;:&quot;cta&quot;}}\" target=\"_blank\">Mon Actu<\/a>.<\/p>\n","protected":false},"excerpt":{"rendered":"Par Mathias Souteyrat Publi\u00e9 le 1 oct. 2025 \u00e0 10h50 Une nouvelle journ\u00e9e de manifestation et de gr\u00e8ve&hellip;\n","protected":false},"author":2,"featured_media":430751,"comment_status":"","ping_status":"","sticky":false,"template":"","format":"standard","meta":{"footnotes":""},"categories":[9653],"tags":[1111,11,2430,1777,674,1011,27,54872,1272,12,25,4001,104,25515],"class_list":{"0":"post-430750","1":"post","2":"type-post","3":"status-publish","4":"format-standard","5":"has-post-thumbnail","7":"category-saint-etienne","8":"tag-actu","9":"tag-actualites","10":"tag-auvergne-rhone-alpes","11":"tag-eu","12":"tag-europe","13":"tag-fr","14":"tag-france","15":"tag-greve-du-2-octobre-2025","16":"tag-manifestations","17":"tag-news","18":"tag-republique-francaise","19":"tag-saint-etienne","20":"tag-societe","21":"tag-societe-de-transport-de-lagglomeration-stephanoise-stas"},"share_on_mastodon":{"url":"https:\/\/pubeurope.com\/@fr\/115298131272040153","error":""},"_links":{"self":[{"href":"https:\/\/www.europesays.com\/fr\/wp-json\/wp\/v2\/posts\/430750","targetHints":{"allow":["GET"]}}],"collection":[{"href":"https:\/\/www.europesays.com\/fr\/wp-json\/wp\/v2\/posts"}],"about":[{"href":"https:\/\/www.europesays.com\/fr\/wp-json\/wp\/v2\/types\/post"}],"author":[{"embeddable":true,"href":"https:\/\/www.europesays.com\/fr\/wp-json\/wp\/v2\/users\/2"}],"replies":[{"embeddable":true,"href":"https:\/\/www.europesays.com\/fr\/wp-json\/wp\/v2\/comments?post=430750"}],"version-history":[{"count":0,"href":"https:\/\/www.europesays.com\/fr\/wp-json\/wp\/v2\/posts\/430750\/revisions"}],"wp:featuredmedia":[{"embeddable":true,"href":"https:\/\/www.europesays.com\/fr\/wp-json\/wp\/v2\/media\/430751"}],"wp:attachment":[{"href":"https:\/\/www.europesays.com\/fr\/wp-json\/wp\/v2\/media?parent=430750"}],"wp:term":[{"taxonomy":"category","embeddable":true,"href":"https:\/\/www.europesays.com\/fr\/wp-json\/wp\/v2\/categories?post=430750"},{"taxonomy":"post_tag","embeddable":true,"href":"https:\/\/www.europesays.com\/fr\/wp-json\/wp\/v2\/tags?post=430750"}],"curies":[{"name":"wp","href":"https:\/\/api.w.org\/{rel}","templated":true}]}}