{"id":430766,"date":"2025-10-01T09:17:09","date_gmt":"2025-10-01T09:17:09","guid":{"rendered":"https:\/\/www.europesays.com\/fr\/430766\/"},"modified":"2025-10-01T09:17:09","modified_gmt":"2025-10-01T09:17:09","slug":"rouen-selon-didier-thibault-directeur-du-zenith-le-spectateur-a-change-sa-facon-de-consommer","status":"publish","type":"post","link":"https:\/\/www.europesays.com\/fr\/430766\/","title":{"rendered":"Rouen. Selon Didier Thibault, directeur du Z\u00e9nith, \u00ab\u00a0le spectateur a chang\u00e9 sa fa\u00e7on de consommer\u00a0\u00bb"},"content":{"rendered":"<p melodystyle=\"texte\">La nouvelle saison du Z\u00e9nith de Rouen est lanc\u00e9e. Didier Thibault, le directeur, se confie sur la bonne dynamique de la salle de spectacle qui retrouve des couleurs depuis les ann\u00e9es difficiles de la pand\u00e9mie.<\/p>\n<p>Quelles sont vos ambitions cette ann\u00e9e\u00a0?<\/p>\n<p melodystyle=\"texte\">\u00ab\u00a0On pr\u00e9voit plus de 100 concerts cette saison contre environ 90 sur la saison pr\u00e9c\u00e9dente. On s&rsquo;attend \u00e0 d\u00e9passer la barre des 300\u00a0000 spectateurs sur la prochaine saison sachant que nous \u00e9tions \u00e0 275\u00a0000 sur la derni\u00e8re.\u00a0\u00bb<\/p>\n<p>Les chiffres augmentent, <br \/>jusqu&rsquo;o\u00f9 peut aller le Z\u00e9nith\u00a0?<\/p>\n<p melodystyle=\"texte\">\u00ab\u00a0On ne sait pas car il y a aussi une r\u00e9alit\u00e9 \u00e9conomique. Le prix de la place de spectacle est de plus en plus cher en raison de l&rsquo;inflation. Pour le moment \u00e7a n&rsquo;a pas l&rsquo;air de g\u00eaner le spectateur qui lui a peut-\u00eatre chang\u00e9 sa fa\u00e7on de consommer en mettant plus d&rsquo;argent dans le spectacle vivant que peut-\u00eatre la restauration, le cin\u00e9ma ou \u00e9ventuellement les v\u00eatements, etc. Cela est peut-\u00eatre d\u00fb au Covid ou au contexte social \u00e9conomique. Jusqu&rsquo;o\u00f9 \u00e7a va aller\u00a0? Je serais incapable de le dire aujourd&rsquo;hui\u00a0mais on voit bien\u00a0que les spectateurs ont envie de sortir et de se divertir.\u00a0\u00bb<\/p>\n<p>Qu&rsquo;est-ce qui marche le plus au Z\u00e9nith\u00a0?<\/p>\n<p melodystyle=\"texte\">\u00ab\u00a0On\u00a0constate que l&rsquo;humour prend le pas, nous avons aussi\u00a0une pr\u00e9dominance de ce qu&rsquo;on appelle les &lsquo;tributes&rsquo; ou les &lsquo;covers&rsquo; c&rsquo;est-\u00e0-dire des spectacles sur des groupes qui ont exist\u00e9 ou qui tournent moins, je pense \u00e0 Abba, \u00e0 Balavoine, Goldman, etc. Encore cette ann\u00e9e, il y aura beaucoup de spectacles de ce genre. Il y a deux ans nous avions beaucoup de com\u00e9die musicale \u00e0 succ\u00e8s. L&rsquo;urbain, qui a fait une perc\u00e9e monumentale ces derni\u00e8res ann\u00e9es, est encore bien pr\u00e9sent.\u00a0\u00bb<\/p>\n","protected":false},"excerpt":{"rendered":"La nouvelle saison du Z\u00e9nith de Rouen est lanc\u00e9e. Didier Thibault, le directeur, se confie sur la bonne&hellip;\n","protected":false},"author":2,"featured_media":430767,"comment_status":"","ping_status":"","sticky":false,"template":"","format":"standard","meta":{"footnotes":""},"categories":[9587],"tags":[1111,11,1777,674,1011,27,12,5161,25,9590],"class_list":{"0":"post-430766","1":"post","2":"type-post","3":"status-publish","4":"format-standard","5":"has-post-thumbnail","7":"category-rouen","8":"tag-actu","9":"tag-actualites","10":"tag-eu","11":"tag-europe","12":"tag-fr","13":"tag-france","14":"tag-news","15":"tag-normandie","16":"tag-republique-francaise","17":"tag-rouen"},"share_on_mastodon":{"url":"https:\/\/pubeurope.com\/@fr\/115298162803447504","error":""},"_links":{"self":[{"href":"https:\/\/www.europesays.com\/fr\/wp-json\/wp\/v2\/posts\/430766","targetHints":{"allow":["GET"]}}],"collection":[{"href":"https:\/\/www.europesays.com\/fr\/wp-json\/wp\/v2\/posts"}],"about":[{"href":"https:\/\/www.europesays.com\/fr\/wp-json\/wp\/v2\/types\/post"}],"author":[{"embeddable":true,"href":"https:\/\/www.europesays.com\/fr\/wp-json\/wp\/v2\/users\/2"}],"replies":[{"embeddable":true,"href":"https:\/\/www.europesays.com\/fr\/wp-json\/wp\/v2\/comments?post=430766"}],"version-history":[{"count":0,"href":"https:\/\/www.europesays.com\/fr\/wp-json\/wp\/v2\/posts\/430766\/revisions"}],"wp:featuredmedia":[{"embeddable":true,"href":"https:\/\/www.europesays.com\/fr\/wp-json\/wp\/v2\/media\/430767"}],"wp:attachment":[{"href":"https:\/\/www.europesays.com\/fr\/wp-json\/wp\/v2\/media?parent=430766"}],"wp:term":[{"taxonomy":"category","embeddable":true,"href":"https:\/\/www.europesays.com\/fr\/wp-json\/wp\/v2\/categories?post=430766"},{"taxonomy":"post_tag","embeddable":true,"href":"https:\/\/www.europesays.com\/fr\/wp-json\/wp\/v2\/tags?post=430766"}],"curies":[{"name":"wp","href":"https:\/\/api.w.org\/{rel}","templated":true}]}}