{"id":430772,"date":"2025-10-01T09:21:23","date_gmt":"2025-10-01T09:21:23","guid":{"rendered":"https:\/\/www.europesays.com\/fr\/430772\/"},"modified":"2025-10-01T09:21:23","modified_gmt":"2025-10-01T09:21:23","slug":"des-manuscrits-inedits-de-jean-jaures-decouverts-et-presentes-lors-dune-vente-a-rennes","status":"publish","type":"post","link":"https:\/\/www.europesays.com\/fr\/430772\/","title":{"rendered":"des manuscrits in\u00e9dits de Jean Jaur\u00e8s d\u00e9couverts et pr\u00e9sent\u00e9s lors d&rsquo;une vente, \u00e0 Rennes"},"content":{"rendered":"<p>            Par<br \/>\n        <strong><br \/>\n            <a href=\"https:\/\/actu.fr\/auteur\/clemence-pays02-actu-fr\" title=\"Consulter tous les articles de Cl\u00e9mence Pays\" rel=\"nofollow noopener\" target=\"_blank\">Cl\u00e9mence Pays<\/a><br \/>\n        <\/strong><\/p>\n<p>        Publi\u00e9 le<\/p>\n<p>            1 oct. 2025 \u00e0 10h27        <\/p>\n<p>Il y a des secrets qui sont bien gard\u00e9s. Celui-ci est rest\u00e9 cach\u00e9, bien au chaud dans une bo\u00eete pendant de nombreuses ann\u00e9es, au fond d\u2019un grenier. C\u2019est en <strong>avril\u00a02025<\/strong> qu\u2019un particulier a d\u00e9couvert ce tr\u00e9sor\u2009: un <strong>ensemble de manuscrits de Jean Jaur\u00e8s,<\/strong> directement<strong> li\u00e9 \u00e0 un \u00e9v\u00e9nement historique<\/strong> qui s\u2019est d\u00e9roul\u00e9 dans la capitale de la Bretagne. Ce morceau d\u2019histoire sera <strong>pr\u00e9sent\u00e9 au public jeudi\u00a02 et vendredi 3\u00a0octobre 2025,<\/strong> avant de faire l\u2019objet d\u2019une <strong>vente aux ench\u00e8res<\/strong> \u00e0 <a href=\"https:\/\/actu.fr\/rennes\/\" rel=\"nofollow noopener\" target=\"_blank\">Rennes<\/a> samedi\u00a04 et lundi 6\u00a0octobre.<\/p>\n<p>\u00ab\u2009Je ne sais pas ce que c\u2019est\u2009\u00bb<\/p>\n<p class=\" wall-content\">C\u2019est un mercredi matin \u2013 cr\u00e9neau durant lequel <strong>Pierre-Guillaume Klein, commissaire-priseur,<\/strong> re\u00e7oit gratuitement qui le souhaite pour expertiser toutes sortes d\u2019objets \u2013 qu\u2019un habitant du secteur de <a href=\"https:\/\/actu.fr\/le-pays-malouin\/\" rel=\"nofollow noopener\" target=\"_blank\">Saint-Malo<\/a> s\u2019est rendu dans son bureau d\u2019<strong>Ouest Ench\u00e8res Publiques,<\/strong> \u00e0 Rennes.<\/p>\n<blockquote class=\"ac-article-quote wall-content\">\n<p>Il m&rsquo;a montr\u00e9 une bo\u00eete en bois et m&rsquo;a dit : \u00ab\u00a0J&rsquo;ai \u00e7a, je ne sais pas ce que c&rsquo;est, mais il y a des papiers sign\u00e9s Jean Jaur\u00e8s.\u00a0\u00bb<\/p>\n<p>    <strong>Pierre-Guillaume Klein<\/strong><br \/>\n        Commissaire-priseur pour Ouest Ench\u00e8res Publiques    <\/p><\/blockquote>\n<p class=\" wall-content\">En ouvrant cette grande bo\u00eete, le professionnel d\u00e9couvre<strong> \u00ab\u2009un fatras de papiers\u2009\u00bb<\/strong> allant de la grande feuille au petit bout de papier d\u00e9coup\u00e9.<\/p>\n<p>    <img   decoding=\"async\" loading=\"lazy\" src=\"https:\/\/www.europesays.com\/fr\/wp-content\/uploads\/2025\/10\/caricature-de-jean-jaures-par-edouard-couturier-960x640.jpg\" alt=\"Dessin l\u00e9gend\u00e9 ex\u00e9cut\u00e9 au crayon sur papier brun sign\u00e9 Couturier, dessinateur radical-socialiste, connu pour ses dessins incisifs et ses caricatures virulentes en particulier sur l'affaire Dreyfus.\" width=\"960\" height=\"640\"\/><br \/>\n    Dessin l\u00e9gend\u00e9 ex\u00e9cut\u00e9 au crayon sur papier brun sign\u00e9 Couturier, dessinateur radical-socialiste, connu pour ses dessins incisifs et ses caricatures virulentes en particulier sur l\u2019affaire Dreyfus. (\u00a9Cl\u00e9mence Pays\/actu Rennes)Six mois de travail<\/p>\n<p class=\" wall-content\">Pierre-Guillaume Klein observe alors attentivement ces documents. \u00ab\u2009Ce sont des \u00e9crits, il fallait v\u00e9rifier que ce ne soient pas des reproductions. Et l\u00e0, <strong>c\u2019est tout bon,<\/strong> cela vient bien de la main de l\u2019auteur\u2009!\u2009\u00bb<\/p>\n<p class=\" wall-content\">Commence alors un long travail pour<strong> \u00ab\u2009tout remettre en ordre\u2009\u00bb.<\/strong> Le commissaire-priseur fait donc appel \u00e0 \u00ab\u2009un expert\u2009\u00bb, <strong>Pascal Guillebaud,<\/strong> sp\u00e9cialis\u00e9 dans les manuscrits.<\/p>\n<p>Votre r\u00e9gion, votre actu !<\/p>\n<p>Recevez chaque jour les infos qui comptent pour vous.<\/p>\n<p>\t<a href=\"https:\/\/actu.fr\/newsletter\" class=\"ac-btn ac-btn--corner ac-btn--medium ac-btn--blue800\" rel=\"nofollow noopener\" target=\"_blank\">S&rsquo;incrire<\/a><\/p>\n<p>    <img   decoding=\"async\" loading=\"lazy\" src=\"https:\/\/www.europesays.com\/fr\/wp-content\/uploads\/2025\/10\/rennes-manuscrits-jean-jaures-vente-aux-encheres-quintessence-ii-960x640.jpg\" alt=\"Des manuscrits sign\u00e9s de la main de Jean Jaur\u00e8s ont \u00e9t\u00e9 retrouv\u00e9s dans une bo\u00eete en bois, chez un particulier.\" width=\"960\" height=\"640\"\/><br \/>\n    Des manuscrits sign\u00e9s de la main de Jean Jaur\u00e8s ont \u00e9t\u00e9 retrouv\u00e9s dans une bo\u00eete en bois, chez un particulier. (\u00a9Cl\u00e9mence Pays\/actu Rennes)<\/p>\n<p class=\" wall-content\">\u00ab\u2009Il a fait un gros boulot avec un<strong> travail de recherche important<\/strong> pour tout r\u00e9unir et d\u00e9chiffrer\u2009\u00bb les textes. Lettres, textes, \u00e9changes avec des d\u00e9put\u00e9s et des radicaux de gauche\u2026 \u00ab\u2009On se retrouve face \u00e0 tout \u00e7a, c\u2019est tr\u00e8s \u00e9trange.\u2009\u00bb Et puis, il y a des <strong>annotations \u00e9crites en bleu.<\/strong> \u00ab\u2009L\u2019expert nous a expliqu\u00e9 que ce sont des notes d\u2019imprimeurs\u2009\u00bb sur des documents qui devaient sans doute \u00eatre publi\u00e9s dans un journal.<\/p>\n<p class=\" wall-content\">Tout cela repr\u00e9sente <strong>\u00ab\u2009six mois de boulot.<\/strong> La vente aux ench\u00e8res n\u2019est que la partie \u00e9merg\u00e9e de l\u2019iceberg\u2009\u00bb, souligne Pierre-Guillaume Klein.<\/p>\n<p>Un hommage \u00e0 Zola et la d\u00e9fense de Dreyfus<\/p>\n<p class=\" wall-content\">L\u2019int\u00e9gralit\u00e9 de ces documents a \u00e9t\u00e9 class\u00e9e et <strong>regroup\u00e9s en diff\u00e9rents lots.<\/strong> \u00ab\u2009Il y en a quelques-uns qui ressortent\u2009\u00bb, note le commissaire-priseur. C\u2019est tout particuli\u00e8rement le cas d\u2019un<strong> \u00ab\u2009hommage posthume \u00e0 \u00c9mile Zola\u2009\u00bb.<\/strong><\/p>\n<p class=\" wall-content\">Autre d\u00e9couverte extraordinaire, <strong>\u00ab\u2009des documents relatifs \u00e0 l\u2019affaire Dreyfus\u2009\u00bb<\/strong> et en particulier le second proc\u00e8s du capitaine qui s\u2019est d\u00e9roul\u00e9 \u00e0 Rennes.<\/p>\n<blockquote class=\"ac-article-quote wall-content\">\n<p>Jaur\u00e8s prend la d\u00e9fense de Dreyfus. Il reprend tous les nouveaux faits de ce proc\u00e8s, point par point. On sent qu&rsquo;il crie, qu&rsquo;il accuse et d\u00e9nonce une erreur judiciaire. C&rsquo;est tr\u00e8s lisible, il y a peu de ratures. C&rsquo;est \u00e9mouvant. On se retrouve dans la pens\u00e9e d&rsquo;un homme qui fait tout pour d\u00e9fendre Dreyfus.<\/p>\n<p>    <strong>Pierre-Guillaume Klein<\/strong><br \/>\n        Commissaire-priseur \u00e0 Ouest Ench\u00e8res Publiques    <\/p><\/blockquote>\n<p class=\" wall-content\">La version publi\u00e9e de ce texte n\u2019a pas \u00e9t\u00e9 retrouv\u00e9e. \u00ab\u2009<strong>On ne sait pas si ce texte est paru<\/strong> quelque part\u2009\u00bb, explique Pierre-Guillaume Klein.<\/p>\n<p><img decoding=\"async\" src=\"https:\/\/www.europesays.com\/fr\/wp-content\/uploads\/2025\/10\/le-capitaine-dreyfus-sortant-du-lycee-apres-une-audience-du-proces-de-rennes-carte-postale-100-fi-55.png\" alt=\"\" width=\"640\" height=\"427\" loading=\"lazy\"\/>Le proc\u00e8s Dreyfus \u00e0 Rennes<\/p>\n<p>En septembre 1894, une lettre adress\u00e9e \u00e0 l&rsquo;attach\u00e9 militaire allemand en poste \u00e0 l&rsquo;ambassade d&rsquo;Allemagne est d\u00e9couverte par l&rsquo;\u00c9tat fran\u00e7ais. Celle-ci laisse entendre qu&rsquo;un officier fran\u00e7ais livre des renseignements \u00e0 l&rsquo;Allemagne. Le capitaine Alfred Dreyfus est soup\u00e7onn\u00e9 d&rsquo;\u00eatre l&rsquo;auteur de cette lettre. \u00c0 l&rsquo;issu du proc\u00e8s, il est d\u00e9clar\u00e9 coupable et condamn\u00e9 \u00e0 la d\u00e9portation perp\u00e9tuelle, \u00e0 la destitution de son grade et \u00e0 la d\u00e9gradation.<\/p>\n<p>Le 9 juin 1899, Alfred Dreyfus quitte l&rsquo;\u00eele du Diable et est transf\u00e9r\u00e9 \u00e0 la prison militaire de Rennes en pr\u00e9vision d&rsquo;un nouveau proc\u00e8s apr\u00e8s qu&rsquo;une supercherie visant \u00e0 le faire accuser a \u00e9t\u00e9 d\u00e9couverte. <\/p>\n<p>Le Conseil de guerre se r\u00e9unit du 7 ao\u00fbt au 9 septembre 1899, dans la salle des f\u00eates du lyc\u00e9e de Rennes (actuel lyc\u00e9e \u00c9mile-Zola). \u00c0 l&rsquo;issue de ce conseil, le capitaine Dreyfus est d\u00e9clar\u00e9 coupable de haute trahison avec circonstances att\u00e9nuantes et est condamn\u00e9 \u00e0 dix ans de r\u00e9clusion.<\/p>\n<p>Des manuscrits jamais pass\u00e9s en vente<\/p>\n<p class=\" wall-content\">Fait surprenant dans cette d\u00e9couverte\u2009: le propri\u00e9taire des manuscrits<strong> ne sait pas d\u2019o\u00f9 ils viennent,<\/strong> ni comment ils se sont retrouv\u00e9s chez lui. Par cons\u00e9quent, ces \u00e9crits \u00ab\u2009ne sont jamais pass\u00e9s en vente\u2009\u00bb, note le commissaire-priseur.<\/p>\n<p class=\" wall-content\">Lors de la vente aux ench\u00e8res, ils seront divis\u00e9s en <strong>une trentaine de lots allant de 80 \u00e0 2\u2009000\u00a0euros<\/strong> pour la mise \u00e0 prix, de ces documents r\u00e9dig\u00e9s milieu 1800 et d\u00e9but 1900.<\/p>\n<p>    <img   decoding=\"async\" loading=\"lazy\" src=\"https:\/\/www.europesays.com\/fr\/wp-content\/uploads\/2025\/10\/fait-nouveau-affaire-dreyfus-rennes-manuscrits-jean-jaures-960x640.jpg\" alt=\"Le texte intitul\u00e9 \" width=\"960\" height=\"640\"\/><br \/>\n    Le texte intitul\u00e9 Fait nouveau revient sur les nouvelles preuves apport\u00e9es dans l\u2019affaire Dreyfus lors du second proc\u00e8s du capitaine. (\u00a9Cl\u00e9mence Pays\/actu Rennes)<\/p>\n<p class=\" wall-content\">Une valeur p\u00e9cuniaire fix\u00e9e en fonction de divers crit\u00e8res\u2009: \u00ab\u2009\u00c0 qui Jaur\u00e8s a \u00e9crit\u2009? Sur quoi\u2009?\u2009\u00bb Tous ces crit\u00e8res s\u2019ajoutent et font grimper la valeur des lots. <strong>Le plus cher est donc celui intitul\u00e9\u2009Fait nouveau<\/strong>\u00a0sur l\u2019affaire Dreyfus et comprend 25 feuillets.<\/p>\n<blockquote class=\"ac-article-quote wall-content\">\n<p>Le gouvernement comprendra qu&rsquo;il est de son honneur et de sa force de chercher et de dire le vrai. <\/p>\n<p>    <strong>Jean Jaur\u00e8s<\/strong><br \/>\n        Extrait du manuscrit Fait nouveau &#8211; lot 335 de la vente aux ench\u00e8res Quintessence II    <\/p><\/blockquote>\n<p class=\" wall-content\">Pour Pierre-Guillaume Klein, les manuscrits pr\u00e9sent\u00e9s sont \u00ab\u2009un <strong>ensemble complet.<\/strong> Complet par l\u2019orientation politique, par le discours. Complet parce qu\u2019il balaye une certaine p\u00e9riode la vie de Jaur\u00e8s et permet de cerner l\u2019homme.\u2009\u00bb<\/p>\n<p>Une vente sur deux jours<\/p>\n<p class=\" wall-content\">La vente des manuscrits de Jean Jaur\u00e8s fait partie d\u2019une<strong> vente aux ench\u00e8res nomm\u00e9e Quitessence II,<\/strong> qui comprend plus de 300 lots, \u00ab\u2009qui vont de 20\u00a0euros \u00e0 30\u2009000\u00a0euros\u2009\u00bb.<\/p>\n<p class=\" wall-content\">\u00ab\u2009C\u2019est une vente pour toutes les bourses, tous les go\u00fbts et toutes les \u00e9poques\u2009\u00bb, se r\u00e9jouit Pierre-Guillaume Klein. Tableaux, mobilier, vaisselle, d\u00e9coration, ouvrages litt\u00e9raires\u2026 Ce sont \u00ab\u2009plein d\u2019<strong>objets divers et vari\u00e9s<\/strong> qui seront mis en lumi\u00e8re\u2009\u00bb.<\/p>\n<p class=\" wall-content\">Comment expliquer que tous ces objets se retrouvent r\u00e9unis pour ce m\u00eame \u00e9v\u00e9nement\u2009? \u00ab\u2009C\u2019est l\u2019int\u00e9r\u00eat historique et esth\u00e9tique\u2009\u00bb qui est \u00e9tudi\u00e9 pour cr\u00e9er une vente r\u00e9unissant<strong> des objets \u00ab\u2009de valeur\u2009\u00bb,<\/strong> non au sens financier mais au sens de leur int\u00e9r\u00eat.<\/p>\n<p>    <img   decoding=\"async\" loading=\"lazy\" src=\"https:\/\/www.europesays.com\/fr\/wp-content\/uploads\/2025\/10\/pierre-guillaume-klein-commissaire-priseur-rennes-vente-encheres-quintessence-ii-assiettes-mathurin-.jpeg\" alt=\"La vente Quintessence II comprend \u00e9galement de nombreux objets d'arts de la table comme ces assiettes cr\u00e9\u00e9es par Mathurin M\u00e9heut.\" width=\"960\" height=\"640\"\/><br \/>\n    La vente Quintessence II comprend \u00e9galement de nombreux objets d\u2019arts de la table comme ces assiettes cr\u00e9\u00e9es par Mathurin M\u00e9heut. (\u00a9Cl\u00e9mence Pays\/actu Rennes)<\/p>\n<p class=\" wall-content\">Pour que ce tout soit coh\u00e9rent,<strong> la vente a \u00e9t\u00e9 divis\u00e9e en plusieurs temps.<\/strong> Samedi, \u00e0 14h, seront pr\u00e9sent\u00e9s le mobilier, les objets d\u2019art et d\u00e9coration, ainsi que les sculptures et tableaux.<\/p>\n<p class=\" wall-content\">Lundi 6\u00a0octobre, \u00e0 11h, les ench\u00e8res porteront sur les arts de la table et l\u2019argenterie. <strong>\u00c0 14h,<\/strong> ce sera au tour des manuscrits \u2013 dont ceux de Jean Jaur\u00e8s \u2013, des livres et calendriers.<\/p>\n<p><strong>Infos pratiques\u2009:<\/strong><br \/>Vente aux ench\u00e8res publiques Quintessence II, samedi 4\u00a0octobre \u00e0 14h et lundi 6\u00a0octobre \u00e0 11h et 14h, \u00e0 la salle des ventes de Rennes, 137bis rue de Lorient, Vezin-le-Coquet.<br \/>Expositions publiques, jeudi\u00a02 et vendredi 3\u00a0octobre, de 10h \u00e0 17h\u2009; samedi\u00a04 et lundi 6\u00a0octobre, de 10h \u00e0 11h.<\/p>\n<p class=\" wall-content\">Personnalisez votre actualit\u00e9 en ajoutant vos villes et m\u00e9dias en favori avec <a href=\"https:\/\/moncompte.actu.fr\" title=\"D\u00e9couvez Mon Actu\" rel=\"nofollow noopener\" data-trk=\"{&quot;cta&quot;:{&quot;action&quot;:&quot;https:\\\/\\\/moncompte.actu.fr&quot;,&quot;category&quot;:&quot;mon compte&quot;,&quot;from&quot;:&quot;article footer&quot;,&quot;name&quot;:&quot;Mon actu&quot;,&quot;type&quot;:&quot;cta&quot;}}\" target=\"_blank\">Mon Actu<\/a>.<\/p>\n","protected":false},"excerpt":{"rendered":"Par Cl\u00e9mence Pays Publi\u00e9 le 1 oct. 2025 \u00e0 10h27 Il y a des secrets qui sont bien&hellip;\n","protected":false},"author":2,"featured_media":430773,"comment_status":"","ping_status":"","sticky":false,"template":"","format":"standard","meta":{"footnotes":""},"categories":[2821],"tags":[1111,11,829,1777,674,1011,27,937,12,2551,584,25,104],"class_list":{"0":"post-430772","1":"post","2":"type-post","3":"status-publish","4":"format-standard","5":"has-post-thumbnail","7":"category-rennes","8":"tag-actu","9":"tag-actualites","10":"tag-bretagne","11":"tag-eu","12":"tag-europe","13":"tag-fr","14":"tag-france","15":"tag-histoire","16":"tag-news","17":"tag-patrimoine","18":"tag-rennes","19":"tag-republique-francaise","20":"tag-societe"},"share_on_mastodon":{"url":"https:\/\/pubeurope.com\/@fr\/115298179195724710","error":""},"_links":{"self":[{"href":"https:\/\/www.europesays.com\/fr\/wp-json\/wp\/v2\/posts\/430772","targetHints":{"allow":["GET"]}}],"collection":[{"href":"https:\/\/www.europesays.com\/fr\/wp-json\/wp\/v2\/posts"}],"about":[{"href":"https:\/\/www.europesays.com\/fr\/wp-json\/wp\/v2\/types\/post"}],"author":[{"embeddable":true,"href":"https:\/\/www.europesays.com\/fr\/wp-json\/wp\/v2\/users\/2"}],"replies":[{"embeddable":true,"href":"https:\/\/www.europesays.com\/fr\/wp-json\/wp\/v2\/comments?post=430772"}],"version-history":[{"count":0,"href":"https:\/\/www.europesays.com\/fr\/wp-json\/wp\/v2\/posts\/430772\/revisions"}],"wp:featuredmedia":[{"embeddable":true,"href":"https:\/\/www.europesays.com\/fr\/wp-json\/wp\/v2\/media\/430773"}],"wp:attachment":[{"href":"https:\/\/www.europesays.com\/fr\/wp-json\/wp\/v2\/media?parent=430772"}],"wp:term":[{"taxonomy":"category","embeddable":true,"href":"https:\/\/www.europesays.com\/fr\/wp-json\/wp\/v2\/categories?post=430772"},{"taxonomy":"post_tag","embeddable":true,"href":"https:\/\/www.europesays.com\/fr\/wp-json\/wp\/v2\/tags?post=430772"}],"curies":[{"name":"wp","href":"https:\/\/api.w.org\/{rel}","templated":true}]}}