{"id":430776,"date":"2025-10-01T09:23:12","date_gmt":"2025-10-01T09:23:12","guid":{"rendered":"https:\/\/www.europesays.com\/fr\/430776\/"},"modified":"2025-10-01T09:23:12","modified_gmt":"2025-10-01T09:23:12","slug":"des-animations-gratuites-prevues-samedi-pour-la-journee-mondiale-des-animaux","status":"publish","type":"post","link":"https:\/\/www.europesays.com\/fr\/430776\/","title":{"rendered":"des animations gratuites pr\u00e9vues samedi pour la Journ\u00e9e mondiale des animaux"},"content":{"rendered":"<p>            Par<br \/>\n        <strong><br \/>\n            <a href=\"https:\/\/actu.fr\/auteur\/ivan-capecchi\" title=\"Consulter tous les articles de Ivan CAPECCHI\" target=\"_blank\" rel=\"noopener\">Ivan CAPECCHI<\/a><br \/>\n        <\/strong><\/p>\n<p>        Publi\u00e9 le<\/p>\n<p>            1 oct. 2025 \u00e0 11h15        <\/p>\n<p>Ce samedi, \u00e0 l\u2019occasion de la <strong>Journ\u00e9e mondiale des animaux<\/strong>, le <a href=\"https:\/\/actu.fr\/tag\/parc-de-l-orangerie\" target=\"_blank\" rel=\"noopener\">parc de l\u2019Orangerie<\/a> \u00e0 <strong>Strasbourg<\/strong> accueillera plusieurs <a href=\"https:\/\/actu.fr\/tag\/animations\" target=\"_blank\" rel=\"noopener\">animations<\/a> gratuites.<\/p>\n<p>Balade et concert<\/p>\n<p class=\" wall-content\">D\u00e8s 9h, une<strong> sortie nature<\/strong> \u00ab\u2009\u00e0 la <strong>d\u00e9couverte des oiseaux du parc<\/strong>\u2009\u00bb sera propos\u00e9e par la <strong>LPO<\/strong> (Ligue pour la protection des oiseaux).<\/p>\n<p class=\" wall-content\">Le soir \u00e0 20h, un <a href=\"https:\/\/actu.fr\/loisirs-culture\/concert\" target=\"_blank\" rel=\"noopener\">concert<\/a>\u00a0gratuit, sera organis\u00e9.<\/p>\n<p>Conf\u00e9rences et d\u00e9gustation v\u00e9g\u00e9tarienne<\/p>\n<p class=\" wall-content\">Par ailleurs, tout au long de la journ\u00e9e, vous pourrez profiter de <strong>conf\u00e9rences<\/strong> au sein du <strong>pavillon Jos\u00e9phine<\/strong>, de m\u00eame qu\u2019aller \u00e0 la rencontre des <strong>structures engag\u00e9es pour les animaux<\/strong> au niveau du <strong>Village de la protection animale<\/strong>, install\u00e9e <strong>all\u00e9e Jos\u00e9phine<\/strong>.<\/p>\n<p class=\" wall-content\">Enfin, une <strong>d\u00e9gustation v\u00e9g\u00e9tarienne<\/strong> sera propos\u00e9e au pied du m\u00eame pavillon.<\/p>\n<p class=\" wall-content\">Personnalisez votre actualit\u00e9 en ajoutant vos villes et m\u00e9dias en favori avec <a href=\"https:\/\/moncompte.actu.fr\" title=\"D\u00e9couvez Mon Actu\" rel=\"nofollow noopener\" data-trk=\"{&quot;cta&quot;:{&quot;action&quot;:&quot;https:\\\/\\\/moncompte.actu.fr&quot;,&quot;category&quot;:&quot;mon compte&quot;,&quot;from&quot;:&quot;article footer&quot;,&quot;name&quot;:&quot;Mon actu&quot;,&quot;type&quot;:&quot;cta&quot;}}\" target=\"_blank\">Mon Actu<\/a>.<\/p>\n","protected":false},"excerpt":{"rendered":"Par Ivan CAPECCHI Publi\u00e9 le 1 oct. 2025 \u00e0 11h15 Ce samedi, \u00e0 l\u2019occasion de la Journ\u00e9e mondiale&hellip;\n","protected":false},"author":2,"featured_media":102098,"comment_status":"","ping_status":"","sticky":false,"template":"","format":"standard","meta":{"footnotes":""},"categories":[2820],"tags":[1111,11,1867,1697,1777,674,1011,27,775,1652,12,25967,25,640],"class_list":{"0":"post-430776","1":"post","2":"type-post","3":"status-publish","4":"format-standard","5":"has-post-thumbnail","7":"category-strasbourg","8":"tag-actu","9":"tag-actualites","10":"tag-animaux","11":"tag-concert","12":"tag-eu","13":"tag-europe","14":"tag-fr","15":"tag-france","16":"tag-grand-est","17":"tag-loisirs-culture","18":"tag-news","19":"tag-parc-de-lorangerie","20":"tag-republique-francaise","21":"tag-strasbourg"},"share_on_mastodon":{"url":"https:\/\/pubeurope.com\/@fr\/115298186460443347","error":""},"_links":{"self":[{"href":"https:\/\/www.europesays.com\/fr\/wp-json\/wp\/v2\/posts\/430776","targetHints":{"allow":["GET"]}}],"collection":[{"href":"https:\/\/www.europesays.com\/fr\/wp-json\/wp\/v2\/posts"}],"about":[{"href":"https:\/\/www.europesays.com\/fr\/wp-json\/wp\/v2\/types\/post"}],"author":[{"embeddable":true,"href":"https:\/\/www.europesays.com\/fr\/wp-json\/wp\/v2\/users\/2"}],"replies":[{"embeddable":true,"href":"https:\/\/www.europesays.com\/fr\/wp-json\/wp\/v2\/comments?post=430776"}],"version-history":[{"count":0,"href":"https:\/\/www.europesays.com\/fr\/wp-json\/wp\/v2\/posts\/430776\/revisions"}],"wp:featuredmedia":[{"embeddable":true,"href":"https:\/\/www.europesays.com\/fr\/wp-json\/wp\/v2\/media\/102098"}],"wp:attachment":[{"href":"https:\/\/www.europesays.com\/fr\/wp-json\/wp\/v2\/media?parent=430776"}],"wp:term":[{"taxonomy":"category","embeddable":true,"href":"https:\/\/www.europesays.com\/fr\/wp-json\/wp\/v2\/categories?post=430776"},{"taxonomy":"post_tag","embeddable":true,"href":"https:\/\/www.europesays.com\/fr\/wp-json\/wp\/v2\/tags?post=430776"}],"curies":[{"name":"wp","href":"https:\/\/api.w.org\/{rel}","templated":true}]}}