{"id":43078,"date":"2025-04-22T04:15:11","date_gmt":"2025-04-22T04:15:11","guid":{"rendered":"https:\/\/www.europesays.com\/fr\/43078\/"},"modified":"2025-04-22T04:15:11","modified_gmt":"2025-04-22T04:15:11","slug":"klaus-schwab-demissionne-avec-effet-immediat-du-wef-quil-avait-fonde-sans-expliquer-pourquoi","status":"publish","type":"post","link":"https:\/\/www.europesays.com\/fr\/43078\/","title":{"rendered":"Klaus Schwab d\u00e9missionne avec effet imm\u00e9diat du WEF qu\u2019il avait fond\u00e9, sans expliquer pourquoi"},"content":{"rendered":"<p>              <a tabindex=\"-1\" title=\"Julie Eigenmann\" href=\"https:\/\/www.letemps.ch\/profil\/julie-eigenmann\" target=\"_blank\" rel=\"noopener\"><\/p>\n<p>                    <img decoding=\"async\" src=\"https:\/\/www.europesays.com\/fr\/wp-content\/uploads\/2025\/04\/1744833031_21_small.jpeg\" class=\"lazy\" alt=\"\"\/><\/p>\n<p><\/a>        <\/p>\n<p>    Publi\u00e9 le 21 avril 2025 \u00e0 18:06. \/ Modifi\u00e9 le 21 avril 2025 \u00e0 21:21.<\/p>\n<p> 3 min. de lecture<\/p>\n<p class=\"article__abstract-call-to-action\" data-ariato=\"TrackableElement\" data-trackable-element-type=\"article_abstract_cta\" data-trackable-element-location=\"article_header\" data-trackable-element-id=\"492124\">\n          <a data-event=\"click-&gt;clicked\" href=\"https:\/\/www.letemps.ch\/abonnements\" target=\"_blank\" rel=\"noopener\">Abonnez-vous<\/a> pour acc\u00e9der au r\u00e9sum\u00e9 en 20 secondes.\n        <\/p>\n<p>C\u2019est une page qui se tourne pour le World Economic Forum (WEF), avec l\u2019annonce ce lundi de P\u00e2ques, <a href=\"https:\/\/www.weforum.org\/press\/2025\/04\/world-economic-forum-announces-governance-transition\/\" rel=\"nofollow noopener\" target=\"_blank\">par le biais d\u2019un communiqu\u00e9<\/a>, du d\u00e9part de son fondateur, Klaus Schwab. Ce dernier a inform\u00e9 le conseil qu\u2019\u00e0 l\u2019aube de ses 88\u00a0ans, il avait d\u00e9cid\u00e9 de d\u00e9missionner de son poste de pr\u00e9sident et de membre du conseil de fondation, avec effet imm\u00e9diat.<\/p>\n<p>Lors d\u2019une r\u00e9union extraordinaire dimanche, le conseil de fondation a pris note de sa d\u00e9mission, poursuit le communiqu\u00e9, qui pr\u00e9cise que le vice-pr\u00e9sident Peter Brabeck-Letmathe a \u00e9t\u00e9 nomm\u00e9 au poste de pr\u00e9sident par int\u00e9rim et qu\u2019un comit\u00e9 pour la s\u00e9lection d\u2019un futur pr\u00e9sident a \u00e9t\u00e9 mis en place. Interrog\u00e9 sur l\u2019horizon de cette nomination, le WEF n\u2019a pas r\u00e9pondu au Temps.<\/p>\n<p>    Le reste de l\u2019article est r\u00e9serv\u00e9 \u00e0 nos abonn\u00e9s.<\/p>\n<p>&#13;<br \/>\nRejoignez une communaut\u00e9 de lecteurs engag\u00e9s et curieux. Acc\u00e9dez \u00e0 l\u2019information de qualit\u00e9 d\u00e8s CHF 29.- par mois.<\/p>\n<p>    <a class=\"button is-secondary\" data-event=\"click-&gt;clicked\" href=\"https:\/\/www.letemps.ch\/abonnements?wall_id=1\" target=\"_blank\" rel=\"noopener\">Je m\u2019abonne<\/a><\/p>\n<p class=\"post-subscribe__login\">\n        Vous avez d\u00e9j\u00e0 un compte ?<br \/>\n        <a class=\"link\" rel=\"nofollow noopener\" href=\"https:\/\/www.letemps.ch\/compte\/connexion?return_to=https%3A%2F%2Fwww.letemps.ch%2Feconomie%2Fklaus-schwab-demissionne-avec-effet-immediat-du-wef-qu-il-avait-fonde-sans-expliquer-pourquoi\" target=\"_blank\">Se connecter<\/a>\n      <\/p>\n","protected":false},"excerpt":{"rendered":"Publi\u00e9 le 21 avril 2025 \u00e0 18:06. \/ Modifi\u00e9 le 21 avril 2025 \u00e0 21:21. 3 min. de&hellip;\n","protected":false},"author":2,"featured_media":43079,"comment_status":"","ping_status":"","sticky":false,"template":"","format":"standard","meta":{"footnotes":""},"categories":[6],"tags":[35,33,34,13012,1011,27,301],"class_list":{"0":"post-43078","1":"post","2":"type-post","3":"status-publish","4":"format-standard","5":"has-post-thumbnail","7":"category-economie","8":"tag-business","9":"tag-economie","10":"tag-economy","11":"tag-forum-de-davos","12":"tag-fr","13":"tag-france","14":"tag-premium"},"share_on_mastodon":{"url":"https:\/\/pubeurope.com\/@fr\/114379680838701624","error":""},"_links":{"self":[{"href":"https:\/\/www.europesays.com\/fr\/wp-json\/wp\/v2\/posts\/43078","targetHints":{"allow":["GET"]}}],"collection":[{"href":"https:\/\/www.europesays.com\/fr\/wp-json\/wp\/v2\/posts"}],"about":[{"href":"https:\/\/www.europesays.com\/fr\/wp-json\/wp\/v2\/types\/post"}],"author":[{"embeddable":true,"href":"https:\/\/www.europesays.com\/fr\/wp-json\/wp\/v2\/users\/2"}],"replies":[{"embeddable":true,"href":"https:\/\/www.europesays.com\/fr\/wp-json\/wp\/v2\/comments?post=43078"}],"version-history":[{"count":0,"href":"https:\/\/www.europesays.com\/fr\/wp-json\/wp\/v2\/posts\/43078\/revisions"}],"wp:featuredmedia":[{"embeddable":true,"href":"https:\/\/www.europesays.com\/fr\/wp-json\/wp\/v2\/media\/43079"}],"wp:attachment":[{"href":"https:\/\/www.europesays.com\/fr\/wp-json\/wp\/v2\/media?parent=43078"}],"wp:term":[{"taxonomy":"category","embeddable":true,"href":"https:\/\/www.europesays.com\/fr\/wp-json\/wp\/v2\/categories?post=43078"},{"taxonomy":"post_tag","embeddable":true,"href":"https:\/\/www.europesays.com\/fr\/wp-json\/wp\/v2\/tags?post=43078"}],"curies":[{"name":"wp","href":"https:\/\/api.w.org\/{rel}","templated":true}]}}