{"id":430783,"date":"2025-10-01T09:29:10","date_gmt":"2025-10-01T09:29:10","guid":{"rendered":"https:\/\/www.europesays.com\/fr\/430783\/"},"modified":"2025-10-01T09:29:10","modified_gmt":"2025-10-01T09:29:10","slug":"a-chateaulin-lea-jamelot-presentera-son-film-lea-de-nantes-a-brest-au-cinema-lagora-le-2-octobre","status":"publish","type":"post","link":"https:\/\/www.europesays.com\/fr\/430783\/","title":{"rendered":"\u00c0 Ch\u00e2teaulin, L\u00e9a Jamelot pr\u00e9sentera son film \u00ab\u00a0L\u00e9a de Nantes \u00e0 Brest\u00a0\u00bb au cin\u00e9ma l\u2019Agora le 2\u00a0octobre"},"content":{"rendered":"<p>Filmer une descente <a href=\"https:\/\/www.leadenantesabrest.com\/#team\" target=\"_blank\" rel=\"noopener\">de 420 kilom\u00e8tres en kayak<\/a>, \u00e7a para\u00eet simple quand on regarde le film sur grand \u00e9cran. En r\u00e9alit\u00e9, chaque plan est le r\u00e9sultat d\u2019un vrai ballet\u00a0: tournage en itin\u00e9rance au pas de course pour suivre le rythme, cam\u00e9ras couvertes de poussi\u00e8re, m\u00e9t\u00e9o al\u00e9atoire\u2026<\/p>\n<p>1. Comment le projet est-il devenu un film\u00a0?<\/p>\n<p>L\u00e9a Jamelot, kayakiste olympique\u00a0: \u00ab\u00a0Au d\u00e9part, c\u2019\u00e9tait une aventure que j\u2019avais imagin\u00e9e pour moi-m\u00eame, mais en quelques mois, \u00e7a a pris beaucoup d\u2019ampleur et c\u2019est devenu un vrai projet de film. Henry Marquis, mon oncle producteur et vid\u00e9aste, a cru en l\u2019id\u00e9e d\u00e8s le d\u00e9part, et Gilles Blaize, le r\u00e9alisateur, a embarqu\u00e9 dans le projet pour transformer ces images en r\u00e9cit cin\u00e9matographique.<\/p>\n<p>L\u2019aventure a \u00e9t\u00e9 pens\u00e9e pour \u00eatre immersive\u00a0: raconter la descente du canal de Nantes \u00e0 Brest avec ses paysages, ses rencontres et ses moments inattendus. L\u2019id\u00e9e \u00e9tait que le spectateur sente \u00e0 la fois le d\u00e9fi sportif et la richesse humaine de cette travers\u00e9e.\u00a0\u00bb<\/p>\n<p>2. Quelle \u00e9quipe technique vous a accompagn\u00e9e\u00a0?<\/p>\n<p>\u00ab\u00a0Sur le terrain, nous \u00e9tions une \u00e9quipe de dix personnes. Henry Marquis, derri\u00e8re la cam\u00e9ra pour tout capter de ces quinze jours d\u2019aventure. Gilles Blaize assurait en compl\u00e9ment les prises de vue a\u00e9riennes avec le drone. Erwan Bizeul, s\u2019occupait du montage (en temps r\u00e9el). Margaux et Emma, deux amies se sont occup\u00e9es de la communication et les r\u00e9seaux sociaux, et ma famille prenait en charge la logistique, les repas et le suivi des \u00e9tapes. Chaque membre avait un r\u00f4le pr\u00e9cis, et tous ont contribu\u00e9 \u00e0 rendre cette aventure possible.\u00a0\u00bb<\/p>\n<p>3. Le film, ce n\u2019est pas la webs\u00e9rie\u00a0: quelle diff\u00e9rence\u00a0?<\/p>\n<p>\u00ab\u00a0C\u2019est vraiment un projet \u00e0 part enti\u00e8re. Ce n\u2019est pas un simple bout \u00e0 bout des \u00e9pisodes de la webs\u00e9rie. Le film dure 55 minutes et a \u00e9t\u00e9 pens\u00e9 pour le cin\u00e9ma, avec un rythme r\u00e9fl\u00e9chi pour que le spectateur puisse s\u2019immerger pleinement dans l\u2019aventure.<\/p>\n<p>On a structur\u00e9 l\u2019ensemble. L\u2019objectif \u00e9tait vraiment que le film se regarde assis dans un si\u00e8ge de cin\u00e9ma et qu\u2019il raconte l\u2019histoire de mani\u00e8re compl\u00e8te, avec des s\u00e9quences plus longues qui permettent de ressentir les moments forts, les paysages, les \u00e9motions et les interactions avec les gens rencontr\u00e9s sur le parcours.\u00a0\u00bb<\/p>\n<p>4. Quelles anecdotes de tournage vous ont le plus marqu\u00e9e\u00a0?<\/p>\n<p>\u00ab\u00a0Il y en a tellement\u00a0! Je pense \u00e0 la sc\u00e8ne de la double \u00e9cluse, monumentale sur le canal\u00a0: j\u2019ai attendu 35 minutes que l\u2019eau monte, immobile, entour\u00e9e de spectateurs. Pour passer le temps, je parlais \u00e0 Henry \u00e0 voix basse, et le monteur a transform\u00e9 \u00e7a en s\u00e9quence dr\u00f4le o\u00f9 je racontais que c\u2019\u00e9tait \u00ab\u00a0comme remplir une baignoire avec des bouchons de bouteille\u00a0\u00bb. Il y a aussi ma seule petite larme de l\u2019aventure, arriv\u00e9e \u00e0 Port-Launay, \u00e9mue par la foule. Gilles croyait me filmer, mais en r\u00e9alit\u00e9 la cam\u00e9ra \u00e9tait retourn\u00e9e et il filmait sa propre t\u00eate\u00a0! On s\u2019en est rendu compte apr\u00e8s, et ce plan est devenu un clin d\u2019\u0153il dans le g\u00e9n\u00e9rique du film.\u00a0\u00bb<\/p>\n<p>D\u2019autres moments cocasses\u00a0: mon ancien voisin qui d\u00e9broussaille le bord du canal et finit t\u00eate la premi\u00e8re dans l\u2019eau, la gentillesse des habitants avec leurs pancartes et instruments de musique, et toutes ces petites sc\u00e8nes o\u00f9 l\u2019\u00e9quipe s\u2019active dans l\u2019ombre pour que tout se passe bien, m\u00eame sous la pluie ou face aux impr\u00e9vus.<\/p>\n<p>Il y a aussi Henry assis dans le coffre du van, couvert de poussi\u00e8re sur le chemin de halage, qui doit sans cesse nettoyer son mat\u00e9riel pour filmer, ou encore les manipulations pour r\u00e9cup\u00e9rer le drone\u00a0: Gilles doit le rattraper depuis le bateau suiveur en mouvement \u00e0 chaque d\u00e9collage et atterrissage, ce qui donne des sc\u00e8nes assez dr\u00f4les et un peu chaotiques, mais toujours r\u00e9ussies.\u00a0\u00bb<\/p>\n<p>5. Quelle sc\u00e8ne vous a le plus \u00e9mue et r\u00e9sume l\u2019esprit de ce d\u00e9fi\u00a0?<\/p>\n<p>\u00ab\u00a0La sc\u00e8ne la plus \u00e9mouvante, c\u2019est la descente aux flambeaux \u00e0 Port-Launay\u00a0: je suis sur mon kayak, la nuit, et un feu d\u2019artifice \u00e9claire le canal. Il y a beaucoup de monde, des habitants et des amis, et je me rappelle de tout le chemin parcouru pour en arriver l\u00e0.<\/p>\n<p>Le film, c\u2019est \u00e7a\u00a0: le partage, les \u00e9changes et la mise en valeur d\u2019un territoire et de ses habitants. Les s\u00e9quences d\u2019arriv\u00e9e, les rencontres avec les enfants, les clubs de kayak, les habitants qui racontent leurs anecdotes\u2026.\u00bb<\/p>\n<p>Pratique\u00a0:<\/p>\n<p class=\"note\">Avant-premi\u00e8re du film \u00ab\u00a0L\u00e9a de Nantes \u00e0 Brest\u00a0\u00bb\u00a0: Cin\u00e9ma Agora \u00e0 Ch\u00e2teaulin, jeudi 2 octobre 2025 \u00e0 20\u00a0h\u00a030. Gratuit, sans r\u00e9servation (dans la limite des places disponibles).<\/p>\n","protected":false},"excerpt":{"rendered":"Filmer une descente de 420 kilom\u00e8tres en kayak, \u00e7a para\u00eet simple quand on regarde le film sur grand&hellip;\n","protected":false},"author":2,"featured_media":430784,"comment_status":"","ping_status":"","sticky":false,"template":"","format":"standard","meta":{"footnotes":""},"categories":[2818],"tags":[1111,11,16814,6206,650,251,1777,674,1011,27,766,2742,12,2636,25],"class_list":{"0":"post-430783","1":"post","2":"type-post","3":"status-publish","4":"format-standard","5":"has-post-thumbnail","7":"category-nantes","8":"tag-actu","9":"tag-actualites","10":"tag-canoe-kayak","11":"tag-chateaulin","12":"tag-cinema","13":"tag-culture","14":"tag-eu","15":"tag-europe","16":"tag-fr","17":"tag-france","18":"tag-nantes","19":"tag-nature","20":"tag-news","21":"tag-pays-de-la-loire","22":"tag-republique-francaise"},"share_on_mastodon":{"url":"https:\/\/pubeurope.com\/@fr\/115298210072541540","error":""},"_links":{"self":[{"href":"https:\/\/www.europesays.com\/fr\/wp-json\/wp\/v2\/posts\/430783","targetHints":{"allow":["GET"]}}],"collection":[{"href":"https:\/\/www.europesays.com\/fr\/wp-json\/wp\/v2\/posts"}],"about":[{"href":"https:\/\/www.europesays.com\/fr\/wp-json\/wp\/v2\/types\/post"}],"author":[{"embeddable":true,"href":"https:\/\/www.europesays.com\/fr\/wp-json\/wp\/v2\/users\/2"}],"replies":[{"embeddable":true,"href":"https:\/\/www.europesays.com\/fr\/wp-json\/wp\/v2\/comments?post=430783"}],"version-history":[{"count":0,"href":"https:\/\/www.europesays.com\/fr\/wp-json\/wp\/v2\/posts\/430783\/revisions"}],"wp:featuredmedia":[{"embeddable":true,"href":"https:\/\/www.europesays.com\/fr\/wp-json\/wp\/v2\/media\/430784"}],"wp:attachment":[{"href":"https:\/\/www.europesays.com\/fr\/wp-json\/wp\/v2\/media?parent=430783"}],"wp:term":[{"taxonomy":"category","embeddable":true,"href":"https:\/\/www.europesays.com\/fr\/wp-json\/wp\/v2\/categories?post=430783"},{"taxonomy":"post_tag","embeddable":true,"href":"https:\/\/www.europesays.com\/fr\/wp-json\/wp\/v2\/tags?post=430783"}],"curies":[{"name":"wp","href":"https:\/\/api.w.org\/{rel}","templated":true}]}}