{"id":430787,"date":"2025-10-01T09:31:13","date_gmt":"2025-10-01T09:31:13","guid":{"rendered":"https:\/\/www.europesays.com\/fr\/430787\/"},"modified":"2025-10-01T09:31:13","modified_gmt":"2025-10-01T09:31:13","slug":"fete-du-vin-nouveau-et-de-la-brocante-a-bordeaux-les-25-et-26-octobre-2025","status":"publish","type":"post","link":"https:\/\/www.europesays.com\/fr\/430787\/","title":{"rendered":"F\u00eate du vin nouveau et de la brocante \u00e0 Bordeaux, les 25 et 26 octobre 2025"},"content":{"rendered":"<p>C&rsquo;est l&rsquo;un des \u00e9v\u00e8nements pr\u00e9f\u00e9r\u00e9s des Girondins chaque automne\u00a0! La 44\u00e8me \u00e9dition de la F\u00eate du vin nouveau et de la brocante se d\u00e9roule les samedi 25 et dimanche 26 octobre 2025, rue Notre-Dame et place des Chartrons \u00e0 Bordeaux.\n<\/p>\n<p>Le vin nouveau, l&rsquo;incontournable bourru, est arriv\u00e9\u00a0! Pour c\u00e9l\u00e9brer comme il se doit le retour de ce pr\u00e9cieux breuvage (*), l<a target=\"_blank\" rel=\"nofollow noopener noreferrer\" class=\"IciLink ici-link IciArticleLink g-ici-body-regular-1 underline brand svelte-lu7k6w\" href=\"https:\/\/www.facebook.com\/villagenotredame\/?locale=fr_FR\">e Village Notre-Dame de Bordeaux<\/a>\u00a0et le quartier des Chartrons vont attirer des milliers de visiteurs, les 25 et 26 octobre prochain, avec un \u00e9v\u00e9nement traditionnel devenu une institution chaque d\u00e9but d&rsquo;automne\u00a0: la 44\u00e8me \u00e9dition de sa <a target=\"_blank\" rel=\"nofollow noopener noreferrer\" class=\"IciLink ici-link IciArticleLink g-ici-body-regular-1 underline brand svelte-lu7k6w\" href=\"https:\/\/www.facebook.com\/feteduvinnouveauetbrocante\/?locale=fr_FR\">F\u00eate du Vin nouveau &amp; de la brocante<\/a>.<\/p>\n<p>Dans une ambiance familiale et bon enfant, vous allez pendant deux jour pousser la porte des boutiques de brocanteurs et d&rsquo;antiquaires rue Notre-Dame, lever les yeux et d\u00e9couvrir <a target=\"_blank\" rel=\"nofollow noopener noreferrer\" class=\"IciLink ici-link IciArticleLink g-ici-body-regular-1 underline brand svelte-lu7k6w\" href=\"https:\/\/fr.wikipedia.org\/wiki\/Les_Chartrons\">la richesse culturelle de ce quartier des Chartrons<\/a>\u00a0en osmose avec son histoire, vous laisser porter par les musiciens et groupes de rue,\u00a0partager quelques pas de danses et <strong>d\u00e9guster le vin nouveau accompagn\u00e9 de d\u00e9licieux marrons chauds<\/strong>.\u00a0Tout le week-end une centaine de professionnels, restaurateurs et commer\u00e7ants vous attendent pour faire la f\u00eate\u00a0!<\/p>\n<p><strong>Programme\u00a0:<\/strong><\/p>\n<p>Samedi 25 octobre \u00e0 12h00 : inauguration de la f\u00eate.<br \/>Dimanche 26 octobre \u00e0 11h30 : b\u00e9n\u00e9diction du Vin nouveau et \u00e0 16h00 : concert d\u2019orgue gratuit \u00e0 l\u2019Eglise Saint-Louis.<\/p>\n<p><strong>Pratique\u00a0:<\/strong><\/p>\n<p>Lieu\u00a0: Quartier des Chartrons, rue Notre Dame et sur la place des Chartrons, Bordeaux.<br \/>Horaires\u00a0: 10h-19h chaque jour &#8211; stationnement\u00a0: parking Cit\u00e9 Mondiale.<br \/>Acc\u00e8s\u00a0: En Tram\u00a0: ligne B ou C depuis les Quinconces. A v\u00e9lo\u00a0: Station Eglise St-Louis.<\/p>\n<p>(*) A consommer avec mod\u00e9ration<\/p>\n<p><img loading=\"lazy\" decoding=\"async\" class=\"VisualPreview svelte-1rldrkz\" src=\"data:image\/jpeg;base64,\/9j\/2wBDACgcHiMeGSgjISMtKygwPGRBPDc3PHtYXUlkkYCZlo+AjIqgtObDoKrarYqMyP\/L2u71\/\/\/\/m8H\/\/\/\/6\/+b9\/\/j\/2wBDASstLTw1PHZBQXb4pYyl+Pj4+Pj4+Pj4+Pj4+Pj4+Pj4+Pj4+Pj4+Pj4+Pj4+Pj4+Pj4+Pj4+Pj4+Pj4+Pj4+Pj\/wAARCAAbACoDASIAAhEBAxEB\/8QAGAABAQEBAQAAAAAAAAAAAAAAAwECBAD\/xAAYEAEBAQEBAAAAAAAAAAAAAAAAAQISEf\/EABYBAQEBAAAAAAAAAAAAAAAAAAEAAv\/EABYRAQEBAAAAAAAAAAAAAAAAAAABEf\/aAAwDAQACEQMRAD8A5ckzQyklMqPmklc+dNzZ0YfpOg9p2yXLGvWXgW5pexoQW7Z7HUSf\/9k=\" alt=\"25 000 visiteurs sont attendus !\" width=\"600\" height=\"399\"\/>  25 000 visiteurs sont attendus !  &#8211; Kelly Gaillard<\/p>\n","protected":false},"excerpt":{"rendered":"C&rsquo;est l&rsquo;un des \u00e9v\u00e8nements pr\u00e9f\u00e9r\u00e9s des Girondins chaque automne\u00a0! La 44\u00e8me \u00e9dition de la F\u00eate du vin nouveau&hellip;\n","protected":false},"author":2,"featured_media":430788,"comment_status":"","ping_status":"","sticky":false,"template":"","format":"standard","meta":{"footnotes":""},"categories":[2817],"tags":[1111,11,1997,1777,674,1011,27,12,2219,25],"class_list":{"0":"post-430787","1":"post","2":"type-post","3":"status-publish","4":"format-standard","5":"has-post-thumbnail","7":"category-bordeaux","8":"tag-actu","9":"tag-actualites","10":"tag-bordeaux","11":"tag-eu","12":"tag-europe","13":"tag-fr","14":"tag-france","15":"tag-news","16":"tag-nouvelle-aquitaine","17":"tag-republique-francaise"},"share_on_mastodon":{"url":"https:\/\/pubeurope.com\/@fr\/115298217855610659","error":""},"_links":{"self":[{"href":"https:\/\/www.europesays.com\/fr\/wp-json\/wp\/v2\/posts\/430787","targetHints":{"allow":["GET"]}}],"collection":[{"href":"https:\/\/www.europesays.com\/fr\/wp-json\/wp\/v2\/posts"}],"about":[{"href":"https:\/\/www.europesays.com\/fr\/wp-json\/wp\/v2\/types\/post"}],"author":[{"embeddable":true,"href":"https:\/\/www.europesays.com\/fr\/wp-json\/wp\/v2\/users\/2"}],"replies":[{"embeddable":true,"href":"https:\/\/www.europesays.com\/fr\/wp-json\/wp\/v2\/comments?post=430787"}],"version-history":[{"count":0,"href":"https:\/\/www.europesays.com\/fr\/wp-json\/wp\/v2\/posts\/430787\/revisions"}],"wp:featuredmedia":[{"embeddable":true,"href":"https:\/\/www.europesays.com\/fr\/wp-json\/wp\/v2\/media\/430788"}],"wp:attachment":[{"href":"https:\/\/www.europesays.com\/fr\/wp-json\/wp\/v2\/media?parent=430787"}],"wp:term":[{"taxonomy":"category","embeddable":true,"href":"https:\/\/www.europesays.com\/fr\/wp-json\/wp\/v2\/categories?post=430787"},{"taxonomy":"post_tag","embeddable":true,"href":"https:\/\/www.europesays.com\/fr\/wp-json\/wp\/v2\/tags?post=430787"}],"curies":[{"name":"wp","href":"https:\/\/api.w.org\/{rel}","templated":true}]}}