{"id":430791,"date":"2025-10-01T09:33:15","date_gmt":"2025-10-01T09:33:15","guid":{"rendered":"https:\/\/www.europesays.com\/fr\/430791\/"},"modified":"2025-10-01T09:33:15","modified_gmt":"2025-10-01T09:33:15","slug":"le-trafic-sncf-entre-toulouse-et-pau-est-perturbe-par-un-incident-technique","status":"publish","type":"post","link":"https:\/\/www.europesays.com\/fr\/430791\/","title":{"rendered":"Le trafic SNCF entre Toulouse et Pau est perturb\u00e9 par un \u00ab\u00a0incident technique\u00a0\u00bb"},"content":{"rendered":"<p>            Par<br \/>\n        <strong><br \/>\n            <a href=\"https:\/\/actu.fr\/auteur\/anaelle-montagne\" title=\"Consulter tous les articles de Anaelle Montagne\" rel=\"nofollow noopener\" target=\"_blank\">Anaelle Montagne<\/a><br \/>\n        <\/strong><\/p>\n<p>        Publi\u00e9 le<\/p>\n<p>            1 oct. 2025 \u00e0 11h13        <\/p>\n<p>Un incident technique est survenu sur la ligne SNCF reliant Pau \u00e0 Toulouse, ce mercredi 1er\u00a0octobre 2025.<strong> Il impacte la circulation des trains TER<\/strong> entre <a href=\"https:\/\/actu.fr\/occitanie\/toulouse_31555\/toulouse-un-nouvel-arret-de-bus-devant-la-gare-matabiau-qu-est-ce-que-c-est_62683035.html\" rel=\"nofollow noopener\" target=\"_blank\">la gare Matabiau<\/a> et Pau, dans les deux sens.<\/p>\n<p class=\" wall-content\">Selon la SNCF, l\u2019incident a eu lieu sur la voie entre Montr\u00e9jeau et Boussins.<\/p>\n<p class=\" wall-content\">\n<p class=\" wall-content\">\u00c0 9h25,<strong> le trafic est toujours perturb\u00e9<\/strong> et la reprise de la circulation, initialement pr\u00e9vue \u00e0 14\u00a0heures, est finalement estim\u00e9e \u00e0 16\u00a0heures.<\/p>\n<p>Bus de substitution<\/p>\n<p class=\" wall-content\">Des TER ont ainsi \u00e9t\u00e9 supprim\u00e9s ou retir\u00e9s dans la matin\u00e9e, mais la SNCF assurait la mise en place de<strong> bus de substitution<\/strong>. Un autocar est en effet pr\u00e9vu pour relier Toulouse \u00e0 Pau \u00e0 12h32, indique le site de la SNCF. Arriv\u00e9e, 17h20.<\/p>\n<p class=\" wall-content\">Depuis Pau, un TGV partira bien \u00e0 11h32 ce matin, \u00e9tant donn\u00e9 qu\u2019il ne passe pas sur la ligne TER concern\u00e9e \u2013 puisqu\u2019il passe par <a href=\"https:\/\/actu.fr\/bordeaux\/\" rel=\"nofollow noopener\" target=\"_blank\">Bordeaux<\/a>.<\/p>\n<p class=\" wall-content\">Personnalisez votre actualit\u00e9 en ajoutant vos villes et m\u00e9dias en favori avec <a href=\"https:\/\/moncompte.actu.fr\" title=\"D\u00e9couvez Mon Actu\" rel=\"nofollow noopener\" data-trk=\"{&quot;cta&quot;:{&quot;action&quot;:&quot;https:\\\/\\\/moncompte.actu.fr&quot;,&quot;category&quot;:&quot;mon compte&quot;,&quot;from&quot;:&quot;article footer&quot;,&quot;name&quot;:&quot;Mon actu&quot;,&quot;type&quot;:&quot;cta&quot;}}\" target=\"_blank\">Mon Actu<\/a>.<\/p>\n","protected":false},"excerpt":{"rendered":"Par Anaelle Montagne Publi\u00e9 le 1 oct. 2025 \u00e0 11h13 Un incident technique est survenu sur la ligne&hellip;\n","protected":false},"author":2,"featured_media":430792,"comment_status":"","ping_status":"","sticky":false,"template":"","format":"standard","meta":{"footnotes":""},"categories":[2816],"tags":[1111,11,3542,1777,674,1011,27,12,2680,25,2215,104,2312],"class_list":{"0":"post-430791","1":"post","2":"type-post","3":"status-publish","4":"format-standard","5":"has-post-thumbnail","7":"category-toulouse","8":"tag-actu","9":"tag-actualites","10":"tag-circulation","11":"tag-eu","12":"tag-europe","13":"tag-fr","14":"tag-france","15":"tag-news","16":"tag-occitanie","17":"tag-republique-francaise","18":"tag-sncf","19":"tag-societe","20":"tag-toulouse"},"share_on_mastodon":{"url":"https:\/\/pubeurope.com\/@fr\/115298225585458212","error":""},"_links":{"self":[{"href":"https:\/\/www.europesays.com\/fr\/wp-json\/wp\/v2\/posts\/430791","targetHints":{"allow":["GET"]}}],"collection":[{"href":"https:\/\/www.europesays.com\/fr\/wp-json\/wp\/v2\/posts"}],"about":[{"href":"https:\/\/www.europesays.com\/fr\/wp-json\/wp\/v2\/types\/post"}],"author":[{"embeddable":true,"href":"https:\/\/www.europesays.com\/fr\/wp-json\/wp\/v2\/users\/2"}],"replies":[{"embeddable":true,"href":"https:\/\/www.europesays.com\/fr\/wp-json\/wp\/v2\/comments?post=430791"}],"version-history":[{"count":0,"href":"https:\/\/www.europesays.com\/fr\/wp-json\/wp\/v2\/posts\/430791\/revisions"}],"wp:featuredmedia":[{"embeddable":true,"href":"https:\/\/www.europesays.com\/fr\/wp-json\/wp\/v2\/media\/430792"}],"wp:attachment":[{"href":"https:\/\/www.europesays.com\/fr\/wp-json\/wp\/v2\/media?parent=430791"}],"wp:term":[{"taxonomy":"category","embeddable":true,"href":"https:\/\/www.europesays.com\/fr\/wp-json\/wp\/v2\/categories?post=430791"},{"taxonomy":"post_tag","embeddable":true,"href":"https:\/\/www.europesays.com\/fr\/wp-json\/wp\/v2\/tags?post=430791"}],"curies":[{"name":"wp","href":"https:\/\/api.w.org\/{rel}","templated":true}]}}