{"id":430797,"date":"2025-10-01T09:37:12","date_gmt":"2025-10-01T09:37:12","guid":{"rendered":"https:\/\/www.europesays.com\/fr\/430797\/"},"modified":"2025-10-01T09:37:12","modified_gmt":"2025-10-01T09:37:12","slug":"la-prefete-assouplit-les-regles-mais-previent-attention-vigilance","status":"publish","type":"post","link":"https:\/\/www.europesays.com\/fr\/430797\/","title":{"rendered":"la pr\u00e9f\u00e8te assouplit les r\u00e8gles mais pr\u00e9vient \u00ab\u00a0Attention, vigilance\u00a0\u00bb"},"content":{"rendered":"<p>Face \u00e0 une am\u00e9lioration de la situation, la pr\u00e9f\u00e8te de police des Bouches-du-Rh\u00f4ne, Corinne Simon, a d\u00e9cid\u00e9 de r\u00e9duire le p\u00e9rim\u00e8tre de fermeture anticip\u00e9e des \u00e9piceries de nuit \u00e0 Marseille. Invit\u00e9e de Maritima, elle a expliqu\u00e9 ce geste \u00ab\u00a0d&rsquo;assouplissement\u00a0\u00bb tout en lan\u00e7ant un avertissement tr\u00e8s clair : les contr\u00f4les continueront et les sanctions pourront \u00eatre r\u00e9activ\u00e9es \u00ab\u00a0tr\u00e8s tr\u00e8s vite\u00a0\u00bb si les nuisances reprennent.<\/p>\n<p>C&rsquo;est une approche de \u00ab\u00a0donnant-donnant\u00a0\u00bb. <a href=\"https:\/\/maritima.fr\/actualites\/economie\/marseille\/5735\/fermeture-des-epiceries-de-nuit-a-marseille-une-mesure-contestee\" target=\"_blank\" rel=\"noopener\">Depuis le mois de mars<\/a>, plusieurs arr\u00eat\u00e9s pr\u00e9fectoraux successifs ont impos\u00e9 des fermetures anticip\u00e9es \u00e0 des dizaines d&rsquo;\u00e9piceries de nuit \u00e0 Marseille pour lutter contre une \u00ab\u00a0vie infernale\u00a0\u00bb pour les riverains : rassemblements, consommation d&rsquo;alcool, tapage et rixes. Apr\u00e8s un \u00e9t\u00e9 sous surveillance, la pr\u00e9f\u00e8te de police Corinne Simon a constat\u00e9 une \u00ab\u00a0prise de conscience\u00a0\u00bb et une nette am\u00e9lioration.<\/p>\n<p>\u00ab\u00a0Sur <a href=\"https:\/\/maritima.fr\/actualites\/faits-divers\/marseille\/7842\/la-fermeture-des-epiceries-de-nuit-etendue-et-prolongee-pour-cet-ete-a-marseille\" target=\"_blank\" rel=\"noopener\">le dernier arr\u00eat\u00e9<\/a>, je n&rsquo;ai \u00e0 d\u00e9plorer qu&rsquo;une dizaine d&rsquo;avertissements, c&rsquo;est-\u00e0-dire qu&rsquo;il y a eu une prise de conscience\u00a0\u00bb, a-t-elle expliqu\u00e9 sur l&rsquo;antenne de Maritima. En cons\u00e9quence, le nouvel arr\u00eat\u00e9 qui entre en vigueur ce 1er octobre est moins restrictif.<\/p>\n<p>\u00a0<\/p>\n<p><strong>Le p\u00e9rim\u00e8tre des fermetures anticip\u00e9es est r\u00e9duit<\/strong><\/p>\n<p>\u00a0<\/p>\n<p>L&rsquo;objectif n&rsquo;\u00e9tant pas de \u00ab\u00a0limiter l&rsquo;activit\u00e9 \u00e9conomique\u00a0\u00bb mais de <a href=\"https:\/\/maritima.fr\/actualites\/faits-divers\/marseille\/8002\/fermeture-des-epiceries-de-nuit-prolongee-a-marseille-quen-disent-les-habitants\" target=\"_blank\" rel=\"noopener\">pr\u00e9server la tranquillit\u00e9 publique<\/a>, la pr\u00e9f\u00e8te a d\u00e9cid\u00e9 d&rsquo;all\u00e9ger le dispositif.<\/p>\n<ul>\n<li>\n<p>Les secteurs qui ne sont PLUS concern\u00e9s\u00a0par la fermeture anticip\u00e9e sont notamment :\u00a0Fran\u00e7oise Duparc (4e), le secteur Baille (6e) et le 2e arrondissement.<\/p>\n<\/li>\n<li>\n<p>Les secteurs qui RESTENT sous surveillance\u00a0avec des fermetures anticip\u00e9es maintenues incluent :\u00a0Porte d&rsquo;Aix, Belsunce, Sainte-Catherine, le Boulevard National et l&rsquo;avenue de la Capelette.<\/p>\n<\/li>\n<\/ul>\n<p>\u00a0<\/p>\n<p><strong>\u00ab\u00a0Je me r\u00e9serve la possibilit\u00e9 de reprendre tr\u00e8s vite un arr\u00eat\u00e9\u00a0\u00bb<\/strong><\/p>\n<p>\u00a0<\/p>\n<p>Cet assouplissement est assorti d&rsquo;un avertissement ferme. Corinne Simon a \u00e9t\u00e9 \u00ab\u00a0tr\u00e8s claire\u00a0\u00bb avec les g\u00e9rants qu&rsquo;elle a rencontr\u00e9s : les contr\u00f4les de police se poursuivront, y compris dans les zones qui sortent du p\u00e9rim\u00e8tre, pour s&rsquo;assurer que les troubles ne reprennent pas.<\/p>\n<p>\u00a0<\/p>\n<blockquote>\n<p style=\"text-align: center;\">\u00ab\u00a0Je me r\u00e9serve \u00e9galement la possibilit\u00e9, et \u00e7a ils le savent, que si jamais les troubles r\u00e9apparaissaient [&#8230;], je serais dans la capacit\u00e9 de pouvoir reprendre tr\u00e8s tr\u00e8s vite un arr\u00eat\u00e9 pr\u00e9fectoral.\u00a0\u00bb<\/p>\n<p style=\"text-align: center;\">Corinne Simon, Pr\u00e9f\u00e8te de police des Bouches-du-Rh\u00f4ne<\/p>\n<p>\u00a0<\/p>\n<\/blockquote>\n<p>La balle est donc dans le camp des commer\u00e7ants. \u00ab\u00a0Pour que ces deux mondes cohabitent, il faut que chacun respecte les r\u00e8gles\u00a0\u00bb, a conclu la pr\u00e9f\u00e8te, r\u00e9sumant sa d\u00e9marche par trois mots : \u00ab\u00a0Avertissement, assouplissement, mais attention, vigilance\u00a0\u00bb.<\/p>\n<p>\u00a0<\/p>\n<p>\u00a0<\/p>\n<p>Retrouvez l&rsquo;invit\u00e9 de la r\u00e9daction sur maritima radio du lundi au vendredi \u00e0 8h15 et 12h15 au micro de Didier Gesualdi<\/p>\n","protected":false},"excerpt":{"rendered":"Face \u00e0 une am\u00e9lioration de la situation, la pr\u00e9f\u00e8te de police des Bouches-du-Rh\u00f4ne, Corinne Simon, a d\u00e9cid\u00e9 de&hellip;\n","protected":false},"author":2,"featured_media":208873,"comment_status":"","ping_status":"","sticky":false,"template":"","format":"standard","meta":{"footnotes":""},"categories":[2814],"tags":[1111,11,55895,55896,1777,674,1011,27,884,12,15003,882,25],"class_list":{"0":"post-430797","1":"post","2":"type-post","3":"status-publish","4":"format-standard","5":"has-post-thumbnail","7":"category-marseille","8":"tag-actu","9":"tag-actualites","10":"tag-corinne-simon","11":"tag-epicerie-de-nuit","12":"tag-eu","13":"tag-europe","14":"tag-fr","15":"tag-france","16":"tag-marseille","17":"tag-news","18":"tag-prefet-de-police","19":"tag-provence-alpes-cote-dazur","20":"tag-republique-francaise"},"share_on_mastodon":{"url":"https:\/\/pubeurope.com\/@fr\/115298241392286892","error":""},"_links":{"self":[{"href":"https:\/\/www.europesays.com\/fr\/wp-json\/wp\/v2\/posts\/430797","targetHints":{"allow":["GET"]}}],"collection":[{"href":"https:\/\/www.europesays.com\/fr\/wp-json\/wp\/v2\/posts"}],"about":[{"href":"https:\/\/www.europesays.com\/fr\/wp-json\/wp\/v2\/types\/post"}],"author":[{"embeddable":true,"href":"https:\/\/www.europesays.com\/fr\/wp-json\/wp\/v2\/users\/2"}],"replies":[{"embeddable":true,"href":"https:\/\/www.europesays.com\/fr\/wp-json\/wp\/v2\/comments?post=430797"}],"version-history":[{"count":0,"href":"https:\/\/www.europesays.com\/fr\/wp-json\/wp\/v2\/posts\/430797\/revisions"}],"wp:featuredmedia":[{"embeddable":true,"href":"https:\/\/www.europesays.com\/fr\/wp-json\/wp\/v2\/media\/208873"}],"wp:attachment":[{"href":"https:\/\/www.europesays.com\/fr\/wp-json\/wp\/v2\/media?parent=430797"}],"wp:term":[{"taxonomy":"category","embeddable":true,"href":"https:\/\/www.europesays.com\/fr\/wp-json\/wp\/v2\/categories?post=430797"},{"taxonomy":"post_tag","embeddable":true,"href":"https:\/\/www.europesays.com\/fr\/wp-json\/wp\/v2\/tags?post=430797"}],"curies":[{"name":"wp","href":"https:\/\/api.w.org\/{rel}","templated":true}]}}