{"id":430800,"date":"2025-10-01T09:39:14","date_gmt":"2025-10-01T09:39:14","guid":{"rendered":"https:\/\/www.europesays.com\/fr\/430800\/"},"modified":"2025-10-01T09:39:14","modified_gmt":"2025-10-01T09:39:14","slug":"toute-lactualite-de-ce-mercredi-1er-octobre-2025-a-lyon","status":"publish","type":"post","link":"https:\/\/www.europesays.com\/fr\/430800\/","title":{"rendered":"Toute l&rsquo;actualit\u00e9 de ce mercredi 1er octobre 2025 \u00e0 Lyon"},"content":{"rendered":"<p>A la une de l\u2019info \u00e0 Lyon : une explosion en presqu\u2019\u00eele, Municipales 2026: un rapprochement Ecologistes \u2013 Place Pubklique, les escroqueries aux faux arr\u00eats de travail, l\u2019amiante dans les coll\u00e8ges, une \u00e9cole pour apprendre \u00e0 faire du v\u00e9lo, une expo sur le naufrage du Titanic\u2026<\/p>\n<p>ECOUTEZ LE 1\/4H LYONNAIS=\u2026Toute l\u2019actualit\u00e9 de ce mercredi 1er octobre 2025<\/p>\n<p>LE 1\/4H LYONNAIS | mercredi 1er octobre 2025<\/p>\n<p>La cuisine du <strong>restaurant CasaBea<\/strong>, en Presqu\u2019\u00eele, souffl\u00e9e, par une <strong>explosion<\/strong>. Trois bless\u00e9s, dont deux graves, sont \u00e0 d\u00e9plorer. Aucun pronostic vital n\u2019est engag\u00e9. Une enqu\u00eate ouverte\u2026<\/p>\n<p><strong>Elections municipales et m\u00e9tropolitaines<\/strong> : <strong>Place Publique<\/strong> propose une alliance aux <strong>\u00c9cologistes<\/strong> pour les deux scrutins<\/p>\n<p>L\u2019affaire des 2,4 millions d\u2019euros de <strong>subventions non vers\u00e9es \u00e0 Givors par la R\u00e9gion AURA<\/strong> : la rapporteure publique du tribunal administratif de Lyon se positionne en faveur de la commune\u2026 La <strong>d\u00e9cision mise en d\u00e9lib\u00e9r\u00e9<\/strong>.<\/p>\n<p>De nouvelles <strong>escroqueries aux faux arr\u00eats de travail<\/strong>. La <strong>CPAM<\/strong> multiplie les mesures de pr\u00e9vention mais les fraudeurs sont toujours plus audacieux\u2026<\/p>\n<p><strong>Amiante dans les b\u00e2timents scolaires<\/strong> du d\u00e9partement du Rh\u00f4ne : des <strong>syndicats<\/strong> alertent sur le <strong>manque d\u2019actions des pouvoirs publics<\/strong><\/p>\n<p>Ecoutez aussi : <a href=\"https:\/\/www.lyondemain.fr\/biennale-aquarelle-saint-priest\/\" target=\"_blank\" rel=\"noreferrer noopener\">La 1\u00e8re Biennale d\u2019Aquarelle s\u2019installe \u00e0 Saint-Priest<\/a><\/p>\n<p>Egalement dans l\u2019actualit\u00e9 de ce mercredi 1er octobre <\/p>\n<p>Le v\u00e9lo comme moyen de d\u00e9placement ! De plus en plus de personnes choisissent ce <strong>moyen de transport<\/strong> fort pratique, pour se rendre sur leur lieu de travail, faire leurs courses ou emmener les enfants \u00e0 l\u2019\u00e9cole. Cependant, il subsiste des freins chez certains usagers. L\u2019<strong>Ecole V\u00e9lo<\/strong> <strong>\u00e7a roule<\/strong> propose des formations th\u00e9oriques et\/ou pratiques.<\/p>\n<p>Notre invit\u00e9 : <strong>Philippe Bronn<\/strong>, directeur de l\u2019<strong><a href=\"https:\/\/www.ecolevelo.fr\/\" target=\"_blank\" rel=\"noreferrer noopener\">Ecole V\u00e9lo<\/a> \u2013 \u00e7a roule<\/strong><\/p>\n<p>D\u00e9couvrir les secrets du <strong>naufrage du Titanic<\/strong> : c\u2019est ce que propose la <strong>nouvelle exposition<\/strong> abrit\u00e9e par la <strong>Sucri\u00e8re<\/strong><\/p>\n<p>Ecoutez aussi : <a href=\"https:\/\/www.lyondemain.fr\/actualite-de-ce-mardi-30-septembre-expo-images-en-ville-archives-municipales\/\" target=\"_blank\" rel=\"noreferrer noopener\">Toute l\u2019actualit\u00e9 de ce mardi 30 septembre 2025 \u00e0 Lyon<\/a><\/p>\n<p><img fetchpriority=\"high\" decoding=\"async\" width=\"1200\" height=\"675\" src=\"https:\/\/www.europesays.com\/fr\/wp-content\/uploads\/2025\/10\/actualite-de-ce-mercredi-1er-octobre-2025.jpg\" alt=\"actualit\u00e9 de ce mercredi 1er octobre 2025 info \u00e0 Lyon\" class=\"wp-image-251650\"  \/>Retrouvez aussi le Quart d\u2019Heure Lyonnais de Lyon Demain sur les antennes de Radio Pluriel (Lyon). Radio Salam (Lyon, Saint-Etienne et Bourg) et Radio Arm\u00e9nie (Lyon et Vienne)<br \/>\nJ\u2019aime \u00e7a\u00a0:<\/p>\n<p>J\u2019aime chargement\u2026<\/p>\n<p><a class=\"sd-link-color\"\/><\/p>\n<p>\n\tArticles similaires\n<\/p>\n<p>\t\t\t\t<img decoding=\"async\" src=\"https:\/\/www.europesays.com\/fr\/wp-content\/uploads\/2025\/10\/7866158698e17e8ed633c05e8f8e7fe5d9e057ad78661c4dc34e413abb6b9f19\" alt=\"G\u00e9rald Bouchon\"\/><\/p>\n<p>Pionnier des radios libres, passionn\u00e9 de radio, journaliste et dirigeant de m\u00e9dias \u00e9co-responsables..<\/p>\n","protected":false},"excerpt":{"rendered":"A la une de l\u2019info \u00e0 Lyon : une explosion en presqu\u2019\u00eele, Municipales 2026: un rapprochement Ecologistes \u2013&hellip;\n","protected":false},"author":2,"featured_media":430801,"comment_status":"","ping_status":"","sticky":false,"template":"","format":"standard","meta":{"footnotes":""},"categories":[1889],"tags":[1111,11,21731,52439,2430,1124,13431,55897,36284,3513,1777,674,3293,1011,27,1310,3539,2428,55898,3434,12,55899,4289,13386,25,1340,10522,46209,208,55900],"class_list":{"0":"post-430800","1":"post","2":"type-post","3":"status-publish","4":"format-standard","5":"has-post-thumbnail","7":"category-lyon","8":"tag-actu","9":"tag-actualites","10":"tag-amiante","11":"tag-arrets-de-travail","12":"tag-auvergne-rhone-alpes","13":"tag-college","14":"tag-cpam","15":"tag-ecole-velo","16":"tag-elections-metropolitaines","17":"tag-escroquerie","18":"tag-eu","19":"tag-europe","20":"tag-exposition","21":"tag-fr","22":"tag-france","23":"tag-incendie","24":"tag-les-ecologistes","25":"tag-lyon","26":"tag-merciere","27":"tag-municipales-2026","28":"tag-news","29":"tag-philippe-bronn","30":"tag-place-publique","31":"tag-region-auvergne-rhone-alpes","32":"tag-republique-francaise","33":"tag-restaurant","34":"tag-subventions","35":"tag-titanic","36":"tag-velo","37":"tag-ville-de-givors"},"share_on_mastodon":{"url":"https:\/\/pubeurope.com\/@fr\/115298249216486071","error":""},"_links":{"self":[{"href":"https:\/\/www.europesays.com\/fr\/wp-json\/wp\/v2\/posts\/430800","targetHints":{"allow":["GET"]}}],"collection":[{"href":"https:\/\/www.europesays.com\/fr\/wp-json\/wp\/v2\/posts"}],"about":[{"href":"https:\/\/www.europesays.com\/fr\/wp-json\/wp\/v2\/types\/post"}],"author":[{"embeddable":true,"href":"https:\/\/www.europesays.com\/fr\/wp-json\/wp\/v2\/users\/2"}],"replies":[{"embeddable":true,"href":"https:\/\/www.europesays.com\/fr\/wp-json\/wp\/v2\/comments?post=430800"}],"version-history":[{"count":0,"href":"https:\/\/www.europesays.com\/fr\/wp-json\/wp\/v2\/posts\/430800\/revisions"}],"wp:featuredmedia":[{"embeddable":true,"href":"https:\/\/www.europesays.com\/fr\/wp-json\/wp\/v2\/media\/430801"}],"wp:attachment":[{"href":"https:\/\/www.europesays.com\/fr\/wp-json\/wp\/v2\/media?parent=430800"}],"wp:term":[{"taxonomy":"category","embeddable":true,"href":"https:\/\/www.europesays.com\/fr\/wp-json\/wp\/v2\/categories?post=430800"},{"taxonomy":"post_tag","embeddable":true,"href":"https:\/\/www.europesays.com\/fr\/wp-json\/wp\/v2\/tags?post=430800"}],"curies":[{"name":"wp","href":"https:\/\/api.w.org\/{rel}","templated":true}]}}