{"id":430816,"date":"2025-10-01T09:48:18","date_gmt":"2025-10-01T09:48:18","guid":{"rendered":"https:\/\/www.europesays.com\/fr\/430816\/"},"modified":"2025-10-01T09:48:18","modified_gmt":"2025-10-01T09:48:18","slug":"etats-unis-des-personnes-detenues-disparaissent","status":"publish","type":"post","link":"https:\/\/www.europesays.com\/fr\/430816\/","title":{"rendered":"\u00c9tats-Unis : des personnes d\u00e9tenues disparaissent"},"content":{"rendered":"<p><a href=\"https:\/\/www.miamiherald.com\/news\/local\/immigration\/article312042943.html\" target=\"_blank\" rel=\"noopener\">Selon le Miami Herald<\/a>, 1\u00a0200 personnes d\u00e9tenues depuis juillet au centre de r\u00e9tention Alligator Alcatraz ont disparu des bases de donn\u00e9es de <a href=\"https:\/\/www.politis.fr\/articles\/2025\/09\/la-cour-supreme-des-etats-unis-legitime-le-controle-au-facies\/\" target=\"_blank\" rel=\"noopener\">l\u2019ICE, la police d\u2019immigration am\u00e9ricaine<\/a>. Parmi elles, 800 ne figurent plus du tout dans les registres publics de l\u2019ICE, et 450 apparaissent sans localisation. Des organisations comme l\u2019Union am\u00e9ricaine pour les libert\u00e9s civiles d\u00e9noncent une \u00ab\u00a0disparition administrative\u00a0\u00bb. Ces personnes deviennent inaccessibles pour leurs familles et leurs avocats, et sont priv\u00e9es d\u2019un droit effectif \u00e0 un proc\u00e8s \u00e9quitable. Les autorit\u00e9s \u00e9voquent des transferts, des expulsions ou des erreurs de mise \u00e0 jour, sans fournir de preuves. Situ\u00e9 dans les mar\u00e9cages de Floride infest\u00e9s d\u2019alligators, le centre de r\u00e9tention de masse est d\u00e9nonc\u00e9 pour ses conditions inhumaines de r\u00e9tention,<br \/>sa gestion opaque et son absence de contr\u00f4le judiciaire.<\/p>\n<p>        <a href=\"https:\/\/www.politis.fr\/boutique\/\" target=\"_blank\" class=\"gt_abonnement\" rel=\"noopener\"><\/p>\n<p>            Recevez Politis chez vous chaque semaine !<\/p>\n<p>    <\/a><\/p>\n","protected":false},"excerpt":{"rendered":"Selon le Miami Herald, 1\u00a0200 personnes d\u00e9tenues depuis juillet au centre de r\u00e9tention Alligator Alcatraz ont disparu des&hellip;\n","protected":false},"author":2,"featured_media":430817,"comment_status":"","ping_status":"","sticky":false,"template":"","format":"standard","meta":{"footnotes":""},"categories":[1589],"tags":[11,73,1866,1251,12,899,1864,1865,1863,308],"class_list":{"0":"post-430816","1":"post","2":"type-post","3":"status-publish","4":"format-standard","5":"has-post-thumbnail","7":"category-etats-unis","8":"tag-actualites","9":"tag-etats-unis","10":"tag-etats-unis-damerique","11":"tag-migrants","12":"tag-news","13":"tag-prisons","14":"tag-united-states","15":"tag-united-states-of-america","16":"tag-us","17":"tag-usa"},"share_on_mastodon":{"url":"https:\/\/pubeurope.com\/@fr\/115298284715734651","error":""},"_links":{"self":[{"href":"https:\/\/www.europesays.com\/fr\/wp-json\/wp\/v2\/posts\/430816","targetHints":{"allow":["GET"]}}],"collection":[{"href":"https:\/\/www.europesays.com\/fr\/wp-json\/wp\/v2\/posts"}],"about":[{"href":"https:\/\/www.europesays.com\/fr\/wp-json\/wp\/v2\/types\/post"}],"author":[{"embeddable":true,"href":"https:\/\/www.europesays.com\/fr\/wp-json\/wp\/v2\/users\/2"}],"replies":[{"embeddable":true,"href":"https:\/\/www.europesays.com\/fr\/wp-json\/wp\/v2\/comments?post=430816"}],"version-history":[{"count":0,"href":"https:\/\/www.europesays.com\/fr\/wp-json\/wp\/v2\/posts\/430816\/revisions"}],"wp:featuredmedia":[{"embeddable":true,"href":"https:\/\/www.europesays.com\/fr\/wp-json\/wp\/v2\/media\/430817"}],"wp:attachment":[{"href":"https:\/\/www.europesays.com\/fr\/wp-json\/wp\/v2\/media?parent=430816"}],"wp:term":[{"taxonomy":"category","embeddable":true,"href":"https:\/\/www.europesays.com\/fr\/wp-json\/wp\/v2\/categories?post=430816"},{"taxonomy":"post_tag","embeddable":true,"href":"https:\/\/www.europesays.com\/fr\/wp-json\/wp\/v2\/tags?post=430816"}],"curies":[{"name":"wp","href":"https:\/\/api.w.org\/{rel}","templated":true}]}}