{"id":430827,"date":"2025-10-01T09:55:18","date_gmt":"2025-10-01T09:55:18","guid":{"rendered":"https:\/\/www.europesays.com\/fr\/430827\/"},"modified":"2025-10-01T09:55:18","modified_gmt":"2025-10-01T09:55:18","slug":"bataille-politique-autour-du-renouvellement-du-bureau-de-lassemblee-nationale","status":"publish","type":"post","link":"https:\/\/www.europesays.com\/fr\/430827\/","title":{"rendered":"Bataille politique autour du renouvellement du Bureau de l\u2019Assembl\u00e9e nationale"},"content":{"rendered":"<p>AA \/ Istanbul \/ Serap Dogansoy<\/p>\n<p>L\u2019Assembl\u00e9e nationale entame ce mercredi le renouvellement de son Bureau, \u00e0 l\u2019exception de sa Pr\u00e9sidence, \u00e9lue pour toute la dur\u00e9e de la l\u00e9gislature. Dans un contexte politique particuli\u00e8rement tendu, cette \u00e9ch\u00e9ance suscite de fortes r\u00e9actions dans l\u2019h\u00e9micycle, tant les postes en jeu sont d\u00e9terminants pour l\u2019\u00e9quilibre interne de l\u2019institution.<\/p>\n<p>&#8211; R\u00e9actions des partis politiques<\/p>\n<p>La pr\u00e9sidente de l\u2019Assembl\u00e9e nationale, Ya\u00ebl Braun-Pivet, a rappel\u00e9 l\u2019importance du respect des r\u00e8gles institutionnelles dans le cadre de ce renouvellement : \u00ab En d\u00e9mocratie, il n\u2019y a pas de r\u00e8gles. \u00c0 l\u2019Assembl\u00e9e nationale, je me bats pour qu\u2019elles soient respect\u00e9es et que l\u2019\u00e9quilibre politique soit garanti. Je ne me bats ni pour le RN ni pour LFI : je me bats pour la d\u00e9mocratie. \u00bb<\/p>\n<p>Une d\u00e9claration imm\u00e9diatement critiqu\u00e9e par Aly Diouara, d\u00e9put\u00e9 LFI, qui a d\u00e9nonc\u00e9 une forme de l\u00e9gitimation de l\u2019extr\u00eame droite : \u00ab Offrir co\u00fbte que co\u00fbte des si\u00e8ges au RN au Bureau de l\u2019Assembl\u00e9e nationale, ce n\u2019est pas d\u00e9fendre la d\u00e9mocratie. C\u2019est normaliser le racisme et la x\u00e9nophobie au c\u0153ur m\u00eame de ce que vous appelez le temple de la d\u00e9mocratie. \u00bb<\/p>\n<p>Le Rassemblement national mise, de son c\u00f4t\u00e9, sur ce renouvellement pour renforcer son influence institutionnelle. Fort de son poids politique dans l\u2019h\u00e9micycle, il revendique une repr\u00e9sentation plus importante au sein du Bureau, notamment aux postes strat\u00e9giques de vice-pr\u00e9sidence ou de questure.<\/p>\n<p>Les formations de gauche (NFP, LFI, PS, \u00c9cologistes, PCF) font part de leurs vives inqui\u00e9tudes face \u00e0 une telle perspective, qu\u2019elles jugent incompatible avec les valeurs r\u00e9publicaines. Elles appellent \u00e0 l\u2019union de leurs forces afin d\u2019emp\u00eacher l\u2019extr\u00eame droite d\u2019acc\u00e9der \u00e0 des responsabilit\u00e9s jug\u00e9es trop sensibles.<\/p>\n<p>Consid\u00e9r\u00e9 comme un arbitre d\u00e9terminant, le groupe LIOT pourrait faire basculer l\u2019issue du scrutin. \u00ab La position du groupe LIOT est claire et unanime : chaque groupe a vocation \u00e0 \u00eatre repr\u00e9sent\u00e9 au sein du Bureau de l\u2019Assembl\u00e9e nationale. Nous faisons le maximum pour conserver Charles de Courson comme rapporteur g\u00e9n\u00e9ral du budget \u00bb, a d\u00e9clar\u00e9 Laurent Panifous.<\/p>\n<p>La majorit\u00e9 pr\u00e9sidentielle (Renaissance et ses alli\u00e9s) se montre, quant \u00e0 elle, soucieuse d\u2019\u00e9viter toute polarisation. Elle plaide pour une r\u00e9partition des postes qui refl\u00e8te l\u2019\u00e9quilibre parlementaire tout en garantissant la stabilit\u00e9 institutionnelle et en pr\u00e9servant les \u00e9quilibres internes de l\u2019Assembl\u00e9e.<\/p>\n<p>&#8211; D\u00e9roulement et calendrier du renouvellement<\/p>\n<p>Le processus d\u00e9bute mercredi 1er octobre avec l\u2019\u00e9lection des autres membres de l\u2019organe dirigeant, \u00e0 commencer par les six vice-pr\u00e9sidents et les trois questeurs, charg\u00e9s notamment de la pr\u00e9sidence des s\u00e9ances ainsi que de la gestion administrative et financi\u00e8re de l\u2019Assembl\u00e9e.<\/p>\n<p>Il se poursuivra jeudi 2 octobre au matin avec l\u2019\u00e9lection des douze secr\u00e9taires, responsables de la tenue des proc\u00e8s-verbaux, du d\u00e9compte des votes et d\u2019autres missions techniques lors des s\u00e9ances.<\/p>\n<p>Enfin, jeudi 2 octobre dans l\u2019apr\u00e8s-midi, les huit commissions permanentes proc\u00e9deront \u00e0 leur tour au renouvellement de leurs bureaux, structures essentielles charg\u00e9es d\u2019examiner les textes l\u00e9gislatifs et de contr\u00f4ler l\u2019action du gouvernement.<\/p>\n<p>Le Bureau de l\u2019Assembl\u00e9e nationale se compose au total de 22 membres : le pr\u00e9sident, six vice-pr\u00e9sidents, trois questeurs et douze secr\u00e9taires. Si le pr\u00e9sident demeure en fonction jusqu\u2019\u00e0 la fin de la l\u00e9gislature, les autres postes sont renouvel\u00e9s chaque ann\u00e9e au d\u00e9but de la session ordinaire.<\/p>\n<p>&#8211; Proc\u00e9dure d\u2019\u00e9lection<\/p>\n<p>\u00c0 l\u2019ouverture de chaque l\u00e9gislature, l\u2019Assembl\u00e9e nationale proc\u00e8de au renouvellement de son Bureau, organe cl\u00e9 charg\u00e9 d\u2019assurer le bon fonctionnement de l\u2019institution et d\u2019en fixer les grandes orientations.<\/p>\n<p>La premi\u00e8re s\u00e9ance est pr\u00e9sid\u00e9e par le doyen d\u2019\u00e2ge des d\u00e9put\u00e9s, assist\u00e9 des six plus jeunes \u00e9lus, qui supervisent l\u2019\u00e9lection du pr\u00e9sident de l\u2019Assembl\u00e9e au scrutin secret. Une majorit\u00e9 absolue est requise aux deux premiers tours, puis une majorit\u00e9 relative suffit au troisi\u00e8me. En cas d\u2019\u00e9galit\u00e9, le candidat le plus \u00e2g\u00e9 est proclam\u00e9 \u00e9lu.<\/p>\n<p>Une fois le pr\u00e9sident choisi, l\u2019Assembl\u00e9e \u00e9lit les autres membres du Bureau : six vice-pr\u00e9sidents, trois questeurs et douze secr\u00e9taires, soit un total de 22 membres. Un syst\u00e8me de r\u00e9partition proportionnelle des postes entre groupes politiques garantit la repr\u00e9sentation de l\u2019ensemble des sensibilit\u00e9s parlementaires, et au moins un poste de questeur revient \u00e0 l\u2019opposition.<\/p>\n<p>&#8211; R\u00f4le et attributions du Bureau<\/p>\n<p>Charg\u00e9 de l\u2019organisation des d\u00e9bats, de la supervision des scrutins et de la direction des services administratifs, le Bureau dispose de larges pr\u00e9rogatives pour garantir la continuit\u00e9 et l\u2019efficacit\u00e9 des travaux parlementaires.<\/p>\n<p>Il supervise l\u2019organisation interne, dirige les services, veille au bon d\u00e9roulement des d\u00e9bats et des scrutins, contr\u00f4le la recevabilit\u00e9 financi\u00e8re des textes et nomme aux plus hauts postes de l\u2019administration parlementaire.<\/p>\n<p>R\u00e9uni en moyenne huit fois par an, il joue un r\u00f4le central dans la vie institutionnelle et politique de l\u2019Assembl\u00e9e nationale, contribuant \u00e0 garantir la r\u00e9gularit\u00e9 et l\u2019efficacit\u00e9 des travaux parlementaires.<\/p>\n<p>\u200b\u200b\u200b\u200b\u200b\u200b\u200b<\/p>\n<p>                            &#13;<br \/>\n                                <a href=\"https:\/\/www.aa.com.tr\/fr\/p\/abonnement\/1001\" target=\"_blank\" style=\"font-size:12px; color:#444; text-decoration:none;\" rel=\"nofollow noopener\">&#13;<br \/>\n                                    Seulement une partie des d\u00e9p\u00eaches, que l&rsquo;Agence Anadolu diffuse \u00e0 ses abonn\u00e9s via le Syst\u00e8me de Diffusion interne (HAS), est diffus\u00e9e sur le site de l&rsquo;AA, de mani\u00e8re r\u00e9sum\u00e9e. <b style=\"color:#1897F7\">Contactez-nous s&rsquo;il vous pla\u00eet pour vous abonner.<\/b>&#13;<br \/>\n                                <\/a>&#13;<\/p>\n","protected":false},"excerpt":{"rendered":"AA \/ Istanbul \/ Serap Dogansoy L\u2019Assembl\u00e9e nationale entame ce mercredi le renouvellement de son Bureau, \u00e0 l\u2019exception&hellip;\n","protected":false},"author":2,"featured_media":430828,"comment_status":"","ping_status":"","sticky":false,"template":"","format":"standard","meta":{"footnotes":""},"categories":[4],"tags":[11,1785,12544,7756,2339,1011,27,55901,55902,780,12,25,2848,55903],"class_list":{"0":"post-430827","1":"post","2":"type-post","3":"status-publish","4":"format-standard","5":"has-post-thumbnail","7":"category-france","8":"tag-actualites","9":"tag-anadolu-ajansi","10":"tag-bureau","11":"tag-democratie","12":"tag-ecologistes","13":"tag-fr","14":"tag-france","15":"tag-groupe-liot","16":"tag-lassemble-nationale-franaise","17":"tag-lfi","18":"tag-news","19":"tag-republique-francaise","20":"tag-rn","21":"tag-yal-braun-pivet"},"share_on_mastodon":{"url":"https:\/\/pubeurope.com\/@fr\/115298312022495987","error":""},"_links":{"self":[{"href":"https:\/\/www.europesays.com\/fr\/wp-json\/wp\/v2\/posts\/430827","targetHints":{"allow":["GET"]}}],"collection":[{"href":"https:\/\/www.europesays.com\/fr\/wp-json\/wp\/v2\/posts"}],"about":[{"href":"https:\/\/www.europesays.com\/fr\/wp-json\/wp\/v2\/types\/post"}],"author":[{"embeddable":true,"href":"https:\/\/www.europesays.com\/fr\/wp-json\/wp\/v2\/users\/2"}],"replies":[{"embeddable":true,"href":"https:\/\/www.europesays.com\/fr\/wp-json\/wp\/v2\/comments?post=430827"}],"version-history":[{"count":0,"href":"https:\/\/www.europesays.com\/fr\/wp-json\/wp\/v2\/posts\/430827\/revisions"}],"wp:featuredmedia":[{"embeddable":true,"href":"https:\/\/www.europesays.com\/fr\/wp-json\/wp\/v2\/media\/430828"}],"wp:attachment":[{"href":"https:\/\/www.europesays.com\/fr\/wp-json\/wp\/v2\/media?parent=430827"}],"wp:term":[{"taxonomy":"category","embeddable":true,"href":"https:\/\/www.europesays.com\/fr\/wp-json\/wp\/v2\/categories?post=430827"},{"taxonomy":"post_tag","embeddable":true,"href":"https:\/\/www.europesays.com\/fr\/wp-json\/wp\/v2\/tags?post=430827"}],"curies":[{"name":"wp","href":"https:\/\/api.w.org\/{rel}","templated":true}]}}