{"id":430837,"date":"2025-10-01T10:02:12","date_gmt":"2025-10-01T10:02:12","guid":{"rendered":"https:\/\/www.europesays.com\/fr\/430837\/"},"modified":"2025-10-01T10:02:12","modified_gmt":"2025-10-01T10:02:12","slug":"video-f1-la-camera-embarquee-dans-la-haas-de-grosjean-qui-reve-detre-titulaire","status":"publish","type":"post","link":"https:\/\/www.europesays.com\/fr\/430837\/","title":{"rendered":"Vid\u00e9o. F1 La cam\u00e9ra embarqu\u00e9e dans la Haas de Grosjean, qui r\u00eave d&rsquo;\u00eatre titulaire !"},"content":{"rendered":"<p>Le moment \u00e9tait unique en son genre, pour les fans de F1 mais surtout, pour Romain Grosjean. Pr\u00e8s de 5 ans apr\u00e8s son grave accident qui l\u2019avait vu sortir, presque miraculeusement, de sa voiture en feu, le tricolore a remis \u00e7a. Et alors que se come-back \u00e9tait suppos\u00e9 se faire avec Mercedes, c\u2019est finalement dans la Haas que l\u2019int\u00e9ress\u00e9 a eu cette opportunit\u00e9, de finir le chapitre la t\u00eate haute.<\/p>\n<p>F1 : Grosjean, rempla\u00e7ant d\u00e9sign\u00e9 de Bearman, le cas \u00e9ch\u00e9ant ?<\/p>\n<p>Une exp\u00e9rience exceptionnelle, qui lui a d\u2019ailleurs donn\u00e9 des envies de retour, en tant que titulaire. Bien qu\u2019il soit conscient que les opportunit\u00e9s de baquet soient limit\u00e9es. Et surtout, qu\u2019apr\u00e8s une telle p\u00e9riode d\u2019absence, retrouver un volant de titulaire est quasi-impossible. Mais qui sait, \u00e0 l\u2019aide de son ami Komatsu, patron de l\u2019\u00e9quipe, une opportunit\u00e9 (une pige ?) aura peut-\u00eatre lieu. Sachant qu\u2019<a href=\"https:\/\/lemagsportauto.ouest-france.fr\/tag\/oliver-bearman\/\" target=\"_blank\" rel=\"noopener\">Oliver Bearman<\/a>, en cas de nouvelle infraction, sera mis \u00e0 pied\u2026<\/p>\n<blockquote class=\"twitter-tweet\" data-media-max-width=\"560\">\n<p dir=\"ltr\" lang=\"en\">A very special guard of honor to end Romain\u2019s day \u2764\ufe0f<\/p>\n<p>Thank you <a href=\"https:\/\/twitter.com\/ScuderiaFerrari?ref_src=twsrc%5Etfw\" target=\"_blank\" rel=\"noopener\">@ScuderiaFerrari<\/a>, <a href=\"https:\/\/twitter.com\/pirellisport?ref_src=twsrc%5Etfw\" target=\"_blank\" rel=\"noopener\">@pirellisport<\/a> &amp; <a href=\"https:\/\/twitter.com\/redbullracing?ref_src=twsrc%5Etfw\" target=\"_blank\" rel=\"noopener\">@redbullracing<\/a>. This is F1 at its finest \ud83d\udc4c\ud83d\ude0d<a href=\"https:\/\/twitter.com\/hashtag\/HaasF1?src=hash&amp;ref_src=twsrc%5Etfw\" target=\"_blank\" rel=\"noopener\">#HaasF1<\/a> <a href=\"https:\/\/twitter.com\/hashtag\/F1?src=hash&amp;ref_src=twsrc%5Etfw\" target=\"_blank\" rel=\"noopener\">#F1<\/a> <a href=\"https:\/\/t.co\/jUZi2hYPFN\">pic.twitter.com\/jUZi2hYPFN<\/a><\/p>\n<p>\u2014 MoneyGram Haas F1 Team (@HaasF1Team) <a href=\"https:\/\/twitter.com\/HaasF1Team\/status\/1971594628379160949?ref_src=twsrc%5Etfw\" target=\"_blank\" rel=\"noopener\">September 26, 2025<\/a><\/p>\n<\/blockquote>\n<p>Article publi\u00e9 le 01\/10\/2025 \u00e0 11h54<\/p>\n<p>                                                            <script async src=\"https:\/\/platform.twitter.com\/widgets.js\" charset=\"utf-8\"><\/script><\/p>\n","protected":false},"excerpt":{"rendered":"Le moment \u00e9tait unique en son genre, pour les fans de F1 mais surtout, pour Romain Grosjean. Pr\u00e8s&hellip;\n","protected":false},"author":2,"featured_media":430838,"comment_status":"","ping_status":"","sticky":false,"template":"","format":"standard","meta":{"footnotes":""},"categories":[1412],"tags":[1451,1452,1453,1454,1455,1011,27,4443,32234,60],"class_list":{"0":"post-430837","1":"post","2":"type-post","3":"status-publish","4":"format-standard","5":"has-post-thumbnail","7":"category-f1","8":"tag-f1","9":"tag-formula-1","10":"tag-formula1","11":"tag-formule-1","12":"tag-formule1","13":"tag-fr","14":"tag-france","15":"tag-haas","16":"tag-romain-grosjean","17":"tag-sports"},"share_on_mastodon":{"url":"https:\/\/pubeurope.com\/@fr\/115298339691170394","error":""},"_links":{"self":[{"href":"https:\/\/www.europesays.com\/fr\/wp-json\/wp\/v2\/posts\/430837","targetHints":{"allow":["GET"]}}],"collection":[{"href":"https:\/\/www.europesays.com\/fr\/wp-json\/wp\/v2\/posts"}],"about":[{"href":"https:\/\/www.europesays.com\/fr\/wp-json\/wp\/v2\/types\/post"}],"author":[{"embeddable":true,"href":"https:\/\/www.europesays.com\/fr\/wp-json\/wp\/v2\/users\/2"}],"replies":[{"embeddable":true,"href":"https:\/\/www.europesays.com\/fr\/wp-json\/wp\/v2\/comments?post=430837"}],"version-history":[{"count":0,"href":"https:\/\/www.europesays.com\/fr\/wp-json\/wp\/v2\/posts\/430837\/revisions"}],"wp:featuredmedia":[{"embeddable":true,"href":"https:\/\/www.europesays.com\/fr\/wp-json\/wp\/v2\/media\/430838"}],"wp:attachment":[{"href":"https:\/\/www.europesays.com\/fr\/wp-json\/wp\/v2\/media?parent=430837"}],"wp:term":[{"taxonomy":"category","embeddable":true,"href":"https:\/\/www.europesays.com\/fr\/wp-json\/wp\/v2\/categories?post=430837"},{"taxonomy":"post_tag","embeddable":true,"href":"https:\/\/www.europesays.com\/fr\/wp-json\/wp\/v2\/tags?post=430837"}],"curies":[{"name":"wp","href":"https:\/\/api.w.org\/{rel}","templated":true}]}}