{"id":430843,"date":"2025-10-01T10:05:11","date_gmt":"2025-10-01T10:05:11","guid":{"rendered":"https:\/\/www.europesays.com\/fr\/430843\/"},"modified":"2025-10-01T10:05:11","modified_gmt":"2025-10-01T10:05:11","slug":"pour-sadeck-berrabah-partager-la-scene-avec-des-femmes-qui-se-battent-contre-la-maladie-cest-beaucoup-demotions","status":"publish","type":"post","link":"https:\/\/www.europesays.com\/fr\/430843\/","title":{"rendered":"Pour Sadeck Berrabah, \u00ab\u00a0partager la sc\u00e8ne avec des femmes qui se battent contre la maladie, c\u2019est beaucoup d\u2019\u00e9motions\u00a0\u00bb"},"content":{"rendered":"<p>La vie en rose. Apr\u00e8s avoir conquis les Z\u00e9nith, Sadeck Berrabah va revenir sur sc\u00e8ne avec \u00ab\u00a0Murmuration\u00a0level 2\u00a0\u00bb*. Avant cet \u00e9v\u00e9nement, le chor\u00e9graphe qui collabore avec les stars et les grandes marques est derri\u00e8re le clip la derni\u00e8re campagne de l\u2019<a href=\"https:\/\/www.cancerdusein.org\/\" rel=\"nofollow noopener\" target=\"_blank\" class=\"c-link c-link--is-underlined\">association Ruban rose<\/a>, qui lutte contre le <a href=\"https:\/\/www.20minutes.fr\/dossier\/cancer_du_sein\" class=\"c-link c-link--is-underlined\" target=\"_blank\" rel=\"noopener\">cancer du sein<\/a>. Pour 20 Minutes, le natif de Forbach (Moselle) revient sur son engagement \u00e0 l\u2019occasion d\u2019<a href=\"https:\/\/www.20minutes.fr\/sante\/octobre-rose\/\" class=\"c-link c-link--is-underlined\" target=\"_blank\" rel=\"noopener\">Octobre Rose<\/a>**, sur son parcours et son art.<\/p>\n<p>Comment en \u00eates-vous venu \u00e0 participer \u00e0 la campagne de Ruban rose, lanc\u00e9e ce mercredi\u00a0?<\/p>\n<p>Tout est parti des <a href=\"https:\/\/www.20minutes.fr\/dossier\/reseaux_sociaux\" class=\"c-link c-link--is-underlined\" target=\"_blank\" rel=\"noopener\">r\u00e9seaux sociaux<\/a>. A chaque fois que j\u2019ai une nouvelle id\u00e9e, je la partage. Les marques et les clients voient sur les r\u00e9seaux ce qu\u2019ils veulent. Quand j\u2019ai post\u00e9 \u00ab\u00a0Les parapluies\u00a0\u00bb, Ruban rose a aim\u00e9 le concept. J\u2019ai accept\u00e9 tout de suite de collaborer avec eux. Le cancer est un sujet qui me touche, j\u2019ai un ami tr\u00e8s proche qui en est d\u00e9c\u00e9d\u00e9. Aussi, l\u2019id\u00e9e de partager la sc\u00e8ne avec des femmes qui se battent contre la maladie, c\u2019est beaucoup d\u2019\u00e9motions.<\/p>\n<p>Pourquoi \u00ab\u00a0Les parapluies\u00a0\u00bb\u00a0?<\/p>\n<p>Le parapluie, c\u2019est la protection. Il y a tout un message derri\u00e8re ce tableau dans lequel participent 90\u00a0% de femmes, des personnes qui viennent de tous les horizons, de toutes les couleurs et de toutes les religions. Dans \u00ab\u00a0Les parapluies\u00a0\u00bb, c\u2019est l\u2019humain avant tout. On y partage un m\u00eame combat.<\/p>\n<p>Lundi dernier, vous avez offert une prestation incroyable \u00e0 la c\u00e9r\u00e9monie du Ballon d\u2019or. Racontez-nous\u2026<\/p>\n<p>Les \u00e9quipes du <a href=\"https:\/\/www.20minutes.fr\/sport\/ballon_d_or-1\/\" class=\"c-link c-link--is-underlined\" target=\"_blank\" rel=\"noopener\">Ballon d\u2019or<\/a> m\u2019ont contact\u00e9 par le biais, l\u00e0 encore, des r\u00e9seaux sociaux. J\u2019\u00e9tais emball\u00e9, c\u2019est un \u00e9v\u00e9nement populaire. J\u2019avais envoy\u00e9 une vid\u00e9o que les danseurs connaissaient d\u00e9j\u00e0, puis d\u2019autres \u00e9chantillons. Je rigole souvent de cela, mais la cr\u00e9ation de la chor\u00e9graphie s\u2019est faite le matin m\u00eame de la c\u00e9r\u00e9monie.<\/p>\n<p>Ce tableau, un avant-go\u00fbt de votre show \u00ab\u00a0Murmuration level 2\u00a0\u00bb \u00e0 Marigny\u00a0?<\/p>\n<p>Oui, il y a des \u00e9l\u00e9ments que je vais r\u00e9cup\u00e9rer de cette prestation au Ballon d\u2019or, comme les vestes. C\u2019\u00e9tait un show de deux minutes, donc il va y avoir des choses qui vont \u00eatre d\u00e9velopp\u00e9es. Vous avez eu une version \u00e0 trente danseurs, alors que pour le prochain show, il y en aura quarante-six. Il y aura aussi davantage de lignes, ce sera encore plus impressionnant.<\/p>\n<p>On tournera autour du m\u00eame sujet, \u00e0 savoir que \u00ab\u00a0Murmuration\u00a0\u00bb est un concept rassemblant mes influences et mes passions\u00a0: le dessin, la peinture, les perspectives, les arts martiaux, la danse, les math\u00e9matiques\u2026 J\u2019ai voulu aussi faire r\u00e9f\u00e9rence \u00e0 la nature dans le son, et j\u2019ai beaucoup travaill\u00e9 l\u00e0-dessus avec mon fr\u00e8re.<\/p>\n<p>Justement, comment avez-vous collabor\u00e9 avec TRex [Adel], votre fr\u00e8re\u00a0?<\/p>\n<p>On travaille ensemble depuis la cr\u00e9ation de \u00ab\u00a0Murmuration\u00a0\u00bb, qui \u00e9tait, \u00e0 l\u2019origine, juste une vid\u00e9o, qui a tr\u00e8s vite explos\u00e9 en nombre de vues sur les r\u00e9seaux sociaux. Notre processus cr\u00e9atif est le suivant\u00a0: je lui envoie mes vid\u00e9os et lui va retravailler le son par rapport \u00e0 ces vid\u00e9os. Il va m\u2019envoyer des \u00e9chantillons musicaux, que je vais valider ou non. On va se mettre d\u2019accord l\u00e0-dessus. Puis, je vais cr\u00e9er ma chor\u00e9graphie et, lui, en parall\u00e8le, le son. Au d\u00e9but, je dessinais mes chor\u00e9graphies, mais aujourd\u2019hui, le concept est int\u00e9gr\u00e9. Mon fr\u00e8re conna\u00eet bien mon univers.<\/p>\n<p>A quoi doit s\u2019attendre le public pour ce \u00ab\u00a0Level 2\u00a0\u00bb\u00a0?<\/p>\n<p>Le \u00ab\u00a0Level 1\u00a0\u00bb a \u00e9t\u00e9 cr\u00e9\u00e9 en dix-huit jours, avec quarante-six danseurs. C\u2019\u00e9tait juste extraordinaire. Il y a tout un tas de choses que j\u2019ai d\u00fb simplifier. Le \u00ab\u00a0Level 2\u00a0\u00bb est une am\u00e9lioration des tableaux qui existent d\u00e9j\u00e0, que j\u2019ai complexifi\u00e9, en changeant ou acc\u00e9l\u00e9rant la musique par exemple. J\u2019ai aussi cr\u00e9\u00e9 des nouveaux tableaux, dont un avec des ombrelles, dont je suis assez fier.<\/p>\n<p>Revenons sur votre parcours, depuis votre naissance \u00e0 Forbach, en Moselle\u2026<\/p>\n<p>J\u2019\u00e9tais le cancre du fond de la classe, tout le temps \u00e0 \u00eatre dans les nuages. J\u2019\u00e9tais dans l\u2019imaginaire, avec un c\u00f4t\u00e9 po\u00e9tique. Je dessinais beaucoup. Je s\u00e9chais aussi les cours pour aller en for\u00eat. J\u2019ai toujours eu aussi un contact avec la nature. J\u2019ai baign\u00e9 dans le <a href=\"https:\/\/www.20minutes.fr\/dossier\/hip-hop\" class=\"c-link c-link--is-underlined\" target=\"_blank\" rel=\"noopener\">hip-hop<\/a>, un univers davantage underground, que j\u2019ai mis \u00e0 ma sauce dans mes tableaux.<\/p>\n<p>A mes 18 ans, j\u2019ai v\u00e9cu un petit moment \u00e0 la rue. Mes parents ne savaient pas quoi faire de moi. J\u2019habitais alors Forbach, et ma nouvelle vie \u00e0 commencer \u00e0 Montpellier, en\u00a02014. J\u2019ai commenc\u00e9 un CAP dans la ma\u00e7onnerie, que j\u2019ai arr\u00eat\u00e9. Mais la danse a toujours \u00e9t\u00e9 l\u00e0, jusqu\u2019au moment de poster les premi\u00e8res vid\u00e9os sur les r\u00e9seaux sociaux\u2026<\/p>\n<p>Le style \u00ab\u00a0Berrabah\u00a0\u00bb est n\u00e9 \u00e0 ce moment-l\u00e0\u2026<\/p>\n<p>Dans ces vid\u00e9os, je voulais en effet mettre ma patte, de la po\u00e9sie, de la connexion entre les corps, avec ce concept de g\u00e9om\u00e9trie, de lignes du corps, en noir et blanc. Musicalement, j\u2019avais opt\u00e9 pour une musique hypnotisante. Le concept \u00e9tait l\u00e0, puis je l\u2019ai d\u00e9velopp\u00e9 en duo, trio, quatuor, notamment avec ma fille a\u00een\u00e9e, avec qui j\u2019ai fait \u00ab\u00a0<a href=\"https:\/\/www.20minutes.fr\/dossier\/la_france_a_un_incroyable_talent\" class=\"c-link c-link--is-underlined\" target=\"_blank\" rel=\"noopener\">La France a un incroyable talent<\/a>\u00a0\u00bb.<\/p>\n<p>J\u2019ai eu envie de multiplier le nombre de danseurs. Puis est venu cet effet de vague dans mes tableaux, sur des musiques riches en \u00e9motion. J\u2019ai \u00e9t\u00e9 contact\u00e9 par des stars et des grandes marques, sans oublier les <a href=\"https:\/\/www.20minutes.fr\/sport\/jo\/\" class=\"c-link c-link--is-underlined\" target=\"_blank\" rel=\"noopener\">JO<\/a> de Paris, o\u00f9 mes tableaux ont \u00e9t\u00e9 vus mondialement.<\/p>\n<p><\/p>\n<p>Avez-vous d\u00e9j\u00e0 pens\u00e9 \u00e0 \u00ab\u00a0Murmuration level 3\u00a0\u00bb\u00a0?<\/p>\n<p>Le \u00ab\u00a0level 2\u00a0\u00bb n\u2019a pas fini de se d\u00e9velopper, mais je ne pense pas qu\u2019il y aura de \u00ab\u00a0level 3\u00a0\u00bb. Je passerai directement \u00e0 un autre spectacle, si je dois en faire, un jour.<\/p>\n","protected":false},"excerpt":{"rendered":"La vie en rose. Apr\u00e8s avoir conquis les Z\u00e9nith, Sadeck Berrabah va revenir sur sc\u00e8ne avec \u00ab\u00a0Murmuration\u00a0level 2\u00a0\u00bb*.&hellip;\n","protected":false},"author":2,"featured_media":430844,"comment_status":"","ping_status":"","sticky":false,"template":"","format":"standard","meta":{"footnotes":""},"categories":[1359],"tags":[2776,251,5972,58,59,1011,27,3996,973,3140],"class_list":{"0":"post-430843","1":"post","2":"type-post","3":"status-publish","4":"format-standard","5":"has-post-thumbnail","7":"category-people","8":"tag-cancer-du-sein","9":"tag-culture","10":"tag-danse","11":"tag-divertissement","12":"tag-entertainment","13":"tag-fr","14":"tag-france","15":"tag-jeux-olympiques","16":"tag-people","17":"tag-spectacle"},"share_on_mastodon":{"url":"https:\/\/pubeurope.com\/@fr\/115298351430166094","error":""},"_links":{"self":[{"href":"https:\/\/www.europesays.com\/fr\/wp-json\/wp\/v2\/posts\/430843","targetHints":{"allow":["GET"]}}],"collection":[{"href":"https:\/\/www.europesays.com\/fr\/wp-json\/wp\/v2\/posts"}],"about":[{"href":"https:\/\/www.europesays.com\/fr\/wp-json\/wp\/v2\/types\/post"}],"author":[{"embeddable":true,"href":"https:\/\/www.europesays.com\/fr\/wp-json\/wp\/v2\/users\/2"}],"replies":[{"embeddable":true,"href":"https:\/\/www.europesays.com\/fr\/wp-json\/wp\/v2\/comments?post=430843"}],"version-history":[{"count":0,"href":"https:\/\/www.europesays.com\/fr\/wp-json\/wp\/v2\/posts\/430843\/revisions"}],"wp:featuredmedia":[{"embeddable":true,"href":"https:\/\/www.europesays.com\/fr\/wp-json\/wp\/v2\/media\/430844"}],"wp:attachment":[{"href":"https:\/\/www.europesays.com\/fr\/wp-json\/wp\/v2\/media?parent=430843"}],"wp:term":[{"taxonomy":"category","embeddable":true,"href":"https:\/\/www.europesays.com\/fr\/wp-json\/wp\/v2\/categories?post=430843"},{"taxonomy":"post_tag","embeddable":true,"href":"https:\/\/www.europesays.com\/fr\/wp-json\/wp\/v2\/tags?post=430843"}],"curies":[{"name":"wp","href":"https:\/\/api.w.org\/{rel}","templated":true}]}}