{"id":430847,"date":"2025-10-01T10:07:11","date_gmt":"2025-10-01T10:07:11","guid":{"rendered":"https:\/\/www.europesays.com\/fr\/430847\/"},"modified":"2025-10-01T10:07:11","modified_gmt":"2025-10-01T10:07:11","slug":"le-palmares-des-prix-litteraires-des-rendez-vous-de-lhistoire-de-blois-2025","status":"publish","type":"post","link":"https:\/\/www.europesays.com\/fr\/430847\/","title":{"rendered":"Le palmar\u00e8s des prix litt\u00e9raires des Rendez-vous de l\u2019histoire de Blois 2025"},"content":{"rendered":"<p>Le jury des Rendez-vous de l\u2019histoire a d\u00e9voil\u00e9 le palmar\u00e8s de sa 28e \u00e9dition, qui se tiendra du 8 au 12 octobre 2025 \u00e0 Blois. Sept prix litt\u00e9raires distinguent cette ann\u00e9e des ouvrages d\u2019histoire, de fiction et de bande dessin\u00e9e.<\/p>\n<p>Palmar\u00e8s\u00a02025 des Rendez-vous de l\u2019histoire de Blois :\u00a0<\/p>\n<ul>\n<li>Le Grand prix des Rendez-vous de l\u2019Histoire a \u00e9t\u00e9 d\u00e9cern\u00e9 aux historiens <strong>Alain Blum<\/strong> et <strong>Emilia Koustova<\/strong> pour D\u00e9port\u00e9s pour l\u2019\u00e9ternit\u00e9. Survivre \u00e0 l\u2019exil stalinien, 1939-1991 (\u00c9ditions EHESS-INED). L\u2019ouvrage retrace le destin de millions de citoyens sovi\u00e9tiques d\u00e9port\u00e9s apr\u00e8s l\u2019annexion par l\u2019URSS des pays d\u2019Europe orientale. Les auteurs d\u00e9crivent les conditions de vie en exil tout en analysant les m\u00e9canismes r\u00e9pressifs \u00e0 l\u2019origine de ces d\u00e9portations de masse et les parcours des victimes confront\u00e9es \u00e0 cette trag\u00e9die.<br \/>\u00a0<\/li>\n<li>Le prix Augustin-Thierry a \u00e9t\u00e9 attribu\u00e9 \u00e0 <strong>Johann Chapoutot<\/strong> pour Les Irresponsables. Qui a port\u00e9 Hitler au pouvoir ? (Gallimard, NRF Essais). Historien sp\u00e9cialiste de l\u2019Allemagne, des fascismes et du nazisme, il analyse les m\u00e9canismes politiques qui ont permis \u00e0 l\u2019extr\u00eame droite d\u2019acc\u00e9der au pouvoir dans la R\u00e9publique de Weimar. L\u2019ouvrage met en lumi\u00e8re le r\u00f4le d\u2019un \u00ab consortium lib\u00e9ral-autoritaire \u00bb \u2013 partis conservateurs et lib\u00e9raux, r\u00e9seaux d\u2019affaires, m\u00e9dias et \u00e9lites administratives \u2013 qui, affaibli par la perte de sa base \u00e9lectorale, choisit de pactiser avec l\u2019extr\u00eame droite. L\u2019essai a rencontr\u00e9 un grand succ\u00e8s avec 45 565 exemplaires vendus (donn\u00e9es GFK).<br \/>\u00a0<\/li>\n<li>Le prix du Roman historique a \u00e9t\u00e9 d\u00e9cern\u00e9 \u00e0 <strong>Ad\u00e9la\u00efde de Clermont-Tonnerre<\/strong> pour Je voulais vivre (Grasset). Journaliste et romanci\u00e8re, l\u2019autrice redonne vie \u00e0 Milady, personnage mythique des Trois Mousquetaires d\u2019Alexandre Dumas. Alternant t\u00e9moignages et \u00e9poques, elle dresse un portrait complexe de cette figure f\u00e9minine et plonge le lecteur au c\u0153ur des intrigues politiques et amoureuses du XVII\u1d49 si\u00e8cle. L\u2019ouvrage, d\u00e9j\u00e0 r\u00e9compens\u00e9 par <a href=\"https:\/\/www.livreshebdo.fr\/thematiques\/prix-la-foret-des-livres-chez-gonzague-saint-bris#:~:text=Provisoirement%20intitul%C3%A9%20prix%20des%20%C3%89crivains,Je%20voulais%20vivre%20(Grasset).\" target=\"_blank\" rel=\"noopener\">le prix de La For\u00eat des Livres<\/a>, fond\u00e9e par Gonzague Saint Bris\u00a0et le<a href=\"https:\/\/www.livreshebdo.fr\/article\/adelaide-de-clermont-tonnerre-et-rudy-ricciotti-laureats-du-prix-du-titre-2025\" target=\"_blank\" rel=\"noopener\"> prix du Titre 2025<\/a>, s\u2019est vendu \u00e0 13 426 exemplaires.<br \/>\u00a0<\/li>\n<li>Le prix du Noir de l\u2019Histoire a \u00e9t\u00e9 attribu\u00e9 \u00e0 <strong>David Hury<\/strong> pour Beyrouth Forever (Liana Levi). Journaliste, photographe et \u00e9crivain, David Hury plonge le lecteur dans une enqu\u00eate haletante \u00e0 Beyrouth, en septembre 2023. L\u2019inspecteur Marwan Khalil et son adjointe Ibtissam Abou Zeid enqu\u00eatent sur le meurtre d\u2019Aim\u00e9e Asmar, historienne de renom, retrouv\u00e9e assassin\u00e9e chez elle. La disparition de l\u2019unique exemplaire de son manuel sur l\u2019histoire du Liban oriente rapidement les investigations et sugg\u00e8re un mobile au crime.<br \/>\u00a0<\/li>\n<li>En bande dessin\u00e9e, le prix BD des Rendez-vous de l\u2019Histoire \u2013 Ch\u00e2teau de Cheverny a \u00e9t\u00e9 d\u00e9cern\u00e9 \u00e0 <strong>Guy Delisle<\/strong> pour Pour une fraction de seconde (Delcourt). L\u2019album raconte l\u2019histoire d\u2019<strong>Eadweard Muybridge<\/strong>, jeune Anglais arriv\u00e9 en Californie en 1855, passionn\u00e9 par la photographie naissante. Soutenu par l\u2019homme le plus riche des \u00c9tats-Unis, il r\u00e9alise l\u2019exploit in\u00e9dit de fixer sur pellicule la course d\u2019un cheval au galop. L\u2019ouvrage s\u2019est vendu \u00e0 33 117 exemplaires.<br \/>\u00a0<\/li>\n<li>Le prix lyc\u00e9en du livre d\u2019histoire a \u00e9t\u00e9 remis \u00e0 <strong>Sarah Gruszka<\/strong> pour Le Si\u00e8ge de Leningrad. Septembre 1941-Janvier 1944 (Tallandier). Ce r\u00e9cit retrace les 900 jours du si\u00e8ge de Leningrad par les forces allemandes et leurs alli\u00e9s pendant la Seconde Guerre mondiale, ayant caus\u00e9 pr\u00e8s de deux millions de morts, dont plus de la moiti\u00e9 \u00e9taient des civils. Entre la barbarie nazie et la r\u00e9pression stalinienne, les habitants ont affront\u00e9 la famine, la soif, l\u2019obscurit\u00e9 et l\u2019isolement, offrant un t\u00e9moignage poignant de leur r\u00e9sistance.<\/li>\n<\/ul>\n<p>\u00a0<\/p>\n<p>Enfin, le prix du Roman historique Jeunesse distingue plusieurs laur\u00e9ats selon les niveaux scolaires :<\/p>\n<ul>\n<li>\n<p><strong>Florence Medina<\/strong> pour La Tour de Jeanne (Poulpe Fictions, CM2\/6\u1d49)<\/p>\n<\/li>\n<li>\n<p><strong>Xavier-Laurent Petit<\/strong> pour Tout va bien (L\u2019\u00c9cole des loisirs, 5\u1d49\/4\u1d49)<\/p>\n<\/li>\n<li>\n<p><strong>R\u00e9gis Delpeuch<\/strong> (Les 4051 de Pitchipo\u00ef, Scrineo) et <strong>Pascal Ruter<\/strong> (Les Papillons bleus. 1940-1942, Didier Jeunesse) pour la s\u00e9lection 3\u1d49\/2nde<\/p>\n<\/li>\n<\/ul>\n<p>\u00a0<\/p>\n<p>Cr\u00e9\u00e9s en 1998, les Rendez-vous de l\u2019histoire sont l\u2019un des grands festivals fran\u00e7ais consacr\u00e9s au pass\u00e9 sous toutes ses formes. Cette 28\u1d49 \u00e9dition, plac\u00e9e sous le th\u00e8me \u00ab La France ? \u00bb, accueillera historiens, \u00e9crivains et grand public autour de d\u00e9bats, expositions, projections et du Salon du livre, pr\u00e9sid\u00e9 cette ann\u00e9e par <strong>Emmanuel Carr\u00e8re<\/strong>.<\/p>\n","protected":false},"excerpt":{"rendered":"Le jury des Rendez-vous de l\u2019histoire a d\u00e9voil\u00e9 le palmar\u00e8s de sa 28e \u00e9dition, qui se tiendra du&hellip;\n","protected":false},"author":2,"featured_media":430848,"comment_status":"","ping_status":"","sticky":false,"template":"","format":"standard","meta":{"footnotes":""},"categories":[1357],"tags":[1379,58,59,1011,27,1380],"class_list":{"0":"post-430847","1":"post","2":"type-post","3":"status-publish","4":"format-standard","5":"has-post-thumbnail","7":"category-livres","8":"tag-books","9":"tag-divertissement","10":"tag-entertainment","11":"tag-fr","12":"tag-france","13":"tag-livres"},"share_on_mastodon":{"url":"https:\/\/pubeurope.com\/@fr\/115298359455600529","error":""},"_links":{"self":[{"href":"https:\/\/www.europesays.com\/fr\/wp-json\/wp\/v2\/posts\/430847","targetHints":{"allow":["GET"]}}],"collection":[{"href":"https:\/\/www.europesays.com\/fr\/wp-json\/wp\/v2\/posts"}],"about":[{"href":"https:\/\/www.europesays.com\/fr\/wp-json\/wp\/v2\/types\/post"}],"author":[{"embeddable":true,"href":"https:\/\/www.europesays.com\/fr\/wp-json\/wp\/v2\/users\/2"}],"replies":[{"embeddable":true,"href":"https:\/\/www.europesays.com\/fr\/wp-json\/wp\/v2\/comments?post=430847"}],"version-history":[{"count":0,"href":"https:\/\/www.europesays.com\/fr\/wp-json\/wp\/v2\/posts\/430847\/revisions"}],"wp:featuredmedia":[{"embeddable":true,"href":"https:\/\/www.europesays.com\/fr\/wp-json\/wp\/v2\/media\/430848"}],"wp:attachment":[{"href":"https:\/\/www.europesays.com\/fr\/wp-json\/wp\/v2\/media?parent=430847"}],"wp:term":[{"taxonomy":"category","embeddable":true,"href":"https:\/\/www.europesays.com\/fr\/wp-json\/wp\/v2\/categories?post=430847"},{"taxonomy":"post_tag","embeddable":true,"href":"https:\/\/www.europesays.com\/fr\/wp-json\/wp\/v2\/tags?post=430847"}],"curies":[{"name":"wp","href":"https:\/\/api.w.org\/{rel}","templated":true}]}}