{"id":430851,"date":"2025-10-01T10:09:12","date_gmt":"2025-10-01T10:09:12","guid":{"rendered":"https:\/\/www.europesays.com\/fr\/430851\/"},"modified":"2025-10-01T10:09:12","modified_gmt":"2025-10-01T10:09:12","slug":"une-chance-sur-mille-de-ne-pas-mourir-kendji-girac-raconte-son-parcours-hors-norme-dans-une-autobiographie","status":"publish","type":"post","link":"https:\/\/www.europesays.com\/fr\/430851\/","title":{"rendered":"\u00ab\u00a0Une chance sur mille de ne pas mourir\u00a0\u00bb\u2026 Kendji Girac raconte son parcours hors norme dans une autobiographie"},"content":{"rendered":"<p>Sortir une <a href=\"https:\/\/www.20minutes.fr\/dossier\/autobiographie\" class=\"c-link c-link--is-underlined\" target=\"_blank\" rel=\"noopener\">autobiographie<\/a> \u00e0 29 ans peut para\u00eetre pr\u00e9matur\u00e9\u2026 mais pas pour <a href=\"https:\/\/www.20minutes.fr\/dossier\/kendji\" class=\"c-link c-link--is-underlined\" target=\"_blank\" rel=\"noopener\">le chanteur Kendji Girac<\/a>, dont la fulgurante carri\u00e8re et les \u00ab\u00a0accidents de vie\u00a0\u00bb sont \u00e9voqu\u00e9s dans Mi vida (\u00e9d. Flammarion), pr\u00e9sent\u00e9 comme un \u00ab\u00a0ouvrage confession\u00a0\u00bb par <a href=\"https:\/\/www.leparisien.fr\/culture-loisirs\/musique\/je-ne-sais-pas-pourquoi-je-ne-suis-pas-mort-kendji-girac-se-confie-comme-jamais-dans-son-livre-30-09-2025-SXVGR4RNKFFMRGVCUKIZMJHO5A.php\" rel=\"nofollow noopener\" target=\"_blank\" class=\"c-link c-link--is-underlined\">Le Parisien<\/a>, qui l\u2019a lu en avant-premi\u00e8re.<\/p>\n<\/p>\n<p>Ces m\u00e9moires, sorties ce mercredi 1er\u00a0octobre 2025, reviennent donc, en 25 chapitres, sur la vie d\u00e9j\u00e0 bien remplie de l\u2019un des <a href=\"https:\/\/www.20minutes.fr\/dossier\/chanteur\" class=\"c-link c-link--is-underlined\" target=\"_blank\" rel=\"noopener\">chanteurs<\/a> les plus populaires de France. D\u00e9couvert dans <a href=\"https:\/\/www.20minutes.fr\/television\/the-voice\/\" class=\"c-link c-link--is-underlined\" target=\"_blank\" rel=\"noopener\">The Voice<\/a> en\u00a02014, il a aussi r\u00e9v\u00e9l\u00e9 une part moins \u00ab\u00a0lisse\u00a0\u00bb de sa personnalit\u00e9 quand <a href=\"https:\/\/www.20minutes.fr\/societe\/4088340-20240425-kendji-girac-blesse-balle-poumon-perfore-suicide-simule-comment-porte-chanteur\" class=\"c-link c-link--is-underlined\" target=\"_blank\" rel=\"noopener\">il a fr\u00f4l\u00e9 la mort<\/a>, en avril\u00a02024.<\/p>\n<p class=\"mb-xxl@xs color-ultramarine font-weight-semi-bold@xs font-source-serif-pro heading-s@xs\">L\u2019acc\u00e8s \u00e0 ce contenu a \u00e9t\u00e9 bloqu\u00e9 afin de respecter votre choix de consentement<\/p>\n<p class=\"mb-m@xs text-l@xs\">En cliquant sur\u00ab J\u2019accepte \u00bb, vous acceptez le d\u00e9p\u00f4t de cookies par des services externes et aurez ainsi acc\u00e8s aux contenus de nos partenaires.<\/p>\n<p class=\"mb-xl@xs text-s@xs\">Plus d\u2019informations sur la page<a href=\"https:\/\/www.20minutes.fr\/gestion-cookies\" class=\"mx-xxs@xs color-ultramarine\" target=\"_blank\" rel=\"noopener\">Politique de gestion des cookies<\/a><\/p>\n<p>J\u2019accepte<\/p>\n<p>Avant d\u2019aborder ce douloureux \u00e9pisode, Kendji Girac raconte son enfance dans une <a href=\"https:\/\/www.20minutes.fr\/justice\/4088327-20240425-kendji-girac-blesse-balle-gitan-suicide-essentiel-enquete\" class=\"c-link c-link--is-underlined\" target=\"_blank\" rel=\"noopener\">communaut\u00e9 gitane<\/a> et les difficult\u00e9s scolaires qui en d\u00e9coulent\u00a0: \u00e0 son entr\u00e9e en 6e, il se dit \u00ab\u00a0pris par la honte\u00a0\u00bb en d\u00e9couvrant que les autres \u00e9l\u00e8ves \u00ab\u00a0lisent dans leur t\u00eate\u00a0\u00bb alors que lui \u00ab\u00a0d\u00e9chiffre en mot \u00e0 mot\u00a0\u00bb et ne sait \u00ab\u00a0pas vraiment \u00e9crire\u00a0\u00bb.<\/p>\n<p>Rong\u00e9 par de \u00ab\u00a0mauvaises habitudes\u00a0\u00bb<\/p>\n<p>Puis il revient sur son apprentissage de la <a href=\"https:\/\/www.20minutes.fr\/dossier\/guitare\" class=\"c-link c-link--is-underlined\" target=\"_blank\" rel=\"noopener\">guitare<\/a>, \u00e0 12 ans et en autodidacte, jouant \u00ab\u00a0des heures \u00e0 [s]\u2019en faire saigner les doigts\u00a0\u00bb et la folie d\u2019un succ\u00e8s survenu, d\u00e8s la fin de l\u2019adolescence, apr\u00e8s sa victoire dans la 3e \u00e9dition du <a href=\"https:\/\/www.20minutes.fr\/television\/telecrochet\/\" class=\"c-link c-link--is-underlined\" target=\"_blank\" rel=\"noopener\">t\u00e9l\u00e9crochet<\/a> de <a href=\"https:\/\/www.20minutes.fr\/dossier\/tf1\" class=\"c-link c-link--is-underlined\" target=\"_blank\" rel=\"noopener\">TF1<\/a>. S\u2019encha\u00eenent alors <a href=\"https:\/\/www.20minutes.fr\/culture\/album\/\" class=\"c-link c-link--is-underlined\" target=\"_blank\" rel=\"noopener\">albums<\/a>, <a href=\"https:\/\/www.20minutes.fr\/dossier\/tournee\" class=\"c-link c-link--is-underlined\" target=\"_blank\" rel=\"noopener\">tourn\u00e9es <\/a>et\u2026 le d\u00e9but de \u00ab\u00a0mauvaises habitudes\u00a0\u00bb, comme il nomme l\u2019<a href=\"https:\/\/www.20minutes.fr\/dossier\/alcoolisme\" class=\"c-link c-link--is-underlined\" target=\"_blank\" rel=\"noopener\">alcoolisme <\/a>qui l\u2019a alors rong\u00e9.<\/p>\n<p><a href=\"https:\/\/www.20minutes.fr\/dossier\/kendji\" class=\"c-link c-btn c-btn--primary\" target=\"_blank\" rel=\"noopener\">Notre dossier \u00ab Kendji Girac \u00bb<\/a><\/p>\n<p>Enfin, le chanteur relate <a href=\"https:\/\/www.20minutes.fr\/justice\/4088206-20240425-kendji-girac-blesse-balle-direct-procureur-donne-dernieres-infos-enquete\" class=\"c-link c-link--is-underlined\" target=\"_blank\" rel=\"noopener\">son simulacre de suicide<\/a>, \u00e0 la suite d\u2019une dispute avec sa compagne, qui \u00ab\u00a0tourne mal\u00a0\u00bb parce qu\u2019il ignorait que le pistolet qu\u2019il manipulait \u00e9tait charg\u00e9. \u00ab\u00a0Je ne sais pas pourquoi je ne suis pas mort\u00a0\u00bb, \u00e9crit Kendji Girac \u00e0 qui son <a href=\"https:\/\/www.20minutes.fr\/dossier\/chirurgie\" class=\"c-link c-link--is-underlined\" target=\"_blank\" rel=\"noopener\">chirurgien <\/a>a confi\u00e9 qu\u2019il avait \u00ab\u00a0une chance sur mille\u00a0\u00bb de ne pas y rester. Avant d\u2019assurer, en conclusion, qu\u2019il a depuis \u00ab\u00a0arr\u00eat\u00e9 tous [s]es exc\u00e8s\u00a0\u00bb.<\/p>\n","protected":false},"excerpt":{"rendered":"Sortir une autobiographie \u00e0 29 ans peut para\u00eetre pr\u00e9matur\u00e9\u2026 mais pas pour le chanteur Kendji Girac, dont la&hellip;\n","protected":false},"author":2,"featured_media":430852,"comment_status":"","ping_status":"","sticky":false,"template":"","format":"standard","meta":{"footnotes":""},"categories":[1355],"tags":[4826,5587,1695,5551,1696,58,59,1011,27,7780,1380,1361,873,973,6006,5748,22128,199,3074,4441,133],"class_list":{"0":"post-430851","1":"post","2":"type-post","3":"status-publish","4":"format-standard","5":"has-post-thumbnail","7":"category-musique","8":"tag-alcoolisme","9":"tag-autobiographie","10":"tag-chanson","11":"tag-chanson-francaise","12":"tag-chanteur","13":"tag-divertissement","14":"tag-entertainment","15":"tag-fr","16":"tag-france","17":"tag-kendji-girac","18":"tag-livres","19":"tag-music","20":"tag-musique","21":"tag-people","22":"tag-succes","23":"tag-suicide","24":"tag-tentative-de-suicide","25":"tag-tf1","26":"tag-the-voice","27":"tag-tournee","28":"tag-video"},"share_on_mastodon":{"url":"https:\/\/pubeurope.com\/@fr\/115298367302707378","error":""},"_links":{"self":[{"href":"https:\/\/www.europesays.com\/fr\/wp-json\/wp\/v2\/posts\/430851","targetHints":{"allow":["GET"]}}],"collection":[{"href":"https:\/\/www.europesays.com\/fr\/wp-json\/wp\/v2\/posts"}],"about":[{"href":"https:\/\/www.europesays.com\/fr\/wp-json\/wp\/v2\/types\/post"}],"author":[{"embeddable":true,"href":"https:\/\/www.europesays.com\/fr\/wp-json\/wp\/v2\/users\/2"}],"replies":[{"embeddable":true,"href":"https:\/\/www.europesays.com\/fr\/wp-json\/wp\/v2\/comments?post=430851"}],"version-history":[{"count":0,"href":"https:\/\/www.europesays.com\/fr\/wp-json\/wp\/v2\/posts\/430851\/revisions"}],"wp:featuredmedia":[{"embeddable":true,"href":"https:\/\/www.europesays.com\/fr\/wp-json\/wp\/v2\/media\/430852"}],"wp:attachment":[{"href":"https:\/\/www.europesays.com\/fr\/wp-json\/wp\/v2\/media?parent=430851"}],"wp:term":[{"taxonomy":"category","embeddable":true,"href":"https:\/\/www.europesays.com\/fr\/wp-json\/wp\/v2\/categories?post=430851"},{"taxonomy":"post_tag","embeddable":true,"href":"https:\/\/www.europesays.com\/fr\/wp-json\/wp\/v2\/tags?post=430851"}],"curies":[{"name":"wp","href":"https:\/\/api.w.org\/{rel}","templated":true}]}}