{"id":430875,"date":"2025-10-01T10:21:08","date_gmt":"2025-10-01T10:21:08","guid":{"rendered":"https:\/\/www.europesays.com\/fr\/430875\/"},"modified":"2025-10-01T10:21:08","modified_gmt":"2025-10-01T10:21:08","slug":"commander-ses-courses-sur-amazon-puis-se-faire-livrer-a-domicile-cest-desormais-possible-a-nancy","status":"publish","type":"post","link":"https:\/\/www.europesays.com\/fr\/430875\/","title":{"rendered":"Commander ses courses sur Amazon puis se faire livrer \u00e0 domicile : c&rsquo;est d\u00e9sormais possible\u00a0\u00e0\u00a0Nancy"},"content":{"rendered":"<p>            Par<br \/>\n        <strong><br \/>\n            <a href=\"https:\/\/actu.fr\/auteur\/pierre-emile-bouchy-actu-fr\" title=\"Consulter tous les articles de Paul-Emile Bouchy\" target=\"_blank\" rel=\"noopener\">Paul-Emile Bouchy<\/a><br \/>\n        <\/strong><\/p>\n<p>        Publi\u00e9 le<\/p>\n<p>            1 oct. 2025 \u00e0 12h15        <\/p>\n<p>Apr\u00e8s <a href=\"https:\/\/actu.fr\/grand-est\/strasbourg_67482\/strasbourg-amazon-lance-un-service-de-livraison-ultra-rapide-une-premiere-dans-le-grand-est_42843235.html\" target=\"_blank\" rel=\"noopener\">Strasbourg en 2021<\/a>, <a href=\"https:\/\/actu.fr\/tag\/amazon\" target=\"_blank\" rel=\"noopener\">Amazon<\/a> lance <strong>son service de livraison \u00e0 domicile pour faire ses courses<\/strong> \u00e0 <a href=\"https:\/\/actu.fr\/grand-est\/nancy_54395\" target=\"_blank\" rel=\"noopener\">Nancy<\/a> (Meurthe-et-Moselle).<\/p>\n<p class=\" wall-content\">En partenariat avec <strong>Monoprix<\/strong>, les clients peuvent <strong>commander parmi une s\u00e9lection de plus de 10\u2009000 r\u00e9f\u00e9rences<\/strong> sur Amazon.fr.<\/p>\n<p>Des produits du quotidien livr\u00e9s \u00e0 domicile \u00e0 Nancy<\/p>\n<p class=\" wall-content\">Comme le d\u00e9taille un communiqu\u00e9 de presse, cette s\u00e9lection comprend \u00ab\u2009des produits frais et surgel\u00e9s, d\u2019\u00e9picerie sucr\u00e9e et sal\u00e9e, d\u2019hygi\u00e8ne-beaut\u00e9 et d\u2019entretien, des articles pour b\u00e9b\u00e9, de cuisine et maison, de fournitures de bureau et papeterie, de bricolage et animalerie, des boissons, ainsi que les marques <a href=\"https:\/\/actu.fr\/tag\/monoprix\" target=\"_blank\" rel=\"noopener\">Monoprix<\/a>\u2009\u00bb.<\/p>\n<p class=\" wall-content\">Concernant la livraison \u00e0 domicile, elle est <strong>offerte \u00e0 partir de 60\u00a0euros d\u2019achats pour les membres Amazon Prime<\/strong> (hors frais de service de 2\u00a0euros) et <strong>\u00e0 partir de 150\u00a0euros pour les clients non-Prime<\/strong>.<\/p>\n<p class=\" wall-content\">Pour pouvoir commander, <strong>le panier doit \u00eatre d\u2019au moins 60\u00a0euros<\/strong>. La livraison se fait \u00e0 l\u2019horaire s\u00e9lectionn\u00e9 d\u00e8s le lendemain de la commande.<\/p>\n<p class=\" wall-content\">Personnalisez votre actualit\u00e9 en ajoutant vos villes et m\u00e9dias en favori avec <a href=\"https:\/\/moncompte.actu.fr\" title=\"D\u00e9couvez Mon Actu\" rel=\"nofollow noopener\" data-trk=\"{&quot;cta&quot;:{&quot;action&quot;:&quot;https:\\\/\\\/moncompte.actu.fr&quot;,&quot;category&quot;:&quot;mon compte&quot;,&quot;from&quot;:&quot;article footer&quot;,&quot;name&quot;:&quot;Mon actu&quot;,&quot;type&quot;:&quot;cta&quot;}}\" target=\"_blank\">Mon Actu<\/a>.<\/p>\n","protected":false},"excerpt":{"rendered":"Par Paul-Emile Bouchy Publi\u00e9 le 1 oct. 2025 \u00e0 12h15 Apr\u00e8s Strasbourg en 2021, Amazon lance son service&hellip;\n","protected":false},"author":2,"featured_media":430876,"comment_status":"","ping_status":"","sticky":false,"template":"","format":"standard","meta":{"footnotes":""},"categories":[9635],"tags":[1111,11,4239,215,33,1777,674,1011,27,775,34256,1702,12,25],"class_list":{"0":"post-430875","1":"post","2":"type-post","3":"status-publish","4":"format-standard","5":"has-post-thumbnail","7":"category-nancy","8":"tag-actu","9":"tag-actualites","10":"tag-amazon","11":"tag-commerce","12":"tag-economie","13":"tag-eu","14":"tag-europe","15":"tag-fr","16":"tag-france","17":"tag-grand-est","18":"tag-monoprix","19":"tag-nancy","20":"tag-news","21":"tag-republique-francaise"},"share_on_mastodon":{"url":"https:\/\/pubeurope.com\/@fr\/115298414460402630","error":""},"_links":{"self":[{"href":"https:\/\/www.europesays.com\/fr\/wp-json\/wp\/v2\/posts\/430875","targetHints":{"allow":["GET"]}}],"collection":[{"href":"https:\/\/www.europesays.com\/fr\/wp-json\/wp\/v2\/posts"}],"about":[{"href":"https:\/\/www.europesays.com\/fr\/wp-json\/wp\/v2\/types\/post"}],"author":[{"embeddable":true,"href":"https:\/\/www.europesays.com\/fr\/wp-json\/wp\/v2\/users\/2"}],"replies":[{"embeddable":true,"href":"https:\/\/www.europesays.com\/fr\/wp-json\/wp\/v2\/comments?post=430875"}],"version-history":[{"count":0,"href":"https:\/\/www.europesays.com\/fr\/wp-json\/wp\/v2\/posts\/430875\/revisions"}],"wp:featuredmedia":[{"embeddable":true,"href":"https:\/\/www.europesays.com\/fr\/wp-json\/wp\/v2\/media\/430876"}],"wp:attachment":[{"href":"https:\/\/www.europesays.com\/fr\/wp-json\/wp\/v2\/media?parent=430875"}],"wp:term":[{"taxonomy":"category","embeddable":true,"href":"https:\/\/www.europesays.com\/fr\/wp-json\/wp\/v2\/categories?post=430875"},{"taxonomy":"post_tag","embeddable":true,"href":"https:\/\/www.europesays.com\/fr\/wp-json\/wp\/v2\/tags?post=430875"}],"curies":[{"name":"wp","href":"https:\/\/api.w.org\/{rel}","templated":true}]}}