{"id":430877,"date":"2025-10-01T10:22:19","date_gmt":"2025-10-01T10:22:19","guid":{"rendered":"https:\/\/www.europesays.com\/fr\/430877\/"},"modified":"2025-10-01T10:22:19","modified_gmt":"2025-10-01T10:22:19","slug":"le-salon-studyrama-de-retour-au-centre-prouve-ce-samedi","status":"publish","type":"post","link":"https:\/\/www.europesays.com\/fr\/430877\/","title":{"rendered":"le salon Studyrama de retour au centre Prouv\u00e9 ce samedi"},"content":{"rendered":"<p>C\u2019est le grand \u00e9v\u00e9nement du d\u00e9but d\u2019ann\u00e9e scolaire. Le salon d\u2019orientation Studyrama, consacr\u00e9 aux \u00e9tudes sup\u00e9rieures et aux grandes \u00e9coles, est de retour au centre de congr\u00e8s Prouv\u00e9, avec une nouvelle \u00e9dition programm\u00e9e ce samedi 4\u00a0octobre, de 10\u00a0h \u00e0 17\u00a0h.<\/p>\n<p>Ouvert aux lyc\u00e9ens, \u00e9tudiants et leurs familles, <a href=\"https:\/\/www.estrepublicain.fr\/education\/2025\/01\/18\/les-lyceens-en-quete-d-informations-sur-les-etudes-post-bac-au-salon-studyrama\" target=\"_blank\" rel=\"noopener\">le salon rassemblera plus 60 \u00e9tablissements d\u2019enseignement sup\u00e9rieur<\/a> et permettra de d\u00e9couvrir 500 formations de bac \u00e0 bac +5, en initial ou en alternance, de fili\u00e8re longue ou courte. Tous les niveaux d\u2019\u00e9tudes y seront repr\u00e9sent\u00e9s (BTS, universit\u00e9, IUT, classes pr\u00e9paratoires, grandes \u00e9coles, arm\u00e9es, \u00e9coles sp\u00e9cialis\u00e9es, CFA,\u00a0etc.), pour offrir un large choix aux visiteurs en qu\u00eate de conseils pour leur avenir.<\/p>\n<p>Pour bien choisir leurs grandes \u00e9coles, les visiteurs pourront \u00e9changer avec des professeurs de l\u2019AHPEC (Association des professeurs de classes pr\u00e9pas \u00e9conomiques) et de l\u2019UPS (Union des professeurs de classes pr\u00e9pas scientifiques). Une opportunit\u00e9 pour tout savoir sur le programme des deux ann\u00e9es de classes pr\u00e9paratoires.<\/p>\n<p>Sur le salon, on retrouvera \u00e9videmment toutes <a href=\"https:\/\/www.estrepublicain.fr\/education\/2022\/10\/01\/une-porte-ouverte-sur-les-etudes-superieures\" target=\"_blank\" rel=\"noopener\">les grandes \u00e9coles<\/a> d\u2019ing\u00e9nieurs, de commerce et management de Nancy mais aussi d\u2019autres r\u00e9gions. Pour la premi\u00e8re fois, le salon comptera \u00e9galement la pr\u00e9sence de deux grandes \u00e9coles artistiques\u00a0: l\u2019\u00c9cole nationale sup\u00e9rieure d\u2019art et de design de Nancy (Ensad Nancy) ainsi que l\u2019\u00c9cole d\u2019architecture de Nancy.<\/p>\n<p>  Huit conf\u00e9rences th\u00e9matiques<\/p>\n<p>Un p\u00f4le sant\u00e9, avec les tutorats sant\u00e9 de l\u2019Universit\u00e9 de Lorraine, et un espace d\u2019orientation, avec les conseillers d\u2019orientation TonAvenir, figurent aussi parmi les passages oblig\u00e9s du salon.<\/p>\n<p>La journ\u00e9e d\u00e9di\u00e9e \u00e0 l\u2019orientation sera anim\u00e9e par huit conf\u00e9rences th\u00e9matiques \u00e0 partir de 10\u00a0h\u00a045\u00a0: \u00ab\u00a0Comment choisir son \u00e9cole de commerce\u00a0?\u00a0\u00bb, \u00ab\u00a0Les diff\u00e9rents crit\u00e8res pour choisir son \u00e9cole d\u2019ing\u00e9nieurs\u00a0\u00bb, \u00ab\u00a0Quels crit\u00e8res pour bien choisir son \u00e9cole de commerce\u00a0?\u00a0\u00bb, \u00ab\u00a0Comment choisir son \u00e9cole d\u2019ing\u00e9nieurs\u00a0?\u00a0\u00bb, \u00ab\u00a0Parcoursup\u00a0: mode d\u2019emploi\u00a0!\u00a0\u00bb, \u00ab\u00a0Comment acc\u00e9der aux \u00e9tudes de sant\u00e9 et r\u00e9ussir en Pass\/Las\u00a0?\u00a0\u00bb, \u00ab\u00a0Que faire quand je ne sais pas quoi faire\u00a0?\u00a0\u00bb et \u00ab\u00a0Comment bien pr\u00e9parer l\u2019entr\u00e9e en \u00e9cole d\u2019art publique\u00a0?\u00a0\u00bb.<\/p>\n<p>Comme \u00e0 chaque \u00e9dition, des milliers de lyc\u00e9ens et d\u2019\u00e9tudiants sont encore attendus ce samedi au centre Prouv\u00e9.<\/p>\n","protected":false},"excerpt":{"rendered":"C\u2019est le grand \u00e9v\u00e9nement du d\u00e9but d\u2019ann\u00e9e scolaire. Le salon d\u2019orientation Studyrama, consacr\u00e9 aux \u00e9tudes sup\u00e9rieures et aux&hellip;\n","protected":false},"author":2,"featured_media":430878,"comment_status":"","ping_status":"","sticky":false,"template":"","format":"standard","meta":{"footnotes":""},"categories":[9635],"tags":[1111,11,1704,1057,4854,1777,674,10961,1011,27,775,1702,1703,12,25],"class_list":{"0":"post-430877","1":"post","2":"type-post","3":"status-publish","4":"format-standard","5":"has-post-thumbnail","7":"category-nancy","8":"tag-actu","9":"tag-actualites","10":"tag-edition-nancy-et-agglomeration","11":"tag-education","12":"tag-enseignement-superieur","13":"tag-eu","14":"tag-europe","15":"tag-examen-diplome","16":"tag-fr","17":"tag-france","18":"tag-grand-est","19":"tag-nancy","20":"tag-nancy-ville-54b","21":"tag-news","22":"tag-republique-francaise"},"share_on_mastodon":{"url":"https:\/\/pubeurope.com\/@fr\/115298418297119188","error":""},"_links":{"self":[{"href":"https:\/\/www.europesays.com\/fr\/wp-json\/wp\/v2\/posts\/430877","targetHints":{"allow":["GET"]}}],"collection":[{"href":"https:\/\/www.europesays.com\/fr\/wp-json\/wp\/v2\/posts"}],"about":[{"href":"https:\/\/www.europesays.com\/fr\/wp-json\/wp\/v2\/types\/post"}],"author":[{"embeddable":true,"href":"https:\/\/www.europesays.com\/fr\/wp-json\/wp\/v2\/users\/2"}],"replies":[{"embeddable":true,"href":"https:\/\/www.europesays.com\/fr\/wp-json\/wp\/v2\/comments?post=430877"}],"version-history":[{"count":0,"href":"https:\/\/www.europesays.com\/fr\/wp-json\/wp\/v2\/posts\/430877\/revisions"}],"wp:featuredmedia":[{"embeddable":true,"href":"https:\/\/www.europesays.com\/fr\/wp-json\/wp\/v2\/media\/430878"}],"wp:attachment":[{"href":"https:\/\/www.europesays.com\/fr\/wp-json\/wp\/v2\/media?parent=430877"}],"wp:term":[{"taxonomy":"category","embeddable":true,"href":"https:\/\/www.europesays.com\/fr\/wp-json\/wp\/v2\/categories?post=430877"},{"taxonomy":"post_tag","embeddable":true,"href":"https:\/\/www.europesays.com\/fr\/wp-json\/wp\/v2\/tags?post=430877"}],"curies":[{"name":"wp","href":"https:\/\/api.w.org\/{rel}","templated":true}]}}