{"id":430883,"date":"2025-10-01T10:26:09","date_gmt":"2025-10-01T10:26:09","guid":{"rendered":"https:\/\/www.europesays.com\/fr\/430883\/"},"modified":"2025-10-01T10:26:09","modified_gmt":"2025-10-01T10:26:09","slug":"un-incendie-provoque-levacuation-du-showroom-bmw-de-lattes","status":"publish","type":"post","link":"https:\/\/www.europesays.com\/fr\/430883\/","title":{"rendered":"un incendie provoque l\u2019\u00e9vacuation du showroom BMW de Lattes"},"content":{"rendered":"<p>            Par<br \/>\n        <strong><br \/>\n            <a href=\"https:\/\/actu.fr\/auteur\/metropoop\" title=\"Consulter tous les articles de R\u00e9daction M\u00e9tropolitain\" rel=\"nofollow noopener\" target=\"_blank\">R\u00e9daction M\u00e9tropolitain<\/a><br \/>\n        <\/strong><\/p>\n<p>        Publi\u00e9 le<\/p>\n<p>            1 oct. 2025 \u00e0 12h13        <\/p>\n<p><strong>Ce mercredi 1er octobre 2025<\/strong>, les sapeurs-pompiers de l\u2019H\u00e9rault ont \u00e9t\u00e9 appel\u00e9s \u00e0 Lattes, route du pont de Guerre. Un d\u00e9gagement de fum\u00e9e a \u00e9t\u00e9 signal\u00e9 dans le showroom d\u2019une concession BMW.<\/p>\n<p>    <a href=\"https:\/\/www.google.com\/maps\/embed?pb=!1m18!1m12!1m3!1d2890.4804466083974!2d3.8706919764582994!3d43.575708071105765!2m3!1f0!2f0!3f0!3m2!1i1024!2i768!4f13.1!3m3!1m2!1s0x12b6afd7036ccb17%3A0xa4cd504bc7dd187!2sBMW%20Montpellier!5e0!3m2!1sen!2sfr!4v1759313582076!5m2!1sen!2sfr\" title=\"Ouvrie le lien\" rel=\"nofollow noopener\" target=\"_blank\">Cliquez ici pour visualiser le contenu<\/a><\/p>\n<p>Origine \u00e9lectrique du sinistre<\/p>\n<p class=\" wall-content\">Selon les secours, l\u2019incident est li\u00e9 \u00e0 l\u2019\u00e9clairage du showroom. Un d\u00e9part de feu d\u2019origine \u00e9lectrique a provoqu\u00e9 la fum\u00e9e. L\u2019alimentation \u00e9lectrique a \u00e9t\u00e9 coup\u00e9e, ce qui a suffi \u00e0 \u00e9teindre le feu. Le personnel de la concession a \u00e9vacu\u00e9 les locaux avant m\u00eame l\u2019arriv\u00e9e des pompiers. Les sapeurs-pompiers ont confirm\u00e9 que les effectifs mobilis\u00e9s sur place \u00e9taient suffisants pour s\u00e9curiser le site.<\/p>\n<p class=\" wall-content\">Personnalisez votre actualit\u00e9 en ajoutant vos villes et m\u00e9dias en favori avec <a href=\"https:\/\/moncompte.actu.fr\" title=\"D\u00e9couvez Mon Actu\" rel=\"nofollow noopener\" data-trk=\"{&quot;cta&quot;:{&quot;action&quot;:&quot;https:\\\/\\\/moncompte.actu.fr&quot;,&quot;category&quot;:&quot;mon compte&quot;,&quot;from&quot;:&quot;article footer&quot;,&quot;name&quot;:&quot;Mon actu&quot;,&quot;type&quot;:&quot;cta&quot;}}\" target=\"_blank\">Mon Actu<\/a>.<\/p>\n","protected":false},"excerpt":{"rendered":"Par R\u00e9daction M\u00e9tropolitain Publi\u00e9 le 1 oct. 2025 \u00e0 12h13 Ce mercredi 1er octobre 2025, les sapeurs-pompiers de&hellip;\n","protected":false},"author":2,"featured_media":430884,"comment_status":"","ping_status":"","sticky":false,"template":"","format":"standard","meta":{"footnotes":""},"categories":[9599],"tags":[1111,11,1777,674,118,1011,27,1310,2208,12,2680,1311,25],"class_list":{"0":"post-430883","1":"post","2":"type-post","3":"status-publish","4":"format-standard","5":"has-post-thumbnail","7":"category-montpellier","8":"tag-actu","9":"tag-actualites","10":"tag-eu","11":"tag-europe","12":"tag-faits-divers","13":"tag-fr","14":"tag-france","15":"tag-incendie","16":"tag-montpellier","17":"tag-news","18":"tag-occitanie","19":"tag-pompiers","20":"tag-republique-francaise"},"share_on_mastodon":{"url":"https:\/\/pubeurope.com\/@fr\/115298434037834448","error":""},"_links":{"self":[{"href":"https:\/\/www.europesays.com\/fr\/wp-json\/wp\/v2\/posts\/430883","targetHints":{"allow":["GET"]}}],"collection":[{"href":"https:\/\/www.europesays.com\/fr\/wp-json\/wp\/v2\/posts"}],"about":[{"href":"https:\/\/www.europesays.com\/fr\/wp-json\/wp\/v2\/types\/post"}],"author":[{"embeddable":true,"href":"https:\/\/www.europesays.com\/fr\/wp-json\/wp\/v2\/users\/2"}],"replies":[{"embeddable":true,"href":"https:\/\/www.europesays.com\/fr\/wp-json\/wp\/v2\/comments?post=430883"}],"version-history":[{"count":0,"href":"https:\/\/www.europesays.com\/fr\/wp-json\/wp\/v2\/posts\/430883\/revisions"}],"wp:featuredmedia":[{"embeddable":true,"href":"https:\/\/www.europesays.com\/fr\/wp-json\/wp\/v2\/media\/430884"}],"wp:attachment":[{"href":"https:\/\/www.europesays.com\/fr\/wp-json\/wp\/v2\/media?parent=430883"}],"wp:term":[{"taxonomy":"category","embeddable":true,"href":"https:\/\/www.europesays.com\/fr\/wp-json\/wp\/v2\/categories?post=430883"},{"taxonomy":"post_tag","embeddable":true,"href":"https:\/\/www.europesays.com\/fr\/wp-json\/wp\/v2\/tags?post=430883"}],"curies":[{"name":"wp","href":"https:\/\/api.w.org\/{rel}","templated":true}]}}